{"id":376332,"date":"2023-04-13T10:39:50","date_gmt":"2023-04-13T13:39:50","guid":{"rendered":"https:\/\/notinor.com\/jujuy\/?p=376332"},"modified":"2023-04-13T10:42:29","modified_gmt":"2023-04-13T13:42:29","slug":"ulises-bueno-se-retira-de-la-musica-por-sus-problemas-de-salud","status":"publish","type":"post","link":"https:\/\/notinor.com\/jujuy\/ulises-bueno-se-retira-de-la-musica-por-sus-problemas-de-salud\/","title":{"rendered":"Ulises Bueno se retira de la m\u00fasica por sus problemas de salud"},"content":{"rendered":"\n<p class=\"has-medium-font-size\"><strong><em>El cantante de cuarteto padece un cuadro de bronconeumopat\u00ed<\/em><\/strong>a <strong><em>aguda y debe guardar reposo<\/em><\/strong>.<\/p>\n\n\n<div class=\"wp-block-image\">\n<figure class=\"aligncenter size-large\"><img decoding=\"async\" loading=\"lazy\" width=\"679\" height=\"480\" src=\"https:\/\/notinor.com\/jujuy\/wp-content\/uploads\/2023\/04\/ulises-679x480.jpg\" alt=\"\" class=\"wp-image-376333\" srcset=\"https:\/\/notinor.com\/jujuy\/wp-content\/uploads\/2023\/04\/ulises-679x480.jpg 679w, https:\/\/notinor.com\/jujuy\/wp-content\/uploads\/2023\/04\/ulises-516x365.jpg 516w, https:\/\/notinor.com\/jujuy\/wp-content\/uploads\/2023\/04\/ulises-120x86.jpg 120w, https:\/\/notinor.com\/jujuy\/wp-content\/uploads\/2023\/04\/ulises.jpg 717w\" sizes=\"(max-width: 679px) 100vw, 679px\" \/><\/figure><\/div>\n\n\n<p><strong>El delicado estado salud del cantante de cuarteto Ulises Bueno lo alejar\u00e1 por tiempo indefinido de los escenarios<\/strong>, inform\u00f3 el hermano de Rodrigo en sus redes sociales. El artista padece de una bronconeumopat\u00eda aguda y recurri\u00f3 a sus redes sociales para hacer el anuncio.<\/p>\n\n\n\n<p>\u201cLuego de 23 a\u00f1os en la m\u00fasica les informamos que Ulises Bueno se alejar\u00e1 de los escenarios<strong> sin fecha de retorno, para priorizar su salud<\/strong>\u201c, expresa el escrito, que resalt\u00f3 que cumplir\u00e1n con los shows pactados y el cantante cordob\u00e9s se subir\u00e1 por \u00faltima vez el 13 de mayo al escenario.<\/p>\n\n\n\n<p><strong>Ulises brind\u00f3 una entrevista a un medio cordob\u00e9s y asegur\u00f3 que debe cuidarse para cumplir con su agenda<\/strong>.<\/p>\n\n\n\n<p><strong>\u201cEstoy evolucionando bien, mucho mejor<\/strong>. Fue algo que empez\u00f3 con dolor en el pecho, con una tos seca, y bueno como estamos acostumbrados a la noche y pasar un poco de fr\u00edo, no me preocup\u00e9 tanto, pero el martes ya empez\u00f3 m\u00e1s fuerte y tuvimos que llamar al doctor\u201d, explic\u00f3.<\/p>\n\n\n<div class=\"wp-block-image\">\n<figure class=\"aligncenter size-full\"><img decoding=\"async\" loading=\"lazy\" width=\"522\" height=\"472\" src=\"https:\/\/notinor.com\/jujuy\/wp-content\/uploads\/2023\/04\/ulises-1.jpg\" alt=\"\" class=\"wp-image-376334\" srcset=\"https:\/\/notinor.com\/jujuy\/wp-content\/uploads\/2023\/04\/ulises-1.jpg 522w, https:\/\/notinor.com\/jujuy\/wp-content\/uploads\/2023\/04\/ulises-1-404x365.jpg 404w\" sizes=\"(max-width: 522px) 100vw, 522px\" \/><\/figure><\/div>","protected":false},"excerpt":{"rendered":"<p>El cantante de cuarteto padece un cuadro de bronconeumopat\u00eda aguda y debe guardar reposo. El delicado estado salud del cantante de cuarteto Ulises Bueno lo alejar\u00e1 por tiempo indefinido de los escenarios, inform\u00f3 el hermano de Rodrigo en sus redes sociales. El artista padece de una bronconeumopat\u00eda aguda y recurri\u00f3 a sus redes sociales para [&hellip;]<\/p>\n","protected":false},"author":5,"featured_media":376333,"comment_status":"open","ping_status":"open","sticky":false,"template":"","format":"standard","meta":{"_stopmodifiedupdate":false,"_modified_date":"","inline_featured_image":false,"spay_email":"","jetpack_publicize_message":""},"categories":[21],"tags":[],"jetpack_featured_media_url":"https:\/\/notinor.com\/jujuy\/wp-content\/uploads\/2023\/04\/ulises.jpg","jetpack_publicize_connections":[],"_links":{"self":[{"href":"https:\/\/notinor.com\/jujuy\/wp-json\/wp\/v2\/posts\/376332"}],"collection":[{"href":"https:\/\/notinor.com\/jujuy\/wp-json\/wp\/v2\/posts"}],"about":[{"href":"https:\/\/notinor.com\/jujuy\/wp-json\/wp\/v2\/types\/post"}],"author":[{"embeddable":true,"href":"https:\/\/notinor.com\/jujuy\/wp-json\/wp\/v2\/users\/5"}],"replies":[{"embeddable":true,"href":"https:\/\/notinor.com\/jujuy\/wp-json\/wp\/v2\/comments?post=376332"}],"version-history":[{"count":2,"href":"https:\/\/notinor.com\/jujuy\/wp-json\/wp\/v2\/posts\/376332\/revisions"}],"predecessor-version":[{"id":376336,"href":"https:\/\/notinor.com\/jujuy\/wp-json\/wp\/v2\/posts\/376332\/revisions\/376336"}],"wp:featuredmedia":[{"embeddable":true,"href":"https:\/\/notinor.com\/jujuy\/wp-json\/wp\/v2\/media\/376333"}],"wp:attachment":[{"href":"https:\/\/notinor.com\/jujuy\/wp-json\/wp\/v2\/media?parent=376332"}],"wp:term":[{"taxonomy":"category","embeddable":true,"href":"https:\/\/notinor.com\/jujuy\/wp-json\/wp\/v2\/categories?post=376332"},{"taxonomy":"post_tag","embeddable":true,"href":"https:\/\/notinor.com\/jujuy\/wp-json\/wp\/v2\/tags?post=376332"}],"curies":[{"name":"wp","href":"https:\/\/api.w.org\/{rel}","templated":true}]}}