{"id":376024,"date":"2023-04-10T10:37:57","date_gmt":"2023-04-10T13:37:57","guid":{"rendered":"https:\/\/notinor.com\/jujuy\/?p=376024"},"modified":"2023-04-10T10:38:02","modified_gmt":"2023-04-10T13:38:02","slug":"el-palacio-de-buckingham-revelo-nuevos-detalles-de-la-ceremonia-de-coronacion-del-rey-carlos-iii","status":"publish","type":"post","link":"https:\/\/notinor.com\/jujuy\/el-palacio-de-buckingham-revelo-nuevos-detalles-de-la-ceremonia-de-coronacion-del-rey-carlos-iii\/","title":{"rendered":"El Palacio de Buckingham revel\u00f3 nuevos detalles de la ceremonia de coronaci\u00f3n del rey Carlos III"},"content":{"rendered":"\n<p class=\"has-medium-font-size\"><strong><em>A pedido del nuevo soberano la Casa Real ajust\u00f3 algunos protocolos. Tambi\u00e9n fue creado un emoji especial para la fecha<\/em><\/strong><\/p>\n\n\n\n<p><\/p>\n\n\n<div class=\"wp-block-image\">\n<figure class=\"aligncenter size-large\"><img decoding=\"async\" loading=\"lazy\" width=\"720\" height=\"480\" src=\"https:\/\/notinor.com\/jujuy\/wp-content\/uploads\/2023\/04\/image-104-720x480.png\" alt=\"\" class=\"wp-image-376025\" srcset=\"https:\/\/notinor.com\/jujuy\/wp-content\/uploads\/2023\/04\/image-104-720x480.png 720w, https:\/\/notinor.com\/jujuy\/wp-content\/uploads\/2023\/04\/image-104-548x365.png 548w, https:\/\/notinor.com\/jujuy\/wp-content\/uploads\/2023\/04\/image-104-750x500.png 750w, https:\/\/notinor.com\/jujuy\/wp-content\/uploads\/2023\/04\/image-104.png 768w\" sizes=\"(max-width: 720px) 100vw, 720px\" \/><\/figure><\/div>\n\n\n<p><\/p>\n\n\n\n<p>El&nbsp;<strong>Rey Carlos III&nbsp;<\/strong>planea tomar un atajo y un viaje m\u00e1s suave a la&nbsp;<strong>Abad\u00eda de Westminster&nbsp;<\/strong>para su coronaci\u00f3n, recortando la ruta de la procesi\u00f3n que su madre tom\u00f3 en&nbsp;<strong>1953<\/strong>, ya que<strong>&nbsp;aspira a un evento m\u00e1s modesto<\/strong>&nbsp;que incluir\u00e1 algunos toques modernos, dijo el domingo el&nbsp;<strong>Palacio de Buckingham.<\/strong><\/p>\n\n\n\n<p>La discreta ceremonia del 6 de mayo seguir\u00e1 estando impregnada de antiguas tradiciones y adornada con los ornamentos reales de las<strong>\u00a0Joyas de la Corona<\/strong>, pero tambi\u00e9n contar\u00e1 con su<strong>\u00a0propio emoji<\/strong>, reflejo de la primera coronaci\u00f3n brit\u00e1nica de la era de las redes sociales. La de la reina<strong>\u00a0Isabel II<\/strong>\u00a0fue la primera coronaci\u00f3n televisada hace 70 a\u00f1os.<\/p>\n\n\n\n<p>Rompiendo con la tradici\u00f3n, Carlos y Camilla, la reina consorte, saldr\u00e1n del palacio de Buckingham en la carroza de Estado del Jubileo de Diamante, de color negro dorado, tirada por caballos y construida para el 60 aniversario de Isabel. Dispone de calefacci\u00f3n, aire acondicionado, elevalunas el\u00e9ctricos y un sistema de suspensi\u00f3n que har\u00e1 que el viaje sea m\u00e1s c\u00f3modo que el de su madre durante su entronizaci\u00f3n.<\/p>\n\n\n\n<p>El recorrido, de 2 kil\u00f3metros, es algo m\u00e1s corto que el que hizo Isabel hasta la iglesia real. La procesi\u00f3n pasar\u00e1 por\u00a0<strong>Admiralty Arch<\/strong>, por<strong>\u00a0Trafalgar Square<\/strong>\u00a0y una estatua de<strong>\u00a0Carlos I<\/strong>, el monarca decapitado en 1649, y por las c\u00e1maras del\u00a0<strong>Parlamento\u00a0<\/strong>antes de llegar al servicio religioso de las 11 de la ma\u00f1ana.<\/p>\n\n\n\n<p><\/p>\n\n\n<div class=\"wp-block-image\">\n<figure class=\"aligncenter size-large\"><img decoding=\"async\" loading=\"lazy\" width=\"720\" height=\"480\" src=\"https:\/\/notinor.com\/jujuy\/wp-content\/uploads\/2023\/04\/image-105-720x480.png\" alt=\"\" class=\"wp-image-376026\" srcset=\"https:\/\/notinor.com\/jujuy\/wp-content\/uploads\/2023\/04\/image-105-720x480.png 720w, https:\/\/notinor.com\/jujuy\/wp-content\/uploads\/2023\/04\/image-105-548x365.png 548w, https:\/\/notinor.com\/jujuy\/wp-content\/uploads\/2023\/04\/image-105-750x500.png 750w, https:\/\/notinor.com\/jujuy\/wp-content\/uploads\/2023\/04\/image-105.png 768w\" sizes=\"(max-width: 720px) 100vw, 720px\" \/><\/figure><\/div>\n\n\n<p><\/p>\n\n\n\n<p>Aunque Carlos quiere demostrar que la monarqu\u00eda sigue siendo relevante en la&nbsp;<strong>Gran Breta\u00f1a<\/strong>&nbsp;moderna y multicultural, ha dicho que planea adelgazar la instituci\u00f3n. Se espera que la coronaci\u00f3n lo refleje con una ceremonia m\u00e1s corta y menos extravagante que el servicio de tres horas con el que se instaur\u00f3 a Isabel II.<\/p>\n\n\n\n<p>No obstante, la coronaci\u00f3n de Carlos y Camilla&nbsp;<strong>incluir\u00e1 gran parte de los valiosos ornamentos utilizados durante siglos,&nbsp;<\/strong>como cinco espadas simb\u00f3licas, dos cetros y el&nbsp;<strong>Anillo del Soberano<\/strong>, de zafiro con una cruz de rub\u00ed engastada con diamantes.<\/p>\n\n\n\n<p>Camilla, que llevar\u00e1 la Corona de la Reina Mar\u00eda, sostendr\u00e1 un controvertido cetro de marfil. Gran Breta\u00f1a tiene una prohibici\u00f3n casi total de comerciar con productos de marfil de elefante y el&nbsp;<strong>Pr\u00edncipe Guillermo<\/strong>, heredero al trono, ha hecho campa\u00f1a contra el tr\u00e1fico ilegal de partes de animales.<\/p>\n\n\n\n<p>Durante la solemne ceremonia dirigida por&nbsp;<strong>Justin Welby<\/strong>, arzobispo de&nbsp;<strong>Canterbury<\/strong>, Carlos ser\u00e1 coronado rey con la&nbsp;<strong>Corona de San Eduardo<\/strong>, la pieza central de las Joyas de la Corona que cada a\u00f1o contemplan millones de personas en la Torre de Londres.<\/p>\n\n\n\n<p>La corona, en la que se inspira el\u00a0<strong>emoji de la coronaci\u00f3n<\/strong>, tiene una montura de oro macizo de 2,2 kilos engastada con rub\u00edes, amatistas, zafiros, granates, topacios y turmalinas, y lleva un casquete de terciopelo p\u00farpura y una banda de armi\u00f1o. Lo llev\u00f3 Isabel durante su coronaci\u00f3n y ha sido reajustado para su hijo.<\/p>\n\n\n\n<p><\/p>\n\n\n<div class=\"wp-block-image\">\n<figure class=\"aligncenter size-large\"><img decoding=\"async\" loading=\"lazy\" width=\"480\" height=\"480\" src=\"https:\/\/notinor.com\/jujuy\/wp-content\/uploads\/2023\/04\/image-106-480x480.png\" alt=\"\" class=\"wp-image-376027\" srcset=\"https:\/\/notinor.com\/jujuy\/wp-content\/uploads\/2023\/04\/image-106-480x480.png 480w, https:\/\/notinor.com\/jujuy\/wp-content\/uploads\/2023\/04\/image-106-365x365.png 365w, https:\/\/notinor.com\/jujuy\/wp-content\/uploads\/2023\/04\/image-106-75x75.png 75w, https:\/\/notinor.com\/jujuy\/wp-content\/uploads\/2023\/04\/image-106-750x750.png 750w, https:\/\/notinor.com\/jujuy\/wp-content\/uploads\/2023\/04\/image-106.png 768w\" sizes=\"(max-width: 480px) 100vw, 480px\" \/><\/figure><\/div>\n\n\n<p>Al final de la ceremonia, Carlos cambiar\u00e1 a la Corona Imperial de Estado, m\u00e1s ligera, para la procesi\u00f3n de regreso al palacio.<\/p>\n\n\n\n<p>A diferencia del recorrido de 8 kil\u00f3metros que Isabel y su marido, el pr\u00edncipe Felipe, hicieron por Londres en 1953, Carlos y Camilla regresar\u00e1n por donde vinieron, pero en un carruaje de 260 a\u00f1os de antig\u00fcedad utilizado en todas las coronaciones desde la de Guillermo IV en 1831.<\/p>\n\n\n\n<p>El<strong>&nbsp;Gold State Coach<\/strong>, que pesa 4.000 kilos y es tirado por ocho caballos, es conocido por su dureza.<\/p>\n\n\n\n<p>Isabel lo describi\u00f3 como \u201chorrible\u201d, la Reina Victoria se quej\u00f3 de su \u201cangustiosa oscilaci\u00f3n\u201d y Guillermo IV -conocido como el Rey Marinero- dijo que era como \u201cestar a bordo de un barco zarande\u00e1ndose en un mar embravecido\u201d.<\/p>\n\n\n\n<p>\u201cCuando lo sigues, puedes o\u00edrlo crujir y suena como un viejo gale\u00f3n en marcha\u201d, dice Martin Oates, que ayud\u00f3 a restaurarlo y va detr\u00e1s como frenador. \u201cNo es exactamente una lavadora, pero mientras otros veh\u00edculos van de atr\u00e1s hacia delante, \u00e9ste se mueve de lado a lado\u201d.<\/p>\n\n\n\n<p>La carroza dorada es tan pesada que s\u00f3lo puede desplazarse a paso de hombre. De este modo, la gente tendr\u00e1 m\u00e1s tiempo para ver a los reci\u00e9n coronados.<\/p>\n\n\n\n<p>Las tropas militares en desfile saludar\u00e1n a los reyes en los jardines del palacio de Buckingham, seguidos de tres hurras por parte de los miembros del servicio.<\/p>\n\n\n\n<p><\/p>\n\n\n<div class=\"wp-block-image\">\n<figure class=\"aligncenter size-large\"><img decoding=\"async\" loading=\"lazy\" width=\"720\" height=\"480\" src=\"https:\/\/notinor.com\/jujuy\/wp-content\/uploads\/2023\/04\/image-107-720x480.png\" alt=\"\" class=\"wp-image-376030\" srcset=\"https:\/\/notinor.com\/jujuy\/wp-content\/uploads\/2023\/04\/image-107-720x480.png 720w, https:\/\/notinor.com\/jujuy\/wp-content\/uploads\/2023\/04\/image-107-548x365.png 548w, https:\/\/notinor.com\/jujuy\/wp-content\/uploads\/2023\/04\/image-107-750x500.png 750w, https:\/\/notinor.com\/jujuy\/wp-content\/uploads\/2023\/04\/image-107.png 768w\" sizes=\"(max-width: 720px) 100vw, 720px\" \/><\/figure><\/div>","protected":false},"excerpt":{"rendered":"<p>A pedido del nuevo soberano la Casa Real ajust\u00f3 algunos protocolos. Tambi\u00e9n fue creado un emoji especial para la fecha El&nbsp;Rey Carlos III&nbsp;planea tomar un atajo y un viaje m\u00e1s suave a la&nbsp;Abad\u00eda de Westminster&nbsp;para su coronaci\u00f3n, recortando la ruta de la procesi\u00f3n que su madre tom\u00f3 en&nbsp;1953, ya que&nbsp;aspira a un evento m\u00e1s modesto&nbsp;que [&hellip;]<\/p>\n","protected":false},"author":37,"featured_media":376025,"comment_status":"open","ping_status":"open","sticky":false,"template":"","format":"standard","meta":{"_stopmodifiedupdate":false,"_modified_date":"","inline_featured_image":false,"spay_email":"","jetpack_publicize_message":""},"categories":[6],"tags":[],"jetpack_featured_media_url":"https:\/\/notinor.com\/jujuy\/wp-content\/uploads\/2023\/04\/image-104.png","jetpack_publicize_connections":[],"_links":{"self":[{"href":"https:\/\/notinor.com\/jujuy\/wp-json\/wp\/v2\/posts\/376024"}],"collection":[{"href":"https:\/\/notinor.com\/jujuy\/wp-json\/wp\/v2\/posts"}],"about":[{"href":"https:\/\/notinor.com\/jujuy\/wp-json\/wp\/v2\/types\/post"}],"author":[{"embeddable":true,"href":"https:\/\/notinor.com\/jujuy\/wp-json\/wp\/v2\/users\/37"}],"replies":[{"embeddable":true,"href":"https:\/\/notinor.com\/jujuy\/wp-json\/wp\/v2\/comments?post=376024"}],"version-history":[{"count":1,"href":"https:\/\/notinor.com\/jujuy\/wp-json\/wp\/v2\/posts\/376024\/revisions"}],"predecessor-version":[{"id":376031,"href":"https:\/\/notinor.com\/jujuy\/wp-json\/wp\/v2\/posts\/376024\/revisions\/376031"}],"wp:featuredmedia":[{"embeddable":true,"href":"https:\/\/notinor.com\/jujuy\/wp-json\/wp\/v2\/media\/376025"}],"wp:attachment":[{"href":"https:\/\/notinor.com\/jujuy\/wp-json\/wp\/v2\/media?parent=376024"}],"wp:term":[{"taxonomy":"category","embeddable":true,"href":"https:\/\/notinor.com\/jujuy\/wp-json\/wp\/v2\/categories?post=376024"},{"taxonomy":"post_tag","embeddable":true,"href":"https:\/\/notinor.com\/jujuy\/wp-json\/wp\/v2\/tags?post=376024"}],"curies":[{"name":"wp","href":"https:\/\/api.w.org\/{rel}","templated":true}]}}