{"id":375273,"date":"2023-04-03T12:46:42","date_gmt":"2023-04-03T15:46:42","guid":{"rendered":"https:\/\/notinor.com\/jujuy\/?p=375273"},"modified":"2023-04-03T12:46:47","modified_gmt":"2023-04-03T15:46:47","slug":"sergio-berni-fue-agredido-por-colectiveros-que-reclaman-por-el-crimen-de-un-companero","status":"publish","type":"post","link":"https:\/\/notinor.com\/jujuy\/sergio-berni-fue-agredido-por-colectiveros-que-reclaman-por-el-crimen-de-un-companero\/","title":{"rendered":"Sergio Berni fue agredido por colectiveros que reclaman por el crimen de un compa\u00f1ero"},"content":{"rendered":"\n<p class=\"has-medium-font-size\"><strong><em>El ministro de Seguridad bonaerense, Sergio Berni, fue agredido este lunes por la ma\u00f1ana al arribar a la protesta que un grupo de choferes de colectivos realizaba en la localidad de Lomas de Mirador, partido de la Matanza, con motivo del crimen del colectivero Daniel Barrientos, asesinado esta madrugada en un asalto.<\/em><\/strong><\/p>\n\n\n<div class=\"wp-block-image\">\n<figure class=\"aligncenter size-full\"><img decoding=\"async\" loading=\"lazy\" width=\"776\" height=\"301\" src=\"https:\/\/notinor.com\/jujuy\/wp-content\/uploads\/2023\/04\/BERNI-1.jpg\" alt=\"\" class=\"wp-image-375275\" srcset=\"https:\/\/notinor.com\/jujuy\/wp-content\/uploads\/2023\/04\/BERNI-1.jpg 776w, https:\/\/notinor.com\/jujuy\/wp-content\/uploads\/2023\/04\/BERNI-1-660x256.jpg 660w, https:\/\/notinor.com\/jujuy\/wp-content\/uploads\/2023\/04\/BERNI-1-768x298.jpg 768w, https:\/\/notinor.com\/jujuy\/wp-content\/uploads\/2023\/04\/BERNI-1-750x291.jpg 750w\" sizes=\"(max-width: 776px) 100vw, 776px\" \/><\/figure><\/div>\n\n\n<p><strong>Berni fue agredido a palazos, piedrazos y golpes de pu\u00f1o por los manifestantes<\/strong> que se concentraban en el cruce de de la avenida Juan Manuel de Rosas y General Paz, donde los compa\u00f1eros de del colectivero asesinado realizaban un corte de tr\u00e1nsito en reclamo de justicia.<\/p>\n\n\n\n<p><strong>El funcionario, que result\u00f3 con una herida cortante en el rostro<\/strong>, qued\u00f3 acorralado contra una pared, protegido por un cord\u00f3n de polic\u00edas de la Ciudad de Buenos Aires. Luego fue retirado del lugar, fuertemente custodiado.<\/p>\n\n\n\n<p><strong>Daniel Barrientos (65), un chofer de la l\u00ednea 620 de colectivos que estaba a punto de jubilarse fue asesinado este lunes de un tiro en el pecho por delincuentes que subieron a robarle a los pasajeros<\/strong> y que, antes de huir, se tirotearon con un efectivo de la Polic\u00eda de la Ciudad que viajaba a bordo, en la localidad de Virrey del Pino, partido de La Matanza.<\/p>\n\n\n\n<p><strong>A ra\u00edz del crimen, los colectiveros de la empresa Nuevo Ideal S.A<\/strong>., que tiene entre sus l\u00edneas a las 620, <strong>iniciaron un paro de actividades en reclamo de seguridad<\/strong>, al que se plegaron trabajadores de al menos otras 85 l\u00edneas, que realizaban cortes en la avenida General Paz, a altura de Lomas del Mirador, y en la ruta 3, en Virrey del Pino, ambos de La Matanza. En ese lugar fue agredido Berni.<\/p>\n","protected":false},"excerpt":{"rendered":"<p>El ministro de Seguridad bonaerense, Sergio Berni, fue agredido este lunes por la ma\u00f1ana al arribar a la protesta que un grupo de choferes de colectivos realizaba en la localidad de Lomas de Mirador, partido de la Matanza, con motivo del crimen del colectivero Daniel Barrientos, asesinado esta madrugada en un asalto. Berni fue agredido [&hellip;]<\/p>\n","protected":false},"author":5,"featured_media":375274,"comment_status":"open","ping_status":"open","sticky":false,"template":"","format":"standard","meta":{"_stopmodifiedupdate":false,"_modified_date":"","inline_featured_image":false,"spay_email":"","jetpack_publicize_message":""},"categories":[5],"tags":[],"jetpack_featured_media_url":"https:\/\/notinor.com\/jujuy\/wp-content\/uploads\/2023\/04\/BERNI.jpg","jetpack_publicize_connections":[],"_links":{"self":[{"href":"https:\/\/notinor.com\/jujuy\/wp-json\/wp\/v2\/posts\/375273"}],"collection":[{"href":"https:\/\/notinor.com\/jujuy\/wp-json\/wp\/v2\/posts"}],"about":[{"href":"https:\/\/notinor.com\/jujuy\/wp-json\/wp\/v2\/types\/post"}],"author":[{"embeddable":true,"href":"https:\/\/notinor.com\/jujuy\/wp-json\/wp\/v2\/users\/5"}],"replies":[{"embeddable":true,"href":"https:\/\/notinor.com\/jujuy\/wp-json\/wp\/v2\/comments?post=375273"}],"version-history":[{"count":1,"href":"https:\/\/notinor.com\/jujuy\/wp-json\/wp\/v2\/posts\/375273\/revisions"}],"predecessor-version":[{"id":375276,"href":"https:\/\/notinor.com\/jujuy\/wp-json\/wp\/v2\/posts\/375273\/revisions\/375276"}],"wp:featuredmedia":[{"embeddable":true,"href":"https:\/\/notinor.com\/jujuy\/wp-json\/wp\/v2\/media\/375274"}],"wp:attachment":[{"href":"https:\/\/notinor.com\/jujuy\/wp-json\/wp\/v2\/media?parent=375273"}],"wp:term":[{"taxonomy":"category","embeddable":true,"href":"https:\/\/notinor.com\/jujuy\/wp-json\/wp\/v2\/categories?post=375273"},{"taxonomy":"post_tag","embeddable":true,"href":"https:\/\/notinor.com\/jujuy\/wp-json\/wp\/v2\/tags?post=375273"}],"curies":[{"name":"wp","href":"https:\/\/api.w.org\/{rel}","templated":true}]}}