{"id":375237,"date":"2023-04-02T20:53:00","date_gmt":"2023-04-02T23:53:00","guid":{"rendered":"https:\/\/notinor.com\/jujuy\/?p=375237"},"modified":"2023-04-02T08:53:36","modified_gmt":"2023-04-02T08:53:36","slug":"el-intendente-jorge-rindio-homenaje-a-veteranos-y-caidos-en-malvinas","status":"publish","type":"post","link":"https:\/\/notinor.com\/jujuy\/el-intendente-jorge-rindio-homenaje-a-veteranos-y-caidos-en-malvinas\/","title":{"rendered":"El intendente Jorge rindi\u00f3 homenaje a Veteranos y Ca\u00eddos en Malvinas"},"content":{"rendered":"\n<p class=\"has-medium-font-size\"><strong><em>Este domingo el intendente de San Salvador de Jujuy, Ra\u00fal \u201cChuli\u201d Jorge, particip\u00f3 de los actos centrales por el D\u00eda del Veterano y los Ca\u00eddos en la Guerra de Malvinas, y de la inauguraci\u00f3n del Memorial de los Ca\u00eddos, que tuvieron lugar en inmediaciones del Complejo Ministerial de Educaci\u00f3n sito en el barrio que lleva el nombre de las islas reivindicadas por nuestro pa\u00eds.<\/em><\/strong><\/p>\n\n\n<div class=\"wp-block-image\">\n<figure class=\"aligncenter size-large\"><img decoding=\"async\" loading=\"lazy\" width=\"723\" height=\"480\" src=\"https:\/\/notinor.com\/jujuy\/wp-content\/uploads\/2023\/04\/HOMENAJE-1-723x480.jpg\" alt=\"\" class=\"wp-image-375239\" srcset=\"https:\/\/notinor.com\/jujuy\/wp-content\/uploads\/2023\/04\/HOMENAJE-1-723x480.jpg 723w, https:\/\/notinor.com\/jujuy\/wp-content\/uploads\/2023\/04\/HOMENAJE-1-550x365.jpg 550w, https:\/\/notinor.com\/jujuy\/wp-content\/uploads\/2023\/04\/HOMENAJE-1-768x510.jpg 768w, https:\/\/notinor.com\/jujuy\/wp-content\/uploads\/2023\/04\/HOMENAJE-1-750x498.jpg 750w, https:\/\/notinor.com\/jujuy\/wp-content\/uploads\/2023\/04\/HOMENAJE-1.jpg 1024w\" sizes=\"(max-width: 723px) 100vw, 723px\" \/><\/figure><\/div>\n\n\n<p>Luego del tradicional corte de cintas que dej\u00f3 inaugurado un nuevo espacio verde que contiene un imponente monumento, y de los protocolos de rigor,&nbsp;<strong>el intendente particip\u00f3 el descubrimiento del cenotafio&nbsp;<\/strong>que lleva plasmados los nombres de los 649 argentinos que ofrendaron sus vidas por la Patria en aquella conflagraci\u00f3n de 1982, y&nbsp;<strong>resaltados los nombres de los 15 juje\u00f1os pertenecientes a la Armada y Ej\u00e9rcito Argentino<\/strong>.&nbsp; Tambi\u00e9n hizo entrega de medallas honor\u00edficas a los veteranos.&nbsp;<\/p>\n\n\n<div class=\"wp-block-image\">\n<figure class=\"aligncenter size-large\"><img decoding=\"async\" loading=\"lazy\" width=\"710\" height=\"480\" src=\"https:\/\/notinor.com\/jujuy\/wp-content\/uploads\/2023\/04\/HOMENAJE-2-710x480.jpg\" alt=\"\" class=\"wp-image-375240\" srcset=\"https:\/\/notinor.com\/jujuy\/wp-content\/uploads\/2023\/04\/HOMENAJE-2-710x480.jpg 710w, https:\/\/notinor.com\/jujuy\/wp-content\/uploads\/2023\/04\/HOMENAJE-2-540x365.jpg 540w, https:\/\/notinor.com\/jujuy\/wp-content\/uploads\/2023\/04\/HOMENAJE-2-768x519.jpg 768w, https:\/\/notinor.com\/jujuy\/wp-content\/uploads\/2023\/04\/HOMENAJE-2-750x507.jpg 750w, https:\/\/notinor.com\/jujuy\/wp-content\/uploads\/2023\/04\/HOMENAJE-2.jpg 1024w\" sizes=\"(max-width: 710px) 100vw, 710px\" \/><\/figure><\/div>\n\n\n<p>Despu\u00e9s de las alocuciones alusivas pronunciadas por el VGM Paulino Guanuco, el secretario de Seguridad de la Provincia, Diego Rotela, y el ministro de Infraestructura, Carlos Stanic, el ejecutivo municipal y dem\u00e1s autoridades c\u00edvicas, militares y policiales presentes, se trasladaron a presenciar el desfile c\u00edvico-militar que tuvo lugar sobre avenida 10 de Junio.<\/p>\n\n\n<div class=\"wp-block-image\">\n<figure class=\"aligncenter size-large is-resized\"><img decoding=\"async\" loading=\"lazy\" src=\"https:\/\/notinor.com\/jujuy\/wp-content\/uploads\/2023\/04\/HOMENAJE-3-746x480.jpg\" alt=\"\" class=\"wp-image-375241\" width=\"716\" height=\"461\" srcset=\"https:\/\/notinor.com\/jujuy\/wp-content\/uploads\/2023\/04\/HOMENAJE-3-746x480.jpg 746w, https:\/\/notinor.com\/jujuy\/wp-content\/uploads\/2023\/04\/HOMENAJE-3-567x365.jpg 567w, https:\/\/notinor.com\/jujuy\/wp-content\/uploads\/2023\/04\/HOMENAJE-3-768x494.jpg 768w, https:\/\/notinor.com\/jujuy\/wp-content\/uploads\/2023\/04\/HOMENAJE-3-750x483.jpg 750w, https:\/\/notinor.com\/jujuy\/wp-content\/uploads\/2023\/04\/HOMENAJE-3.jpg 1024w\" sizes=\"(max-width: 716px) 100vw, 716px\" \/><\/figure><\/div>\n\n\n<p>Al t\u00e9rmino de estos actos, el intendente capitalino manifest\u00f3,&nbsp;<em>\u201cen una fecha tan importante&nbsp;<strong>rendimos un merecido homenaje inaugurando la Plaza a los Ca\u00eddos en Malvinas que muy acertadamente el Gobierno de la Provincia gestion\u00f3 en este querido barrio de la ciudad que&nbsp; lleva ese nombre<\/strong>&nbsp;y cuyas calles homenajean en forma permanente a nuestros h\u00e9roes, para que siempre los tengamos presentes y sepamos qui\u00e9nes fueron\u201d.<\/em><\/p>\n\n\n\n<p>El secretario de Gobierno, Gast\u00f3n Mill\u00f3n, consider\u00f3 al respecto del flamante memorial<em>,&nbsp;<strong>\u201choy estamos cumpliendo con una idea que es fundamental: Malvinas tiene un elemento que no podemos olvidar, el homenaje a nuestros h\u00e9roes es para recordar lo que se hizo, porque a la distancia las nuevas generaciones no terminan de entender qu\u00e9 pas\u00f3<\/strong>, as\u00ed que constantemente hay que aprovechar que tenemos a nuestros Veteranos con nosotros, para dar charlas donde exponen lo que hicieron para que la gente sepa, para que podamos o\u00edrlos y para que en definitiva sepamos que hay h\u00e9roes caminando entre nosotros\u201d.<\/em><\/p>\n\n\n<div class=\"wp-block-image\">\n<figure class=\"aligncenter size-large is-resized\"><img decoding=\"async\" loading=\"lazy\" src=\"https:\/\/notinor.com\/jujuy\/wp-content\/uploads\/2023\/04\/HOMENAJE-4-779x480.jpg\" alt=\"\" class=\"wp-image-375242\" width=\"730\" height=\"450\" srcset=\"https:\/\/notinor.com\/jujuy\/wp-content\/uploads\/2023\/04\/HOMENAJE-4-779x480.jpg 779w, https:\/\/notinor.com\/jujuy\/wp-content\/uploads\/2023\/04\/HOMENAJE-4-592x365.jpg 592w, https:\/\/notinor.com\/jujuy\/wp-content\/uploads\/2023\/04\/HOMENAJE-4-768x473.jpg 768w, https:\/\/notinor.com\/jujuy\/wp-content\/uploads\/2023\/04\/HOMENAJE-4-750x462.jpg 750w, https:\/\/notinor.com\/jujuy\/wp-content\/uploads\/2023\/04\/HOMENAJE-4.jpg 1024w\" sizes=\"(max-width: 730px) 100vw, 730px\" \/><\/figure><\/div>\n\n\n<p>Mill\u00f3n destac\u00f3 el homenaje permanente a los Veteranos y Ca\u00eddos que se realiza en las calles de este barrio mediante una innovadora iniciativa tecnol\u00f3gica,<em>&nbsp;<strong>\u201ces muy importante que se sepa qui\u00e9nes fueron, aqu\u00ed no s\u00f3lo tenemos los nombres de los 15 juje\u00f1os, sino el de los 649 ca\u00eddos en la guerra; en las calles de este sector hemos impuesto nombres de estos h\u00e9roes y colocado placas con c\u00f3digos QR<\/strong>&nbsp;para que la gente pueda&nbsp;<strong>leer sobre sus vidas y ver un video que realizamos con los chicos de la escuela municipal Marina Vilte en Infinito por Descubrir<\/strong>, sobre la historia de cada uno de los 15, qu\u00e9 hicieron, qui\u00e9nes fueron, d\u00f3nde crecieron, cu\u00e1les fueron sus sue\u00f1os, as\u00ed que cualquiera que se encuentre con estas placas puede conocer y seguir malviniz\u00e1ndose\u201d.<\/em><\/p>\n\n\n<div class=\"wp-block-image\">\n<figure class=\"aligncenter size-large\"><img decoding=\"async\" loading=\"lazy\" width=\"723\" height=\"480\" src=\"https:\/\/notinor.com\/jujuy\/wp-content\/uploads\/2023\/04\/HOMENAJE-5-723x480.jpg\" alt=\"\" class=\"wp-image-375243\" srcset=\"https:\/\/notinor.com\/jujuy\/wp-content\/uploads\/2023\/04\/HOMENAJE-5-723x480.jpg 723w, https:\/\/notinor.com\/jujuy\/wp-content\/uploads\/2023\/04\/HOMENAJE-5-550x365.jpg 550w, https:\/\/notinor.com\/jujuy\/wp-content\/uploads\/2023\/04\/HOMENAJE-5-768x510.jpg 768w, https:\/\/notinor.com\/jujuy\/wp-content\/uploads\/2023\/04\/HOMENAJE-5-750x498.jpg 750w, https:\/\/notinor.com\/jujuy\/wp-content\/uploads\/2023\/04\/HOMENAJE-5.jpg 1024w\" sizes=\"(max-width: 723px) 100vw, 723px\" \/><\/figure><\/div>\n\n\n<p>Tambi\u00e9n resalt\u00f3 la campa\u00f1a de incorporaci\u00f3n de parches y bordados alusivos a la Guerra de Malvinas en uniformes escolares,<em>&nbsp;\u201c<strong>una idea muy fuerte que fue tomada por el Gobierno de la Provincia, una movida que armamos con Generaci\u00f3n Malvinas; est\u00e1 bueno que los chicos tomen conciencia de lo que fue&nbsp;<\/strong>y que hubo gente que dio la vida por ellos; sorprende ver la aceptaci\u00f3n y la emoci\u00f3n que causa en la juventud\u201d.<\/em><\/p>\n\n\n<div class=\"wp-block-image\">\n<figure class=\"aligncenter size-large\"><img decoding=\"async\" loading=\"lazy\" width=\"723\" height=\"480\" src=\"https:\/\/notinor.com\/jujuy\/wp-content\/uploads\/2023\/04\/HOMENAJE-6-723x480.jpg\" alt=\"\" class=\"wp-image-375244\" srcset=\"https:\/\/notinor.com\/jujuy\/wp-content\/uploads\/2023\/04\/HOMENAJE-6-723x480.jpg 723w, https:\/\/notinor.com\/jujuy\/wp-content\/uploads\/2023\/04\/HOMENAJE-6-550x365.jpg 550w, https:\/\/notinor.com\/jujuy\/wp-content\/uploads\/2023\/04\/HOMENAJE-6-768x510.jpg 768w, https:\/\/notinor.com\/jujuy\/wp-content\/uploads\/2023\/04\/HOMENAJE-6-750x498.jpg 750w, https:\/\/notinor.com\/jujuy\/wp-content\/uploads\/2023\/04\/HOMENAJE-6.jpg 1024w\" sizes=\"(max-width: 723px) 100vw, 723px\" \/><\/figure><\/div>\n\n\n<p>A su turno, el presidente del Concejo Deliberante, Lisandro Aguiar, expres\u00f3,&nbsp;<em>\u201ces una fecha muy importante en el d\u00eda que se cumplen 41 de aquella gesta de Malvinas,&nbsp;<strong>compartimos junto a los veteranos juje\u00f1os, sus familias y vecinos inaugurando este Memorial de culto; quiero agradecer a cada uno de los veteranos, agradecer a los que dejaron sus vidas en Malvinas, particularmente a los 15 juje\u00f1os\u201d.<\/strong><\/em>&nbsp; Y anunci\u00f3,&nbsp;<em>\u201ctuvimos una idea que ha sido plasmada en una ordenanza, y seguramente en este mes de abril la estaremos cumpliendo;&nbsp;&nbsp;<strong>se instalar\u00e1 una placa conmemorativa en la casa de cada uno de los veteranos que as\u00ed lo desee, que va a manifestar que ah\u00ed vive un h\u00e9roe de Malvinas;<\/strong>&nbsp;es algo que lo venimos trabajando con el Centro de Veteranos de Malvinas y queremos concretarlo para que cuando un vecino pase, sepa que en esa casa vive un h\u00e9roe argentino y quiz\u00e1s, tal como est\u00e1 establecido con las placas con c\u00f3digo QR, se pueda conocer su historia de vida\u201d.<\/em><\/p>\n\n\n<div class=\"wp-block-image\">\n<figure class=\"aligncenter size-large\"><img decoding=\"async\" loading=\"lazy\" width=\"723\" height=\"480\" src=\"https:\/\/notinor.com\/jujuy\/wp-content\/uploads\/2023\/04\/HOMENAJE-7-723x480.jpg\" alt=\"\" class=\"wp-image-375245\" srcset=\"https:\/\/notinor.com\/jujuy\/wp-content\/uploads\/2023\/04\/HOMENAJE-7-723x480.jpg 723w, https:\/\/notinor.com\/jujuy\/wp-content\/uploads\/2023\/04\/HOMENAJE-7-550x365.jpg 550w, https:\/\/notinor.com\/jujuy\/wp-content\/uploads\/2023\/04\/HOMENAJE-7-768x510.jpg 768w, https:\/\/notinor.com\/jujuy\/wp-content\/uploads\/2023\/04\/HOMENAJE-7-750x498.jpg 750w, https:\/\/notinor.com\/jujuy\/wp-content\/uploads\/2023\/04\/HOMENAJE-7.jpg 1024w\" sizes=\"(max-width: 723px) 100vw, 723px\" \/><\/figure><\/div>\n\n\n<p>Estuvieron presentes en los actos centrales por el D\u00eda del veterano y los Ca\u00eddos de la Guerra de Malvinas, el vice gobernador de la provincia, Carlos Haquim; el intendente de San Salvador de Jujuy, Ra\u00fal \u201cChuli\u201d Jorge; el presidente del Superior Tribunal de Justicia, Ekel Meyer; el presidente del Concejo Deliberante de San Salvador de Jujuy, Lisandro Aguiar; los jefes del RIM 20, GAM 5, Compa\u00f1\u00eda Cazadores, Polic\u00eda Federal Argentina, Gendarmer\u00eda Nacional, Polic\u00eda de la Provincia y Servicio Penitenciario de Jujuy; Los ministros del ejecutivo provincial, Carlos Sadir, Carlos Stanic, Luis Mart\u00edn e In\u00e9s Zigar\u00e1n de Hacienda, de Infrraestrectura, de Seguridad y de Ambiente respectivamente. Asistieron tambi\u00e9n legisladores nacionales, provinciales, ediles y funcionarios municipales veteranos de guerra, establecimientos educativos y vecinos.<\/p>\n\n\n<div class=\"wp-block-image\">\n<figure class=\"aligncenter size-large\"><img decoding=\"async\" loading=\"lazy\" width=\"723\" height=\"480\" src=\"https:\/\/notinor.com\/jujuy\/wp-content\/uploads\/2023\/04\/HOMENAJE-8-723x480.jpg\" alt=\"\" class=\"wp-image-375246\" srcset=\"https:\/\/notinor.com\/jujuy\/wp-content\/uploads\/2023\/04\/HOMENAJE-8-723x480.jpg 723w, https:\/\/notinor.com\/jujuy\/wp-content\/uploads\/2023\/04\/HOMENAJE-8-550x365.jpg 550w, https:\/\/notinor.com\/jujuy\/wp-content\/uploads\/2023\/04\/HOMENAJE-8-768x510.jpg 768w, https:\/\/notinor.com\/jujuy\/wp-content\/uploads\/2023\/04\/HOMENAJE-8-750x498.jpg 750w, https:\/\/notinor.com\/jujuy\/wp-content\/uploads\/2023\/04\/HOMENAJE-8.jpg 1024w\" sizes=\"(max-width: 723px) 100vw, 723px\" \/><\/figure><\/div>\n\n<div class=\"wp-block-image\">\n<figure class=\"aligncenter size-large\"><img decoding=\"async\" loading=\"lazy\" width=\"612\" height=\"480\" src=\"https:\/\/notinor.com\/jujuy\/wp-content\/uploads\/2023\/04\/HOMENAJE-9-612x480.jpg\" alt=\"\" class=\"wp-image-375247\" srcset=\"https:\/\/notinor.com\/jujuy\/wp-content\/uploads\/2023\/04\/HOMENAJE-9-612x480.jpg 612w, https:\/\/notinor.com\/jujuy\/wp-content\/uploads\/2023\/04\/HOMENAJE-9-465x365.jpg 465w, https:\/\/notinor.com\/jujuy\/wp-content\/uploads\/2023\/04\/HOMENAJE-9.jpg 669w\" sizes=\"(max-width: 612px) 100vw, 612px\" \/><\/figure><\/div>","protected":false},"excerpt":{"rendered":"<p>Este domingo el intendente de San Salvador de Jujuy, Ra\u00fal \u201cChuli\u201d Jorge, particip\u00f3 de los actos centrales por el D\u00eda del Veterano y los Ca\u00eddos en la Guerra de Malvinas, y de la inauguraci\u00f3n del Memorial de los Ca\u00eddos, que tuvieron lugar en inmediaciones del Complejo Ministerial de Educaci\u00f3n sito en el barrio que lleva [&hellip;]<\/p>\n","protected":false},"author":5,"featured_media":375238,"comment_status":"open","ping_status":"open","sticky":false,"template":"","format":"standard","meta":{"_stopmodifiedupdate":false,"_modified_date":"","inline_featured_image":false,"spay_email":"","jetpack_publicize_message":""},"categories":[514],"tags":[],"jetpack_featured_media_url":"https:\/\/notinor.com\/jujuy\/wp-content\/uploads\/2023\/04\/HOMENAJE.jpg","jetpack_publicize_connections":[],"_links":{"self":[{"href":"https:\/\/notinor.com\/jujuy\/wp-json\/wp\/v2\/posts\/375237"}],"collection":[{"href":"https:\/\/notinor.com\/jujuy\/wp-json\/wp\/v2\/posts"}],"about":[{"href":"https:\/\/notinor.com\/jujuy\/wp-json\/wp\/v2\/types\/post"}],"author":[{"embeddable":true,"href":"https:\/\/notinor.com\/jujuy\/wp-json\/wp\/v2\/users\/5"}],"replies":[{"embeddable":true,"href":"https:\/\/notinor.com\/jujuy\/wp-json\/wp\/v2\/comments?post=375237"}],"version-history":[{"count":1,"href":"https:\/\/notinor.com\/jujuy\/wp-json\/wp\/v2\/posts\/375237\/revisions"}],"predecessor-version":[{"id":375248,"href":"https:\/\/notinor.com\/jujuy\/wp-json\/wp\/v2\/posts\/375237\/revisions\/375248"}],"wp:featuredmedia":[{"embeddable":true,"href":"https:\/\/notinor.com\/jujuy\/wp-json\/wp\/v2\/media\/375238"}],"wp:attachment":[{"href":"https:\/\/notinor.com\/jujuy\/wp-json\/wp\/v2\/media?parent=375237"}],"wp:term":[{"taxonomy":"category","embeddable":true,"href":"https:\/\/notinor.com\/jujuy\/wp-json\/wp\/v2\/categories?post=375237"},{"taxonomy":"post_tag","embeddable":true,"href":"https:\/\/notinor.com\/jujuy\/wp-json\/wp\/v2\/tags?post=375237"}],"curies":[{"name":"wp","href":"https:\/\/api.w.org\/{rel}","templated":true}]}}