{"id":375205,"date":"2023-04-03T09:00:00","date_gmt":"2023-04-03T12:00:00","guid":{"rendered":"https:\/\/notinor.com\/jujuy\/?p=375205"},"modified":"2023-04-03T00:56:01","modified_gmt":"2023-04-03T03:56:01","slug":"ante-el-aumento-de-casos-de-dengue-anmat-acelera-el-analisis-de-una-vacuna-japonesa","status":"publish","type":"post","link":"https:\/\/notinor.com\/jujuy\/ante-el-aumento-de-casos-de-dengue-anmat-acelera-el-analisis-de-una-vacuna-japonesa\/","title":{"rendered":"Ante el aumento de casos de dengue, Anmat acelera el an\u00e1lisis de una vacuna japonesa"},"content":{"rendered":"\n<p class=\"has-medium-font-size\"><strong><em>En lo que va del a\u00f1o, el pa\u00eds registra 16.143 casos y la situaci\u00f3n epidemiol\u00f3gica preocupa a los especialistas. Los ministerios de Salud de todo el pa\u00eds acordaron conformar brigadas territoriales en busca de eliminar potenciales criaderos de Aedes aegypti.<\/em><\/strong><\/p>\n\n\n\n<p><\/p>\n\n\n<div class=\"wp-block-image\">\n<figure class=\"aligncenter size-large\"><img decoding=\"async\" loading=\"lazy\" width=\"840\" height=\"470\" src=\"https:\/\/notinor.com\/jujuy\/wp-content\/uploads\/2023\/04\/image-11-840x470.png\" alt=\"\" class=\"wp-image-375206\" srcset=\"https:\/\/notinor.com\/jujuy\/wp-content\/uploads\/2023\/04\/image-11-840x470.png 840w, https:\/\/notinor.com\/jujuy\/wp-content\/uploads\/2023\/04\/image-11-652x365.png 652w, https:\/\/notinor.com\/jujuy\/wp-content\/uploads\/2023\/04\/image-11-500x280.png 500w, https:\/\/notinor.com\/jujuy\/wp-content\/uploads\/2023\/04\/image-11-768x430.png 768w, https:\/\/notinor.com\/jujuy\/wp-content\/uploads\/2023\/04\/image-11-750x420.png 750w, https:\/\/notinor.com\/jujuy\/wp-content\/uploads\/2023\/04\/image-11-1140x638.png 1140w, https:\/\/notinor.com\/jujuy\/wp-content\/uploads\/2023\/04\/image-11.png 1440w\" sizes=\"(max-width: 840px) 100vw, 840px\" \/><\/figure><\/div>\n\n\n<p><\/p>\n\n\n\n<p><strong>En lo que va del a\u00f1o, se notificaron en el pa\u00eds\u00a016.143 casos de dengue<\/strong> <strong>y la situaci\u00f3n epidemiol\u00f3gica preocupa a los especialistas.<\/strong> Mientras la\u00a0<strong>Anmat\u00a0<\/strong>avanza con el\u00a0<strong>an\u00e1lisis de la vacuna japonesa\u00a0<\/strong>que podr\u00eda traer algo de alivio a la Argentina, funcionarios de las carteras sanitarias de todo el pa\u00eds acordaron<strong>\u00a0intensificar acciones de prevenci\u00f3n<\/strong>\u00a0y conformar\u00a0<strong>brigadas territoriales\u00a0<\/strong>en busca de<strong>\u00a0eliminar potenciales criaderos del mosquito<\/strong><em><strong>\u00a0Aedes aegypti<\/strong><\/em><strong>.<\/strong><\/p>\n\n\n\n<p>\u201cTuvimos epidemias nacionales de dengue en 2008-2009, 2015-2016 y 2019-2020.\u00a0<strong>La brecha en el intervalo de tiempo entre las epidemias nacionales se va haciendo m\u00e1s corta\u00a0<\/strong>y el subregistro es muy importante, porque las personas no consultan o porque no se hace el estudio serol\u00f3gico para confirmar la enfermedad\u201d, dijo <strong>Silvia Gonz\u00e1lez Ayala<\/strong>\u00a0(MP 91.229), especialista en infectolog\u00eda y docente.<\/p>\n\n\n\n<p>En el mismo sentido, precis\u00f3 que en el \u00e1rea metropolitana&nbsp;<strong>las epidemias de dengue \u201cse esperan habitualmente para la segunda quincena de marzo y<\/strong>&nbsp;<strong>duran alrededor de cuatro a seis semanas<\/strong>\u201d, por lo que en este momento est\u00e1 \u201cen pleno desarrollo\u201d.<\/p>\n\n\n\n<p>\u201cLos n\u00fameros finales dir\u00e1n si esta situaci\u00f3n es de mayor magnitud que la epidemia de 2019-2020, pero lo que&nbsp;<strong>llama la atenci\u00f3n es el n\u00famero de muertos,<\/strong>&nbsp;que est\u00e1 por encima de lo ocurrido en las otras epidemias nacionales\u201d, advirti\u00f3. Al momento se confirmaron 5 fallecidos.<\/p>\n\n\n\n<h2 class=\"has-medium-font-size\"><strong>A la espera de la vacuna japonesa<\/strong><\/h2>\n\n\n\n<p>Seg\u00fan se pudo saber, la Administraci\u00f3n Nacional de Medicamentos, Alimentos y Tecnolog\u00eda M\u00e9dica (<strong>Anmat<\/strong>)\u00a0<strong>est\u00e1 analizando la vacuna Qdenga,<\/strong>\u00a0de la empresa japonesa\u00a0<em>Takeda<\/em>, un<strong>\u00a0suero tetravalente<\/strong>\u00a0que\u00a0<strong>se aprob\u00f3 hace un mes en Brasil<\/strong>\u00a0y que<strong>\u00a0podr\u00eda seguir el mismo camino en la Argentina en los pr\u00f3ximos d\u00edas<\/strong>.<\/p>\n\n\n\n<p>\u201cLa&nbsp;<strong>vacuna&nbsp;<\/strong>que ya est\u00e1 en Brasil es muy interesante porque<strong>&nbsp;cubre cuatro serotipos en uno<\/strong>\u201d, destac\u00f3&nbsp;<strong>Elena Obieta<\/strong>&nbsp;(MN 76.451), infect\u00f3loga del Hospital de Boulogne (San Isidro) e integrante de la Sociedad Argentina de Infectolog\u00eda (SADI).<\/p>\n\n\n\n<p>La expectativa por el suero japon\u00e9s es creciente, pero mientras tanto, los contagios siguen creciendo y los especialistas advierten que se deben<strong>&nbsp;intensificar las acciones&nbsp;<\/strong>de&nbsp;<strong>prevenci\u00f3n&nbsp;<\/strong>y de&nbsp;<strong>erradicaci\u00f3n&nbsp;<\/strong>de mosquitos.<\/p>\n\n\n\n<p>Seg\u00fan las cifras oficiales,<strong>\u00a0de los 16.143 nuevos contagios de dengue<\/strong>\u00a0informados en el \u00faltimo reporte epidemiol\u00f3gico,\u00a0<strong>14.224\u00a0<\/strong>adquirieron la infecci\u00f3n en la<strong>\u00a0Argentina,<\/strong>\u00a0es decir, son casos aut\u00f3ctonos.<\/p>\n\n\n\n<p>La circulaci\u00f3n del virus fue identificada en 14 jurisdicciones:&nbsp;<strong>Buenos Aires<\/strong>,&nbsp;<strong>Ciudad Aut\u00f3noma de Buenos Aires<\/strong>&nbsp;(CABA),&nbsp;<strong>C\u00f3rdoba<\/strong>,&nbsp;<strong>Entre R\u00edos<\/strong>,&nbsp;<strong>Santa Fe<\/strong>,&nbsp;<strong>Corrientes<\/strong>,&nbsp;<strong>Formosa<\/strong>,&nbsp;<strong>Chaco<\/strong>,&nbsp;<strong>Catamarca<\/strong>,&nbsp;<strong>Jujuy<\/strong>,&nbsp;<strong>Salta<\/strong>,&nbsp;<strong>Santiago del Estero<\/strong>,&nbsp;<strong>Tucum\u00e1n&nbsp;<\/strong>y&nbsp;<strong>La Rioja<\/strong>.<\/p>\n\n\n\n<p>Como pas\u00f3 con los brotes de coronavirus, casi todos los argentinos conocen alguien que contrajo la enfermedad.<\/p>\n\n\n\n<h2 class=\"has-medium-font-size\"><strong>Acciones coordinadas contra el dengue<\/strong><\/h2>\n\n\n\n<p>En alerta por la situaci\u00f3n epidemiol\u00f3gica, se reuni\u00f3 este jueves el<strong>&nbsp;Consejo Federal de Salud (Cofesa)<\/strong>&nbsp;-integrado por las carteras sanitarias de las 24 jurisdicciones del pa\u00eds- para analizar y unificar acciones.<\/p>\n\n\n\n<p>Seg\u00fan se inform\u00f3 oficialmente, los funcionarios acordaron&nbsp;<strong>\u201cconformar brigadas territoriales de proximidad<\/strong>, con agentes sanitarios, fuerzas operativas y organizaciones intermedias, para sensibilizar sobre&nbsp;<strong>prevenci\u00f3n&nbsp;<\/strong>y acciones de cuidado, principalmente en la&nbsp;<strong>eliminaci\u00f3n&nbsp;<\/strong>de potenciales criaderos de&nbsp;<em>Aedes aegypti<\/em>\u201d.<\/p>\n\n\n\n<p>\u201cCon operativos de&nbsp;<strong>descacharrado&nbsp;<\/strong>y&nbsp;<strong>limpieza de terrenos<\/strong>, estas brigadas de operarios pueden realizar trabajos en espacios comunes y reducir significativamente la posibilidad de aumento de brotes\u201d, dijo la jefa de Gabinete del Ministerio de Salud nacional,&nbsp;<strong>Sonia Tarragona.<\/strong><\/p>\n\n\n\n<h2 class=\"has-medium-font-size\"><strong>El diagn\u00f3stico de los especialistas<\/strong><\/h2>\n\n\n\n<p>Epidemi\u00f3logos consultados coincidieron en el diagn\u00f3stico de la Argentina, pero tambi\u00e9n en que se trata de una<strong>\u00a0delicada situaci\u00f3n en toda la regi\u00f3n<\/strong>, y en que es necesario tomar\u00a0<strong>conciencia<\/strong>\u00a0de los riesgos y de la necesidad de\u00a0<strong>descacharrar\u00a0<\/strong>y usar\u00a0<strong>repelente\u00a0<\/strong>de manera cotidiana.<\/p>\n\n\n\n<p>\u201cLos casos han crecido porque&nbsp;<strong>la Argentina se tropicaliz\u00f3.<\/strong>&nbsp;Los mosquitos se asentaron en el pa\u00eds y el virus tambi\u00e9n lo est\u00e1, por eso se dice que son todos casos aut\u00f3ctonos. Antes, lo \u00fanico que ten\u00edamos era de viajeros que se deb\u00edan aislar e internarlos y pod\u00edan ocasionar un peque\u00f1o brote, pero eso cambi\u00f3. E<strong>l 97% son casos aut\u00f3ctonos<\/strong>, y un 3% viajeros\u201d, explic\u00f3&nbsp;<strong>Hugo Pizzi<\/strong>&nbsp;(MN 54.101), epidemi\u00f3logo e infect\u00f3logo cordob\u00e9s.<\/p>\n\n\n\n<p>\u201cEl\u00a0<strong>cambio clim\u00e1tico<\/strong>\u00a0y la\u00a0<strong>urbanizaci\u00f3n no planificada<\/strong>\u00a0no son gratuitas\u201d, Coincidi\u00f3 Obieta.<\/p>\n\n\n\n<p><strong>Amadeo Esposto<\/strong>&nbsp;(MP 13.891), jefe del Servicio de Infectolog\u00eda del Hospital San Mart\u00edn (La Plata) detall\u00f3 que \u201cpara tener dengue necesitamos tres cosas: un&nbsp;<strong>hu\u00e9sped<\/strong>, que es el ser humano; un vector, que es el&nbsp;<strong>mosquito<\/strong>, y&nbsp;<strong>mosquitos enfermos&nbsp;<\/strong>y en la Argentina<strong>&nbsp;tenemos las tres cosas<\/strong>\u201d. \u201cVamos a tener un per\u00edodo donde va a haber m\u00e1s casos y<strong>&nbsp;siempre de esos casos hay una parte de dengue grave\u201d<\/strong>, anticip\u00f3.<\/p>\n\n\n\n<h2 class=\"has-medium-font-size\"><strong>Las recomendaciones de los especialistas<\/strong><\/h2>\n\n\n\n<p>Para hacerle frente al dengue, los especialistas mencionan dos focos de atenci\u00f3n: las&nbsp;<strong>acciones personales&nbsp;<\/strong>y las promovidas desde \u00e1mbitos estatales. \u201cVamos a tener que cambiar la metodolog\u00eda que hemos utilizado hasta ahora, que no ha dado resultado, y&nbsp;<strong>emular a los pa\u00edses que realmente han sido exitosos<\/strong>\u201d, dijo Pizzi.<\/p>\n\n\n\n<p>Entre las medidas de orden individual mencion\u00f3 \u201cponer&nbsp;<strong>telas pl\u00e1sticas en las aberturas<\/strong>, usar&nbsp;<em><strong>tull&nbsp;<\/strong><\/em>en las cunas,&nbsp;<strong>limpiar&nbsp;<\/strong>patios,&nbsp;<strong>cortar el c\u00e9sped y los yuyos<\/strong>, usar&nbsp;<strong>repelentes&nbsp;<\/strong>adecuados y respetar el uso y lo que dice el fabricante sobre la cantidad de horas de efectividad\u201d y desde el Estado dijo que se deber\u00e1 propiciar \u201cla&nbsp;<strong>esterilizaci\u00f3n de los machos, con rayos gamas&nbsp;<\/strong>o con una&nbsp;<strong>bacteria que se llama gualbache<\/strong>\u201d.<\/p>\n\n\n\n<p>Ayala explic\u00f3 que la infestaci\u00f3n de mosquitos siempre es en focos, por lo que \u201cdonde hay un foco, lo que hay que hacer es<strong>&nbsp;ir casa por casa descacharrizando<\/strong>\u201d. \u201cEs imperioso&nbsp;<strong>fumigar cada cinco o siete d\u00edas al amanecer o al atardecer, en las horas crepusculares<\/strong>\u201d, indic\u00f3 y de ah\u00ed en m\u00e1s dijo que la responsabilidad pasa a ser individual de<strong>&nbsp;no tener recipientes con agua estancada<\/strong>.<\/p>\n\n\n\n<p>\u201cEs muy importante el rol de cada persona en el cuidado de su casa y los alrededores; el rol del Estado es trabajar en la\u00a0<strong>educaci\u00f3n<\/strong>, en promover y\u00a0<strong>supervisar\u00a0<\/strong>las campa\u00f1as de descacharrizaci\u00f3n, y en la\u00a0<strong>fumigaci\u00f3n\u00a0<\/strong>de los focos\u201d.<\/p>\n\n\n\n<p>Esposto coincidi\u00f3 en que desde el Estado se debe apuntalar la&nbsp;<strong>concientizaci\u00f3n&nbsp;<\/strong>de lo que sucede. \u201cEs un mosquito peridomiciliario, es raro que viaje m\u00e1s de 500 metros de distancia, o sea que&nbsp;<strong>est\u00e1 dentro del lugar donde nosotros estamos&nbsp;<\/strong>y ese mosquito genera la mosquita que es la que realmente transmite en la enfermedad\u201d. \u201cSe necesita una gran campa\u00f1a de&nbsp;<strong>descacharreo<\/strong>\u201d.<\/p>\n\n\n\n<p>Con ese mismo criterio respecto de la poca distancia que viajan los mosquitos infectados, Obieta propuso tambi\u00e9n hacer una \u201cg<strong>eolocalizaci\u00f3n de los lugares donde se dieron los casos de dengue&nbsp;<\/strong>para saber&nbsp;<strong>d\u00f3nde hay potencialmente transmisiones de enfermedad<\/strong>\u201d. \u201cTenemos que<strong>&nbsp;trabajar en el oto\u00f1o y en el invierno,<\/strong>&nbsp;porque las&nbsp;<strong>larvas<\/strong>, las pupas, pueden vivir un a\u00f1o y portar el virus dengue y en cuanto hace un poquito de calor -en el veranito de San Juan en junio o en cualquier momento- las larvas maduran y se transforman en adultos\u201d.<\/p>\n","protected":false},"excerpt":{"rendered":"<p>En lo que va del a\u00f1o, el pa\u00eds registra 16.143 casos y la situaci\u00f3n epidemiol\u00f3gica preocupa a los especialistas. Los ministerios de Salud de todo el pa\u00eds acordaron conformar brigadas territoriales en busca de eliminar potenciales criaderos de Aedes aegypti. En lo que va del a\u00f1o, se notificaron en el pa\u00eds\u00a016.143 casos de dengue y [&hellip;]<\/p>\n","protected":false},"author":37,"featured_media":375206,"comment_status":"open","ping_status":"open","sticky":false,"template":"","format":"standard","meta":{"_stopmodifiedupdate":false,"_modified_date":"","inline_featured_image":false,"spay_email":"","jetpack_publicize_message":""},"categories":[2],"tags":[],"jetpack_featured_media_url":"https:\/\/notinor.com\/jujuy\/wp-content\/uploads\/2023\/04\/image-11.png","jetpack_publicize_connections":[],"_links":{"self":[{"href":"https:\/\/notinor.com\/jujuy\/wp-json\/wp\/v2\/posts\/375205"}],"collection":[{"href":"https:\/\/notinor.com\/jujuy\/wp-json\/wp\/v2\/posts"}],"about":[{"href":"https:\/\/notinor.com\/jujuy\/wp-json\/wp\/v2\/types\/post"}],"author":[{"embeddable":true,"href":"https:\/\/notinor.com\/jujuy\/wp-json\/wp\/v2\/users\/37"}],"replies":[{"embeddable":true,"href":"https:\/\/notinor.com\/jujuy\/wp-json\/wp\/v2\/comments?post=375205"}],"version-history":[{"count":1,"href":"https:\/\/notinor.com\/jujuy\/wp-json\/wp\/v2\/posts\/375205\/revisions"}],"predecessor-version":[{"id":375207,"href":"https:\/\/notinor.com\/jujuy\/wp-json\/wp\/v2\/posts\/375205\/revisions\/375207"}],"wp:featuredmedia":[{"embeddable":true,"href":"https:\/\/notinor.com\/jujuy\/wp-json\/wp\/v2\/media\/375206"}],"wp:attachment":[{"href":"https:\/\/notinor.com\/jujuy\/wp-json\/wp\/v2\/media?parent=375205"}],"wp:term":[{"taxonomy":"category","embeddable":true,"href":"https:\/\/notinor.com\/jujuy\/wp-json\/wp\/v2\/categories?post=375205"},{"taxonomy":"post_tag","embeddable":true,"href":"https:\/\/notinor.com\/jujuy\/wp-json\/wp\/v2\/tags?post=375205"}],"curies":[{"name":"wp","href":"https:\/\/api.w.org\/{rel}","templated":true}]}}