{"id":375195,"date":"2023-04-03T07:30:00","date_gmt":"2023-04-03T10:30:00","guid":{"rendered":"https:\/\/notinor.com\/jujuy\/?p=375195"},"modified":"2023-04-03T00:28:00","modified_gmt":"2023-04-03T03:28:00","slug":"el-fmi-pone-el-foco-en-el-subsidio-a-la-energia-de-los-sectores-de-mas-altos-ingresos-y-habilita-el-dolar-agro","status":"publish","type":"post","link":"https:\/\/notinor.com\/jujuy\/el-fmi-pone-el-foco-en-el-subsidio-a-la-energia-de-los-sectores-de-mas-altos-ingresos-y-habilita-el-dolar-agro\/","title":{"rendered":"El FMI pone el foco en el subsidio a la energ\u00eda de los sectores de m\u00e1s altos ingresos y habilita el d\u00f3lar agro"},"content":{"rendered":"\n<p class=\"has-medium-font-size\"><strong><em>El organismo a\u00fan no difundi\u00f3 el reporte completo de la \u00faltima revisi\u00f3n, pero fuentes de Econom\u00eda adelantaron los puntos principales. Visto bueno a un mayor valor de la divisa estadounidense para el campo y promesa incumplida de Guzm\u00e1n sobre moratoria previsional<\/em><\/strong><\/p>\n\n\n\n<p><\/p>\n\n\n<div class=\"wp-block-image\">\n<figure class=\"aligncenter size-full\"><img decoding=\"async\" loading=\"lazy\" width=\"768\" height=\"432\" src=\"https:\/\/notinor.com\/jujuy\/wp-content\/uploads\/2023\/04\/image-7.png\" alt=\"\" class=\"wp-image-375196\" srcset=\"https:\/\/notinor.com\/jujuy\/wp-content\/uploads\/2023\/04\/image-7.png 768w, https:\/\/notinor.com\/jujuy\/wp-content\/uploads\/2023\/04\/image-7-649x365.png 649w, https:\/\/notinor.com\/jujuy\/wp-content\/uploads\/2023\/04\/image-7-500x280.png 500w, https:\/\/notinor.com\/jujuy\/wp-content\/uploads\/2023\/04\/image-7-750x422.png 750w\" sizes=\"(max-width: 768px) 100vw, 768px\" \/><\/figure><\/div>\n\n\n<p><\/p>\n\n\n\n<p>Aunque <strong>el Fondo Monetario Internacional a\u00fan no difundi\u00f3 la evaluaci\u00f3n completa de la cuarta revisi\u00f3n de metas del programa con la Argentina,<\/strong> su directorio aprob\u00f3 el viernes el desembolso de USD 5.400 millones de d\u00f3lares al Banco Central, que en parte ya se usaron para pagar vencimientos con el propio organismo, fuentes del gobierno precisaron que finalmente la reducci\u00f3n de la meta de acumulaci\u00f3n de reservas internacionales \u2013uno de los puntos clave del acuerdo, que se complic\u00f3 al punto de volverse de imposible cumplimiento debido a la sequ\u00eda\u2013 ser\u00eda de USD 3.600 millones en el primer trimestre y de USD 2.000 millones para todo el a\u00f1o 2022.<\/p>\n\n\n\n<p>Tanto el\u00a0<em>staff\u00a0<\/em>t\u00e9cnico como la gerencia y el directorio verificaron el cumplimiento de las metas 2022 y acordaron<strong> \u201cadecuar parcialmente\u201d el programa a la realidad que impuso la sequ\u00eda.<\/strong><\/p>\n\n\n\n<h2 class=\"has-medium-font-size\"><strong>Retiro de subsidios<\/strong><\/h2>\n\n\n\n<p>Adem\u00e1s, el Fondo y Econom\u00eda acordaron que, una vez finalizada la campa\u00f1a de inscripciones en el Registro de Acceso a los Subsidios Energ\u00e9ticos (RASE) <strong>el gobierno avance a partir de mayo en el recorte de subsidios a los sectores de altos ingresos, aumentando las tarifas de modo que cubran totalmente el costo del servicio<\/strong>. \u201cEsto, junto con los distintos aumentos en otros segmentos de electricidad, gas, agua y transporte ya otorgados, m\u00e1s los programados en algunos de dichos segmentos, implica eliminar la regresividad resultante que, a trav\u00e9s del pago de impuestos, los m\u00e1s pobres subsidien a los m\u00e1s ricos\u201d, contaron fuentes del Palacio de Hacienda, que la implementaci\u00f3n del esquema de \u201csegmentaci\u00f3n\u201d perge\u00f1ado por el exministro Mart\u00edn Guzm\u00e1n \u201cse est\u00e1 terminando\u201d.<\/p>\n\n\n\n<p>Adem\u00e1s, el Fondo valor\u00f3 el resultado de las operaciones de conversi\u00f3n de la deuda en pesos, en especial la m\u00e1s reciente, del 9 d emarzo pasado, que extendi\u00f3 a 2024 y 2025 los vencimientos que ca\u00edan en el segundo trimestre, que los analistas financieros hab\u00edan llamado \u201cmuros financieros\u201d.<\/p>\n\n\n\n<p><\/p>\n\n\n<div class=\"wp-block-image\">\n<figure class=\"aligncenter size-full\"><img decoding=\"async\" loading=\"lazy\" width=\"768\" height=\"432\" src=\"https:\/\/notinor.com\/jujuy\/wp-content\/uploads\/2023\/04\/image-8.png\" alt=\"\" class=\"wp-image-375197\" srcset=\"https:\/\/notinor.com\/jujuy\/wp-content\/uploads\/2023\/04\/image-8.png 768w, https:\/\/notinor.com\/jujuy\/wp-content\/uploads\/2023\/04\/image-8-649x365.png 649w, https:\/\/notinor.com\/jujuy\/wp-content\/uploads\/2023\/04\/image-8-500x280.png 500w, https:\/\/notinor.com\/jujuy\/wp-content\/uploads\/2023\/04\/image-8-750x422.png 750w\" sizes=\"(max-width: 768px) 100vw, 768px\" \/><\/figure><\/div>\n\n\n<p><\/p>\n\n\n\n<p>El Fondo tambi\u00e9n<strong> dio el visto bueno a medidas para promover la exportaci\u00f3n, resguardar reservas y fortalecer la balanza comercial aplicando un tipo de cambio diferencial \u201cpor un per\u00edodo limitado\u201d <\/strong>para una serie de exportaciones primarias, incluida la soja y otros productos agr\u00edcolas de regiones seleccionadas e impacto limitado en el mercado interno.<\/p>\n\n\n\n<p>Al respecto, Econom\u00eda tambi\u00e9n habr\u00eda acordado con el Fondo aplicar ese tipo de cambio \u201ca una parte de las importaciones, incluidos los servicios de turismo y transporte\u201d.<\/p>\n\n\n\n<p>Otro punto del acuerdo es la simplificaci\u00f3n del actual r\u00e9gimen cambiario, mediante la \u201c<strong>racionalizaci\u00f3n\u201d de los diversos impuestos que actualmente se cobran\u201d.<\/strong> No se trata de una unificaci\u00f3n, pero s\u00ed de una \u201csimplificaci\u00f3n\u201d cambiaria.<\/p>\n\n\n\n<p>El Fondo tambi\u00e9n dio el visto bueno a la ofensiva de controles aduaneros que est\u00e1 aplicando Econom\u00eda \u201cpara limitar la sobre facturaci\u00f3n, el almacenamiento y otras irregularidades, especialmente en materia de servicios\u201d.<\/p>\n\n\n\n<blockquote class=\"wp-block-quote\">\n<p>La nueva meta de acumulaci\u00f3n de reservas ser\u00eda de USD 3.600 millones en el primer trimestre y de USD 2.000 millones para todo el a\u00f1o 2022<\/p>\n<\/blockquote>\n\n\n\n<p>Todas esas concesiones a la habitual ortodoxia del Fondo no alcanzan, sin embargo, la meta fiscal, que se mantendr\u00e1 inalterada: no m\u00e1s de1,9% de d\u00e9ficit fiscal primaria para este a\u00f1o, lo que <strong>exige \u201cseguir consolidando el orden fiscal logrado desde el inicio de la gesti\u00f3n del nuevo equipo econ\u00f3mico\u201d.<\/strong><\/p>\n\n\n\n<p>Otros aspectos acordados y que se reflejar\u00e1n en el documento del Fondo, son los siguientes:<\/p>\n\n\n\n<p><strong>\u2013 Preservar la inversi\u00f3n en planes sociales e infraestructura:<\/strong>&nbsp;aunque se mantiene la meta fiscal, hubo coincidencia en proteger la inversi\u00f3n en infraestructura, en particular la construcci\u00f3n del gasoducto N\u00e9stor Kirchner, que permitir\u00e1 ahorrar importaciones de gas, y el apoyo a los sectores m\u00e1s vulnerables, pero precisamente focalizados \u201cpara que esa ayuda llegue a los que realmente la necesitan\u201d.<\/p>\n\n\n\n<p><strong>\u2013 Limitar el financiamiento monetario:&nbsp;<\/strong>All\u00ed se coincidi\u00f3 en mantener limitados los \u201cadelantos transitorios\u201d (maquinita) del Banco Central al Tesoro, para reforzar la lucha contra la inflaci\u00f3n, sin perjuicio de seguir deslizando (hacia arriba) el tipo de cambio oficial y mantener tasas de inter\u00e9s superiores a la inflaci\u00f3n.<\/p>\n\n\n\n<p><strong>\u2013 Pol\u00edticas de ingresos:<\/strong>&nbsp;El FMI fue informado del nuevo plan de Precios Justos como complemento anti-inflacionario.<\/p>\n\n\n\n<p><strong>\u2013 Desarrollo de sectores estrat\u00e9gicos:<\/strong>&nbsp;Aquellos de gran potencial exportador y en l\u00ednea con la agenda global de seguridad energ\u00e9tica, alimentaria y de minerales cr\u00edticos (como el litio).<\/p>\n\n\n\n<p><strong>-Moratoria Previsional:&nbsp;<\/strong>El Fondo record\u00f3 que hab\u00eda \u201cun acuerdo previo\u201d (con Guzm\u00e1n) de que no habr\u00eda moratorias y por lo tanto se acord\u00f3 limitar la que se sancion\u00f3 recientemente \u201ca los sectores de poblaci\u00f3n adulta mayor que m\u00e1s requieran de esa herramienta excepcional\u201d.<\/p>\n\n\n\n<p><strong>\u2013 Mejorar la recaudaci\u00f3n:<\/strong>&nbsp;El Fondo reconoci\u00f3 avances estructurales y una recaudaci\u00f3n tributaria m\u00e1s efectiva en base a, entre otros aspectos, una mejora de la base de datos para bienes personales mediante la vinculaci\u00f3n del CUIT con titulares de inmuebles en el AMBA.<\/p>\n\n\n\n<p><strong>\u2013 Medidas anti-lavado y ley penal cambiaria:<\/strong>&nbsp;Reconocimiento de mejoras contables en el balance del BCRA, necesidad de reforzar la aplicaci\u00f3n de la Ley Penal Cambiaria y tambi\u00e9n las normas anti-lavado con un proyecto de ley que se analiza en el Congreso.<\/p>\n","protected":false},"excerpt":{"rendered":"<p>El organismo a\u00fan no difundi\u00f3 el reporte completo de la \u00faltima revisi\u00f3n, pero fuentes de Econom\u00eda adelantaron los puntos principales. Visto bueno a un mayor valor de la divisa estadounidense para el campo y promesa incumplida de Guzm\u00e1n sobre moratoria previsional Aunque el Fondo Monetario Internacional a\u00fan no difundi\u00f3 la evaluaci\u00f3n completa de la cuarta [&hellip;]<\/p>\n","protected":false},"author":37,"featured_media":375197,"comment_status":"open","ping_status":"open","sticky":false,"template":"","format":"standard","meta":{"_stopmodifiedupdate":false,"_modified_date":"","inline_featured_image":false,"spay_email":"","jetpack_publicize_message":""},"categories":[676],"tags":[],"jetpack_featured_media_url":"https:\/\/notinor.com\/jujuy\/wp-content\/uploads\/2023\/04\/image-8.png","jetpack_publicize_connections":[],"_links":{"self":[{"href":"https:\/\/notinor.com\/jujuy\/wp-json\/wp\/v2\/posts\/375195"}],"collection":[{"href":"https:\/\/notinor.com\/jujuy\/wp-json\/wp\/v2\/posts"}],"about":[{"href":"https:\/\/notinor.com\/jujuy\/wp-json\/wp\/v2\/types\/post"}],"author":[{"embeddable":true,"href":"https:\/\/notinor.com\/jujuy\/wp-json\/wp\/v2\/users\/37"}],"replies":[{"embeddable":true,"href":"https:\/\/notinor.com\/jujuy\/wp-json\/wp\/v2\/comments?post=375195"}],"version-history":[{"count":1,"href":"https:\/\/notinor.com\/jujuy\/wp-json\/wp\/v2\/posts\/375195\/revisions"}],"predecessor-version":[{"id":375198,"href":"https:\/\/notinor.com\/jujuy\/wp-json\/wp\/v2\/posts\/375195\/revisions\/375198"}],"wp:featuredmedia":[{"embeddable":true,"href":"https:\/\/notinor.com\/jujuy\/wp-json\/wp\/v2\/media\/375197"}],"wp:attachment":[{"href":"https:\/\/notinor.com\/jujuy\/wp-json\/wp\/v2\/media?parent=375195"}],"wp:term":[{"taxonomy":"category","embeddable":true,"href":"https:\/\/notinor.com\/jujuy\/wp-json\/wp\/v2\/categories?post=375195"},{"taxonomy":"post_tag","embeddable":true,"href":"https:\/\/notinor.com\/jujuy\/wp-json\/wp\/v2\/tags?post=375195"}],"curies":[{"name":"wp","href":"https:\/\/api.w.org\/{rel}","templated":true}]}}