{"id":375191,"date":"2023-04-03T07:00:00","date_gmt":"2023-04-03T10:00:00","guid":{"rendered":"https:\/\/notinor.com\/jujuy\/?p=375191"},"modified":"2023-04-03T08:39:22","modified_gmt":"2023-04-03T11:39:22","slug":"alberto-fernandez-con-biden-nos-reimos-de-trump-los-dos-tenemos-una-mala-opinion-de-el","status":"publish","type":"post","link":"https:\/\/notinor.com\/jujuy\/alberto-fernandez-con-biden-nos-reimos-de-trump-los-dos-tenemos-una-mala-opinion-de-el\/","title":{"rendered":"Alberto Fern\u00e1ndez: \u201cCon Biden nos re\u00edmos de Trump, los dos tenemos una mala opini\u00f3n de \u00e9l\u201d"},"content":{"rendered":"\n<p class=\"has-medium-font-size\"><strong><em>El Presidente asegur\u00f3 en una entrevista que el encuentro con su par estadounidense no fue para nada protocolar y s\u00ed \u201cdiferente a los que \u00e9ste mantuvo con cualquier otro gobierno\u201d. Tambi\u00e9n cont\u00f3 el consejo que le dio Mauricio Macri y por qu\u00e9 no piensa romper el Frente de Todos. \u201cYo fund\u00e9 al kirchnerismo\u201d, sostuvo y defendi\u00f3 \u201cla inocencia de Cristina Kirchner\u201d en las causas de corrupci\u00f3n<\/em><\/strong>.<\/p>\n\n\n\n<p><\/p>\n\n\n<div class=\"wp-block-image\">\n<figure class=\"aligncenter size-large\"><img decoding=\"async\" loading=\"lazy\" width=\"786\" height=\"480\" src=\"https:\/\/notinor.com\/jujuy\/wp-content\/uploads\/2023\/04\/image-6-786x480.png\" alt=\"\" class=\"wp-image-375193\" srcset=\"https:\/\/notinor.com\/jujuy\/wp-content\/uploads\/2023\/04\/image-6-786x480.png 786w, https:\/\/notinor.com\/jujuy\/wp-content\/uploads\/2023\/04\/image-6-597x365.png 597w, https:\/\/notinor.com\/jujuy\/wp-content\/uploads\/2023\/04\/image-6-768x469.png 768w, https:\/\/notinor.com\/jujuy\/wp-content\/uploads\/2023\/04\/image-6-750x458.png 750w, https:\/\/notinor.com\/jujuy\/wp-content\/uploads\/2023\/04\/image-6.png 992w\" sizes=\"(max-width: 786px) 100vw, 786px\" \/><\/figure><\/div>\n\n\n<p><\/p>\n\n\n\n<p>El presidente&nbsp;<strong>Alberto Fern\u00e1ndez<\/strong>&nbsp;revel\u00f3 hoy parte de la conversaci\u00f3n que recientemente tuvo con su par de los Estados Unidos,&nbsp;<strong>Joe Biden<\/strong>, y cont\u00f3 que durante una parte de la reuni\u00f3n ambos \u201cse rieron\u201d del ex mandatario de ese pa\u00eds,<strong>&nbsp;Donald Trump<\/strong>, porque ambos tienen \u201cuna mala opinipo de \u00e9l\u201d<\/p>\n\n\n\n<p>\u201c\u00c9l sabe perfectamente las similitudes entre Macri y Trump, el v\u00ednculo que tuvieron y que tienen. <strong>Yo creo que entiende perfectamente que la deuda que tiene la Argentina fue una decisi\u00f3n de Trump para favorecer a su amigo Macri\u201d<\/strong>, sostuvo el jefe de Estado argentino.<\/p>\n\n\n\n<p>Durante una entrevista con Tom\u00e1s Rebord para su canal de Youtube \u201c<em>El m\u00e9todo Rebord<\/em>\u201d, el Presidente aclar\u00f3 que en esta ocasi\u00f3n no hablaron espec\u00edficamente sobre los presuntos intereses pol\u00edticos de ese pr\u00e9stamo, pero que s\u00ed le remarc\u00f3 que \u201cera impagable\u201d.<\/p>\n\n\n\n<p class=\"has-medium-font-size\">\u201cYo le hab\u00eda planteado la necesidad de hablar claramente de lo que nos pasaba y de lo que necesit\u00e1bamos de los Estados Unidos. Esta reuni\u00f3n tuvo una cosa diferente a las de Biden con cualquier otro gobierno, que fue la de sentar la plana mayor de su gobierno con la del nuestro\u201d, agreg\u00f3.<\/p>\n\n\n\n<p>En este sentido, Alberto Fern\u00e1ndez asegur\u00f3 que \u201cfue una muy buena reuni\u00f3n y record\u00f3 que Biden, delante de la delegaci\u00f3n argentina, \u201cdio instrucciones\u201d a su equipo \u201cpara que se atiendan\u201d los asuntos que le plante\u00f3.<\/p>\n\n\n\n<p>En otro tramo de la entrevista, el mandatario rememor\u00f3 que cuando gan\u00f3 las elecciones en el 2019 se reuni\u00f3 al poco tiempo con su predecesor, Mauricio Macri, quien le recomend\u00f3 \u201ccada dos semanas cortar\u201d porque la administraci\u00f3n nacional \u201ces una trituradora\u201d.<\/p>\n\n\n\n<p>\u201cYo lo escuch\u00e9 y le dije \u2018mir\u00e9, yo s\u00e9 de qu\u00e9 se trata esto, estuve cuatro a\u00f1os en el despacho de ah\u00ed al lado (por la oficina del jefe de Gabinete), y <strong>tomarse un descanso cada dos semanas, la verdad es dif\u00edcil.<\/strong> Esto es 24 por 24\u2033, se\u00f1al\u00f3.<\/p>\n\n\n\n<p>Y agreg\u00f3: \u201cVoy a terminar mi mandato con la tranquilidad de haber dejado todo de m\u00ed y de haberme llevado solamente el honor de haber sido el Presidente de los argentinos. Yo tengo un cari\u00f1o enorme por este Pueblo\u201d, lo que podr\u00eda interpretarse como una indirecta a los problemas por denuncias y juicios de corrupci\u00f3n que enfrentan muchos otros referentes de su espacio.<\/p>\n\n\n\n<p>Al ser consultado espec\u00edficamente por la interna del Frente de Todos, Alberto Fern\u00e1ndez remarc\u00f3 que el problema es que existen \u201cdemasiados \u2018ismos\u2019 en el peronismo despu\u00e9s de Per\u00f3n: el menemismo, el duhaldismo, el kirchnerismo, el cristinismo, es demasiado\u201d.<\/p>\n\n\n\n<p>\u201cEl Frente de Todos es un frente de todos, no es m\u00edo. Si yo hubiera traicionado a todos los compa\u00f1eros que eran parte de un frente\u2026 y por eso preserv\u00e9 ese frente. Era m\u00e1s importante el frente, la unidad, y \u00bfde qu\u00e9 me serv\u00eda a m\u00ed un gesto de unidad para humillar a otro? Y menos creo que la pol\u00edtica sea eso. Entre compa\u00f1eros nos sentamos, discutimos, debatimos y hay uno que tiene la decisi\u00f3n, y ahora soy yo ese.&nbsp;<strong>Yo fund\u00e9 el kirchnerismo, yo lo acompa\u00f1aba a N\u00e9stor Kirchner y mis compa\u00f1eros se re\u00edan, creyendo que era un delirio<\/strong>\u201d, destac\u00f3.<\/p>\n\n\n\n<p>En este sentido, indic\u00f3 que hay varios integrantes de su Gabinete que tambi\u00e9n tienen esos or\u00edgenes, como el jefe de Gabinete,<strong>&nbsp;Agust\u00edn Rossi<\/strong>; la Portavoz,&nbsp;<strong>Gabriela Cerutt<\/strong>i; y los ministros de Defensa,&nbsp;<strong>Jorge Taiana<\/strong>, y de Cultura,&nbsp;<strong>Trist\u00e1n Bauer<\/strong>.<\/p>\n\n\n\n<p>\u201c<strong>Si hay algo que no est\u00e1 en mis planes es terminar con el kirchnerismo, porque soy kirchnerista, ser\u00eda tirarme un tiro en la cabeza.<\/strong>&nbsp;Mi objetivo es mejorar lo que somos, terminar los personalismos. No podemos estar toda la vida dependiendo de la decisi\u00f3n de uno, no podemos y no debemos permitir que eso pase\u201d, complet\u00f3.<\/p>\n\n\n\n<p>El Presidente se hab\u00eda referido tambi\u00e9n a su militancia pasada, dijo que estuvo en la UES y en la JP, en los 70. Y se describi\u00f3 como una persona cr\u00edtica: \u201cAlgo que cuestionaba&nbsp;<strong>con Per\u00f3n vivo era el personalismo<\/strong>&nbsp;y verticalismo. Yo descreo del personalismo.&nbsp;<strong>La no construcci\u00f3n del Albertismo es producto de mi convicci\u00f3n,&nbsp;<\/strong>tenemos demasiados \u2018ismos\u2019 en el peronismo despu\u00e9s de Per\u00f3n: el menemismo, el duhaldismo, el kirchnerismo, el cristinismo, es demasiado\u2026 Per\u00f3n dijo \u2018organ\u00edcense porque me voy a morir y no hay otro Per\u00f3n\u2019; y nosotros esa organizaci\u00f3n democr\u00e1tica nos la debemos\u2026. Tenemos que renovar una vez m\u00e1s la fuerza y una de las cosas que tenemos que hacer es terminar con los personalismos\u201d.<\/p>\n\n\n\n<p>\u201cSi Per\u00f3n viviera, ser\u00eda m\u00e1s cuidadoso en lo que estoy diciendo -aclar\u00f3-. Pero Per\u00f3n hay uno\u201d. Y en cuanto al liderazgo de su vicepresidenta, aclar\u00f3: \u201cMi problema no es si Cristina conduce o no, yo quiero que conduzca&nbsp;<strong>por decisi\u00f3n popular<\/strong>, y yo quiero conducir si el pueblo dice que yo conduzca\u201d, dijo, en lo que pareci\u00f3 un desaf\u00edo a una primaria. Antes hab\u00eda dicho: \u201cLas diferencias entre nosotros sald\u00e9moslas como se saldan en una democracia:&nbsp;<strong>llamemos a la gente a que vote a ver qu\u00e9 entiende la gente que es lo m\u00e1s representativo\u201d.<\/strong><\/p>\n\n\n\n<p>Asimismo, el jefe de Estado defendi\u00f3 las medidas que se tomaron durante su administraci\u00f3n, como el acuerdo con el Fondo Monetario Internacional, las negociaciones con los acreedores privados, la gesti\u00f3n durante la pandemia del coronavirus, su posici\u00f3n contra la guerra en Ucrania y a favor de fomentar un di\u00e1logo en Venezuela.<\/p>\n\n\n\n<p>\u201c\u00bfQue yo no ejerc\u00ed el poder? \u00bfQui\u00e9n dict\u00f3 la ley del aborto? \u00bfQui\u00e9n sac\u00f3 la ley de los 1000 d\u00edas? \u00bfQui\u00e9n sac\u00f3 el documento no binario? \u00bfQue yo no ejerc\u00eda el poder? Lo \u00fanico que yo no hago es ejercer un relato del poder que ejerzo\u201d, agreg\u00f3.<\/p>\n\n\n\n<p class=\"has-medium-font-size\"><strong>Defendi\u00f3 \u201cla inocencia de Cristina\u201d<\/strong><\/p>\n\n\n\n<p><\/p>\n\n\n<div class=\"wp-block-image\">\n<figure class=\"aligncenter size-full\"><img decoding=\"async\" loading=\"lazy\" width=\"768\" height=\"432\" src=\"https:\/\/notinor.com\/jujuy\/wp-content\/uploads\/2023\/04\/image-5.png\" alt=\"\" class=\"wp-image-375192\" srcset=\"https:\/\/notinor.com\/jujuy\/wp-content\/uploads\/2023\/04\/image-5.png 768w, https:\/\/notinor.com\/jujuy\/wp-content\/uploads\/2023\/04\/image-5-649x365.png 649w, https:\/\/notinor.com\/jujuy\/wp-content\/uploads\/2023\/04\/image-5-500x280.png 500w, https:\/\/notinor.com\/jujuy\/wp-content\/uploads\/2023\/04\/image-5-750x422.png 750w\" sizes=\"(max-width: 768px) 100vw, 768px\" \/><\/figure><\/div>\n\n\n<p><\/p>\n\n\n\n<p>Al hablar sobre la situaci\u00f3n de su compa\u00f1era de f\u00f3rmula por las denuncias de corrupci\u00f3n en las que est\u00e1 involucrada, el Presidente opin\u00f3 que&nbsp;<strong>\u201ces injustamente condenada\u201d&nbsp;<\/strong>en la causa Vialidad y que es v\u00edctima de \u201cun relato judicial que no se condice con la realidad de lo que ella hizo\u201d.<\/p>\n\n\n\n<p>\u201cYo lo que quiero que la gente entienda no es el resultado de la proscripci\u00f3n de Cristina, es la condena sobre una persona inocente, eso es lo que, como gente de derecho, lo que m\u00e1s nos debe indignar. Yo, cuando lo fui a ver a Lula preso, sal\u00ed y le dije a los medios \u2018vengo a reclamar por una persona que es perseguida y es inocente\u2019. Estaba claro que si Lula segu\u00eda preso no iba a ser candidato, pero lo m\u00e1s importante era dejar en claro su inocencia, y lo m\u00e1s importante ahora es hablar de la inocencia de Cristina\u201d.<\/p>\n\n\n\n<p>Admiti\u00b4\u00b4o que en el interior del FdT tienen \u201calgunas diferencias (en el modo) de encarar la soluci\u00f3n de algunos problemas\u201d, y puso como ejemplo el c\u00f3mo plantarse \u201cante el fondo\u201d. \u201cNo se concibe un pa\u00eds en default con el Fondo, qued\u00e1s fuera del sistema -dijo, tomando distancia de posiciones extremas- Si me dabas a elegir hubiera elegido no tener deuda con el FMI, pero es lo que me toc\u00f3 y no lo pod\u00eda evitar, y la propuesta de dilatar una soluci\u00f3n nos condenaba a nosotros\u201d.<\/p>\n\n\n\n<p>Reiter\u00f3 que el cr\u00e9dito tomado por Macri \u201cfue un disparate, un cr\u00e9dito pol\u00edtico de Trump para beneficiar a Macri contra m\u00ed\u201d y agreg\u00f3 que cuando se lo dice a los funcionarios del Fondo, le dicen \u201cten\u00e9s raz\u00f3n, pero marche preso...\u201d<\/p>\n\n\n\n<p>\u201cYo tengo la convicci\u00f3n de que&nbsp;<strong>hicimos la mejor negociaci\u00f3n posible<\/strong>&nbsp;y no necesariamente es para celebrar. Lo negativo es tener una deuda con el Fondo, es lo que nos va a condicionar, es el verdadero problema\u201d, insisti\u00f3.<\/p>\n\n\n\n<p>Asegur\u00f3 que alienta a todos los que tienen aspiraciones a que se presenten y que no sabe qui\u00e9n est\u00e1 mejor posicionado: \u201cFalta tiempo, creo que hay actores que pueden aparecer en el escenario y ser candidatos,&nbsp;<strong>aspiro a impulsar a todos\u201d.<\/strong><\/p>\n\n\n\n<p>\u201c\u00bfTen\u00e9s ganas de otro mandato?\u201d, fue la pregunta del conductor. \u201cQu\u00e9 s\u00e9 yo\u2026 s\u00f3lo me falta que los marcianos bajen a la Argentina; yo tengo ganas de que gane el Frente de Todos y que crezca el pa\u00eds y que ese crecimiento tenga la cuota de justicia social que hace falta\u201d, respondi\u00f3.<\/p>\n\n\n\n<p>\u201cMe preocupa y no me preocupa el fen\u00f3meno Milei -dijo en repsuesta a otra consulta-; yo solo marque\u00e9, y a Milei lo ofendi\u00f3 mucho, que muchas veces sectores autoritarios se valen de la democracia para acceder al poder y despu\u00e9s construir desde all\u00ed el autoritarismo, y puse como ejemplo a Hitler: Pasa en muchos lugares del mundo, y es un tema que debe preocuparnos. La Argentina ha tenido historia de autoritarios\u201d.<\/p>\n\n\n\n<p>El programa arranc\u00f3 con unos 4000 espectaores y cuando hab\u00eda transcurrido algo m\u00e1s d euna hora, eran 27 mil.<\/p>\n\n\n\n<p>En cuanto a la situaci\u00f3n econ\u00f3mica, destac\u00f3 que era<strong>&nbsp;\u201cuna suerte que Sergio (Massa) se pudiera hacer cargo de eso\u201d&nbsp;<\/strong>y dijo que su trabajo \u201ces tan dif\u00edcil como inesperado porque \u00e9l no buscaba nunca ser ministro de Econom\u00eda\u201d. Los problemas de la econom\u00eda, sostuvo, no son responsabilidad del actual ministro.<\/p>\n\n\n\n<p>\u201cDesde que asum\u00ed me vienen diciendo que se vienen los saqueos y nunca hubo ninguno -destac\u00f3-, y no fue porque puse gendarmes en los supermercados, fue porque siempre estuvimos presentes\u201d, se\u00f1al\u00f3 en referencia a los planes y subsidios. \u201cLos salarios est\u00e1n deprimidos, claro que s\u00ed, ya ven\u00edan as\u00ed, yo lo que hice fue, en medio de la pandemia, de la guerra, tratar de que las paritarias vayan siguiendo a la inflaci\u00f3n\u201d.<\/p>\n\n\n\n<p>Entre la gente con la que m\u00e1s habla, mencion\u00f3 a Santiago Cafiero, Agust\u00edn Rossi, Gabriela Cerrutti, Julio Vitobello y Vilma Ibaarra. Adem\u00e1s destac\u00f3 que Vcitoria tolosa Paz conoce el tema social \u201ca la perfecci\u00f3n\u201d. \u201cEl gobierno es una org\u00e1nica y ah\u00ed estamos todos juntos. Si hay que hablar de ambiente lo llamo a (Juan) Cabandi\u00e9; no dejo que otro opine por \u00e9l\u201d.<\/p>\n\n\n\n<p>Finalmente, el Presidente se\u00f1al\u00f3 que sus dos ejemplos son Finlandia y Noruega: \u201cLos noruegos descubrieron que ten\u00edan la segunda reserva de gas del mundo, pero la ten\u00edan en el mar; no lo sacaron hasta que tuvieron la tecnolog\u00eda, y cuando lo hicieron, con lo que obtuvieron por el gas construyeron un fondo soberano que es el m\u00e1s grande de Europa. Esa es la diferencia entre Noruega y un pa\u00eds de \u00c1frica. Nosotros tenemos que seguir el ejemplo de Noruega\u201d.<\/p>\n\n\n\n<p>Al cierre del programa, Rebord le present\u00f3 a los integrantes de su equipo y todos juntos<strong>&nbsp;le cantaron el feliz cumplea\u00f1os<\/strong>. Alberto Fern\u00e1ndez cumpli\u00f3 64.<\/p>\n","protected":false},"excerpt":{"rendered":"<p>El Presidente asegur\u00f3 en una entrevista que el encuentro con su par estadounidense no fue para nada protocolar y s\u00ed \u201cdiferente a los que \u00e9ste mantuvo con cualquier otro gobierno\u201d. Tambi\u00e9n cont\u00f3 el consejo que le dio Mauricio Macri y por qu\u00e9 no piensa romper el Frente de Todos. \u201cYo fund\u00e9 al kirchnerismo\u201d, sostuvo y [&hellip;]<\/p>\n","protected":false},"author":37,"featured_media":375230,"comment_status":"open","ping_status":"open","sticky":false,"template":"","format":"standard","meta":{"_stopmodifiedupdate":false,"_modified_date":"","inline_featured_image":false,"spay_email":"","jetpack_publicize_message":""},"categories":[501],"tags":[],"jetpack_featured_media_url":"https:\/\/notinor.com\/jujuy\/wp-content\/uploads\/2023\/04\/alberto.png","jetpack_publicize_connections":[],"_links":{"self":[{"href":"https:\/\/notinor.com\/jujuy\/wp-json\/wp\/v2\/posts\/375191"}],"collection":[{"href":"https:\/\/notinor.com\/jujuy\/wp-json\/wp\/v2\/posts"}],"about":[{"href":"https:\/\/notinor.com\/jujuy\/wp-json\/wp\/v2\/types\/post"}],"author":[{"embeddable":true,"href":"https:\/\/notinor.com\/jujuy\/wp-json\/wp\/v2\/users\/37"}],"replies":[{"embeddable":true,"href":"https:\/\/notinor.com\/jujuy\/wp-json\/wp\/v2\/comments?post=375191"}],"version-history":[{"count":2,"href":"https:\/\/notinor.com\/jujuy\/wp-json\/wp\/v2\/posts\/375191\/revisions"}],"predecessor-version":[{"id":375231,"href":"https:\/\/notinor.com\/jujuy\/wp-json\/wp\/v2\/posts\/375191\/revisions\/375231"}],"wp:featuredmedia":[{"embeddable":true,"href":"https:\/\/notinor.com\/jujuy\/wp-json\/wp\/v2\/media\/375230"}],"wp:attachment":[{"href":"https:\/\/notinor.com\/jujuy\/wp-json\/wp\/v2\/media?parent=375191"}],"wp:term":[{"taxonomy":"category","embeddable":true,"href":"https:\/\/notinor.com\/jujuy\/wp-json\/wp\/v2\/categories?post=375191"},{"taxonomy":"post_tag","embeddable":true,"href":"https:\/\/notinor.com\/jujuy\/wp-json\/wp\/v2\/tags?post=375191"}],"curies":[{"name":"wp","href":"https:\/\/api.w.org\/{rel}","templated":true}]}}