{"id":375063,"date":"2023-04-01T14:32:47","date_gmt":"2023-04-01T17:32:47","guid":{"rendered":"https:\/\/notinor.com\/jujuy\/?p=375063"},"modified":"2023-04-01T14:33:06","modified_gmt":"2023-04-01T17:33:06","slug":"el-campo-liquido-2-802-millones-de-dolares-en-el-primer-trimestre-fue-el-peor-en-16-anos","status":"publish","type":"post","link":"https:\/\/notinor.com\/jujuy\/el-campo-liquido-2-802-millones-de-dolares-en-el-primer-trimestre-fue-el-peor-en-16-anos\/","title":{"rendered":"El campo liquid\u00f3 2.802 millones de d\u00f3lares en el primer trimestre: fue el peor en 16 a\u00f1os"},"content":{"rendered":"\n<p class=\"has-medium-font-size\"><em><strong>El ingreso de d\u00f3lares por las ventas al exterior de granos y subproductos entre enero y marzo pasado baj\u00f3 un 64,6%. La Argentina podr\u00eda perder el podio mundial en harina de soja<\/strong><\/em> <strong><em>y se encamina a cerrar la<\/em><\/strong><em><strong> peor campa\u00f1a productiva en 23 a\u00f1os<\/strong>.<\/em><\/p>\n\n\n<div class=\"wp-block-image\">\n<figure class=\"aligncenter size-large\"><img decoding=\"async\" loading=\"lazy\" width=\"840\" height=\"480\" src=\"https:\/\/notinor.com\/jujuy\/wp-content\/uploads\/2023\/04\/soja-840x480.jpg\" alt=\"\" class=\"wp-image-375070\" srcset=\"https:\/\/notinor.com\/jujuy\/wp-content\/uploads\/2023\/04\/soja-840x480.jpg 840w, https:\/\/notinor.com\/jujuy\/wp-content\/uploads\/2023\/04\/soja-640x365.jpg 640w, https:\/\/notinor.com\/jujuy\/wp-content\/uploads\/2023\/04\/soja-768x438.jpg 768w, https:\/\/notinor.com\/jujuy\/wp-content\/uploads\/2023\/04\/soja-750x428.jpg 750w, https:\/\/notinor.com\/jujuy\/wp-content\/uploads\/2023\/04\/soja.jpg 1000w\" sizes=\"(max-width: 840px) 100vw, 840px\" \/><\/figure><\/div>\n\n\n<p><\/p>\n\n\n\n<p><strong>La liquidaci\u00f3n de divisas de la agroexportaci\u00f3n cerr\u00f3 marzo en 1.228,6 millones de d\u00f3lares,<\/strong>\u00a0lo que represent\u00f3 una mejora del 90% <em>versus <\/em>febrero \u00faltimo. Pero, en paralelo, <strong>signific\u00f3 el nivel m\u00e1s bajo para marzo desde 2020, <\/strong>cuando ingresaron 1.064,3 millones de d\u00f3lares.<\/p>\n\n\n\n<p>El dato fue informado por la\u00a0C\u00e1mara de la Industria Aceitera y el Centro de Exportadores de Cereales (Ciara-CEC),\u00a0de cuyo relevamiento adem\u00e1s\u00a0se desprende que <strong>el per\u00edodo enero-marzo, al finalizar con una liquidaci\u00f3n de 2.802 millones de d\u00f3lares, fue el peor primer trimestre en los \u00faltimos 16 a\u00f1os.\u00a0<\/strong><\/p>\n\n\n\n<p><strong>Un n\u00famero similar no se ve\u00eda desde 2007. Se trata de una mala noticia para el Gobierno<\/strong>, que est\u00e1 necesitado de divisas y se prepara para lanzar un nuevo d\u00f3lar para el agro, que se dar\u00eda a conocer el pr\u00f3ximo lunes.<\/p>\n\n\n\n<p><strong>El sector<\/strong> <strong>previ\u00f3 esta performance, atribuida b\u00e1sicamente por una menor cosecha de trigo: <\/strong>la recolecci\u00f3n de diciembre se recort\u00f3 un casi 50% comparado al \u00faltimo mes de 2021. <\/p>\n\n\n\n<p><strong>Pero la soja y el ma\u00edz tambi\u00e9n registrar\u00e1n fuertes mermas en la cosecha<\/strong>. Teniendo en cuenta el conjunto de los tres cultivos, se estima que<strong> faltar\u00e1n unas 50 millones de toneladas.<\/strong><\/p>\n\n\n\n<p>Si se comparan los 7.926 millones de d\u00f3lares del primer trimestre de 2022 con los 2.802 millones de ahora, <strong>se observa una p\u00e9rdida de m\u00e1s de 5.124,07 millones de d\u00f3lares, producto de una contracci\u00f3n del 64,6%.<\/strong><\/p>\n\n\n\n<p><\/p>\n\n\n<div class=\"wp-block-image\">\n<figure class=\"aligncenter size-full is-resized\"><img decoding=\"async\" loading=\"lazy\" src=\"https:\/\/notinor.com\/jujuy\/wp-content\/uploads\/2022\/08\/cosecha-trigo-1.png\" alt=\"\" class=\"wp-image-347974\" width=\"817\" height=\"558\" srcset=\"https:\/\/notinor.com\/jujuy\/wp-content\/uploads\/2022\/08\/cosecha-trigo-1.png 580w, https:\/\/notinor.com\/jujuy\/wp-content\/uploads\/2022\/08\/cosecha-trigo-1-535x365.png 535w\" sizes=\"(max-width: 817px) 100vw, 817px\" \/><\/figure><\/div>\n\n\n<p><\/p>\n\n\n\n<p>En un comunicado, Ciara-CEC apunt\u00f3 al efecto de la sequ\u00eda por la baja liquidaci\u00f3n:\u00a0<strong>\u201cEl ingreso de divisas de marzo es el reflejo de un mercado fuertemente afectado por la extrema sequ\u00eda que redujo dr\u00e1sticamente las producciones<\/strong> y que llev\u00f3 a puertos y plantas de molienda a operar con niveles extremadamente altos de capacidad ociosa (los m\u00e1s elevados de la historia)\u201d.<\/p>\n\n\n\n<p>Desde la c\u00e1mara explicaron que \u201c<strong>la mayor parte del ingreso de divisas en este sector se produce con bastante antelaci\u00f3n a la exportaci\u00f3n, <\/strong>anticipaci\u00f3n que ronda los 30 d\u00edas en el caso de la exportaci\u00f3n de granos y alcanza hasta los 90 en el caso de la exportaci\u00f3n de aceites y harinas proteicas\u201d.<\/p>\n\n\n\n<p class=\"has-medium-font-size\"><strong>Previsiones para la campa\u00f1a actual<\/strong><\/p>\n\n\n\n<p>En este contexto, siguen difundi\u00e9ndose informes que ilustran<strong> la magnitud del impacto de la sequ\u00eda.<\/strong> En rigor, este viernes la\u00a0Bolsa de Comercio de Rosario (BCR)\u00a0precis\u00f3: \u201c<strong>En t\u00e9rminos de producci\u00f3n de soja, los 25 millones de toneladas que se esperan producir en la campa\u00f1a representan una ca\u00edda del 40%<\/strong> en relaci\u00f3n a la campa\u00f1a pasada,<strong> y la mitad de lo que se produjo en promedio en los \u00faltimos 10 a\u00f1os<\/strong> (50 millones de toneladas). <\/p>\n\n\n\n<p>\u201c<strong>As\u00ed, la Argentina cerrar\u00e1 su peor campa\u00f1a productiva en 23 a\u00f1os, <\/strong>ya que hay que remontarse a la campa\u00f1a 1999\/20 para encontrar una m\u00e1s baja\u201d, anticip\u00f3 la BCR.<\/p>\n\n\n\n<p>La entidad prev\u00e9 <strong>una fuerte ca\u00edda de las exportaciones del complejo soja, por encima de los 7.000 millones de d\u00f3lares.<\/strong> As\u00ed lo se\u00f1al\u00f3 en su informe:\u00a0\u201cEn 2023, producto de la fuerte ca\u00edda en la producci\u00f3n que generar\u00e1 una merma en los vol\u00famenes de molienda y en el saldo exportable en la campa\u00f1a, <strong>se espera un severo ajuste en las exportaciones del complejo<\/strong>\u201d.<\/p>\n\n\n\n<blockquote class=\"wp-block-quote\">\n<p><strong>Se prev\u00e9<\/strong> <strong>una fuerte ca\u00edda de las exportaciones del complejo soja, por encima de los 7.000 millones de d\u00f3lares.<\/strong><\/p>\n<\/blockquote>\n\n\n\n<p>\u201cEn total, seg\u00fan nuestras estimaciones<strong>, las exportaciones del complejo soja podr\u00edan ubicarse en torno a 17.568 millones de d\u00f3lares, lo que significar\u00eda una ca\u00edda del 30%<\/strong> en relaci\u00f3n a 2022, rondando los 7300 millones de d\u00f3lares\u201d.<\/p>\n\n\n\n<p>Por productos, seg\u00fan el informe, <strong>las exportaciones de poroto bajar\u00edan 50%; las de aceite de soja, hasta un 40%; y las de harina y subproductos, un 18%<\/strong>. Las ventas de biodi\u00e9sel podr\u00edan contraerse un 28%.<\/p>\n\n\n\n<p class=\"has-medium-font-size\"><strong>El riesgo de perder un liderazgo hist\u00f3rico<\/strong><\/p>\n\n\n\n<p>Para destacar,<strong>\u00a0hay un fuerte riesgo de que, por efecto de la sequ\u00eda, la Argentina ceda el lugar de primer exportador de harina de soja a Brasil.<\/strong> Se trata del principal producto de venta al exterior que hoy comercializa el pa\u00eds.<\/p>\n\n\n\n<p><\/p>\n\n\n<div class=\"wp-block-image\">\n<figure class=\"aligncenter size-large\"><img decoding=\"async\" loading=\"lazy\" width=\"840\" height=\"480\" src=\"https:\/\/notinor.com\/jujuy\/wp-content\/uploads\/2023\/04\/image-840x480.png\" alt=\"\" class=\"wp-image-375069\" srcset=\"https:\/\/notinor.com\/jujuy\/wp-content\/uploads\/2023\/04\/image-840x480.png 840w, https:\/\/notinor.com\/jujuy\/wp-content\/uploads\/2023\/04\/image-640x365.png 640w, https:\/\/notinor.com\/jujuy\/wp-content\/uploads\/2023\/04\/image-768x438.png 768w, https:\/\/notinor.com\/jujuy\/wp-content\/uploads\/2023\/04\/image-750x428.png 750w, https:\/\/notinor.com\/jujuy\/wp-content\/uploads\/2023\/04\/image.png 1000w\" sizes=\"(max-width: 840px) 100vw, 840px\" \/><\/figure><\/div>\n\n\n<p><\/p>\n\n\n\n<p><strong>\u201cLa Argentina alcanz\u00f3 un \u00e9xito notable en el desarrollo de su complejo industrial oleaginoso a partir de la d\u00e9cada de los '90,<\/strong> evoluci\u00f3n que se fue solidificando con el correr de los a\u00f1os y registr\u00f3 notorios saltos en su capacidad de procesamiento en distintas oportunidades al comp\u00e1s de los crecientes requerimientos de la demanda internacional\u201d, describe el informe de la BCR.<\/p>\n\n\n\n<p>\u201cAs\u00ed, logr\u00f3 consolidar una posici\u00f3n dominante en los mercados de aceite y harina de soja durante m\u00e1s de 25 a\u00f1os\u201d, explic\u00f3, y adelant\u00f3: \u201cEn el caso de la harina de soja, seg\u00fan estimaciones propias,<strong> la Argentina exportar\u00eda cerca de 20 millones de toneladas en la campa\u00f1a 2022\/23, un 29% del comercio global, ubic\u00e1ndose por debajo de Brasil, por primera vez desde la campa\u00f1a 1997\/98<\/strong>,<strong> <\/strong>seg\u00fan nuestras proyecciones\u201d.<\/p>\n","protected":false},"excerpt":{"rendered":"<p>El ingreso de d\u00f3lares por las ventas al exterior de granos y subproductos entre enero y marzo pasado baj\u00f3 un 64,6%. La Argentina podr\u00eda perder el podio mundial en harina de soja y se encamina a cerrar la peor campa\u00f1a productiva en 23 a\u00f1os. La liquidaci\u00f3n de divisas de la agroexportaci\u00f3n cerr\u00f3 marzo en 1.228,6 [&hellip;]<\/p>\n","protected":false},"author":51,"featured_media":375070,"comment_status":"open","ping_status":"open","sticky":false,"template":"","format":"standard","meta":{"_stopmodifiedupdate":false,"_modified_date":"","inline_featured_image":false,"spay_email":"","jetpack_publicize_message":""},"categories":[2542],"tags":[],"jetpack_featured_media_url":"https:\/\/notinor.com\/jujuy\/wp-content\/uploads\/2023\/04\/soja.jpg","jetpack_publicize_connections":[],"_links":{"self":[{"href":"https:\/\/notinor.com\/jujuy\/wp-json\/wp\/v2\/posts\/375063"}],"collection":[{"href":"https:\/\/notinor.com\/jujuy\/wp-json\/wp\/v2\/posts"}],"about":[{"href":"https:\/\/notinor.com\/jujuy\/wp-json\/wp\/v2\/types\/post"}],"author":[{"embeddable":true,"href":"https:\/\/notinor.com\/jujuy\/wp-json\/wp\/v2\/users\/51"}],"replies":[{"embeddable":true,"href":"https:\/\/notinor.com\/jujuy\/wp-json\/wp\/v2\/comments?post=375063"}],"version-history":[{"count":6,"href":"https:\/\/notinor.com\/jujuy\/wp-json\/wp\/v2\/posts\/375063\/revisions"}],"predecessor-version":[{"id":375072,"href":"https:\/\/notinor.com\/jujuy\/wp-json\/wp\/v2\/posts\/375063\/revisions\/375072"}],"wp:featuredmedia":[{"embeddable":true,"href":"https:\/\/notinor.com\/jujuy\/wp-json\/wp\/v2\/media\/375070"}],"wp:attachment":[{"href":"https:\/\/notinor.com\/jujuy\/wp-json\/wp\/v2\/media?parent=375063"}],"wp:term":[{"taxonomy":"category","embeddable":true,"href":"https:\/\/notinor.com\/jujuy\/wp-json\/wp\/v2\/categories?post=375063"},{"taxonomy":"post_tag","embeddable":true,"href":"https:\/\/notinor.com\/jujuy\/wp-json\/wp\/v2\/tags?post=375063"}],"curies":[{"name":"wp","href":"https:\/\/api.w.org\/{rel}","templated":true}]}}