{"id":374959,"date":"2023-04-01T11:57:00","date_gmt":"2023-04-01T14:57:00","guid":{"rendered":"https:\/\/notinor.com\/jujuy\/?p=374959"},"modified":"2023-03-31T21:53:19","modified_gmt":"2023-04-01T00:53:19","slug":"salta-se-suma-a-la-estrategia-de-credito-argentino-y-ya-comprometio-el-25-de-la-linea","status":"publish","type":"post","link":"https:\/\/notinor.com\/jujuy\/salta-se-suma-a-la-estrategia-de-credito-argentino-y-ya-comprometio-el-25-de-la-linea\/","title":{"rendered":"Salta se suma a la estrategia de Cr\u00e9dito Argentino y ya comprometi\u00f3 el 25% de la l\u00ednea"},"content":{"rendered":"\n<p class=\"has-medium-font-size\"><strong><em>El gobernador, Gustavo S\u00e1enz, y el secretario de Industria y Desarrollo Productivo de la Naci\u00f3n, Jos\u00e9 Ignacio de Mendiguren, sellaron la adhesi\u00f3n de la provincia al programa.<\/em><\/strong><\/p>\n\n\n<div class=\"wp-block-image\">\n<figure class=\"aligncenter size-large\"><img decoding=\"async\" loading=\"lazy\" width=\"720\" height=\"480\" src=\"https:\/\/notinor.com\/jujuy\/wp-content\/uploads\/2023\/03\/whatsapp_image_2023-03-22_at_3_56_17_pm_1-720x480.jpeg\" alt=\"\" class=\"wp-image-374968\" srcset=\"https:\/\/notinor.com\/jujuy\/wp-content\/uploads\/2023\/03\/whatsapp_image_2023-03-22_at_3_56_17_pm_1-720x480.jpeg 720w, https:\/\/notinor.com\/jujuy\/wp-content\/uploads\/2023\/03\/whatsapp_image_2023-03-22_at_3_56_17_pm_1-548x365.jpeg 548w, https:\/\/notinor.com\/jujuy\/wp-content\/uploads\/2023\/03\/whatsapp_image_2023-03-22_at_3_56_17_pm_1-768x512.jpeg 768w, https:\/\/notinor.com\/jujuy\/wp-content\/uploads\/2023\/03\/whatsapp_image_2023-03-22_at_3_56_17_pm_1-1536x1023.jpeg 1536w, https:\/\/notinor.com\/jujuy\/wp-content\/uploads\/2023\/03\/whatsapp_image_2023-03-22_at_3_56_17_pm_1-750x500.jpeg 750w, https:\/\/notinor.com\/jujuy\/wp-content\/uploads\/2023\/03\/whatsapp_image_2023-03-22_at_3_56_17_pm_1-1140x760.jpeg 1140w, https:\/\/notinor.com\/jujuy\/wp-content\/uploads\/2023\/03\/whatsapp_image_2023-03-22_at_3_56_17_pm_1.jpeg 1600w\" sizes=\"(max-width: 720px) 100vw, 720px\" \/><\/figure><\/div>\n\n\n<p><\/p>\n\n\n\n<p><strong>El gobernador de&nbsp;Salta, Gustavo S\u00e1enz, y el secretario de Industria y Desarrollo Productivo de la Naci\u00f3n, Jos\u00e9 Ignacio de Mendiguren, sellaron la adhesi\u00f3n de&nbsp;la provincia al Programa Cr\u00e9dito Argentino (CreAr), <\/strong>para que las empresas provinciales cuenten con cr\u00e9ditos para inversi\u00f3n productiva. <\/p>\n\n\n\n<p>Durante el encuentro, las autoridades destacaron <strong>la alta demanda por parte de los sectores productivos salte\u00f1os, que ya comprometieron el 25% de esta l\u00ednea <\/strong>destinada a promover inversiones estrat\u00e9gicas e impulsar el cambio de la estructura productiva de las econom\u00edas regionales.<br><br><strong>\u201cLas micro, peque\u00f1as y medianas empresas son un sector estrat\u00e9gico <\/strong>y es por eso que estamos trabajando para seguir impulsando su desarrollo y potencial, ya que no solo generan empleo de calidad para los salte\u00f1os, sino que tambi\u00e9n <strong>cumplen un rol importante en el desarrollo regional, fortaleciendo el entramado productivo, impulsando la innovaci\u00f3n y agregando valor. <\/strong>Son uno de los motores fundamentales de la econom\u00eda\u201d, asegur\u00f3 S\u00e1enz.&nbsp;<br><br>Por su parte, Mendiguren subray\u00f3: \u201c<strong>CreAr es el programa de cr\u00e9ditos a la inversi\u00f3n m\u00e1s grande del que se tenga memoria<\/strong>. En esta coyuntura macroecon\u00f3mica dif\u00edcil, <strong>la<\/strong> <strong>tasa de mercado est\u00e1 alta y por eso el Estado invierte para aliviarla, <\/strong>para las pymes y tambi\u00e9n emprendedores que producen y generan empleo en todo el pa\u00eds\u201d.&nbsp;<br><br>En la misma l\u00ednea, el secretario agreg\u00f3 que \u201c<strong>Salta&nbsp;tiene los recursos naturales, humanos y estrat\u00e9gicos para fortalecer y seguir desarrollando todo su entramado productivo<\/strong>\u201d. Y remarc\u00f3: \u201cEstamos instrumentando la decisi\u00f3n pol\u00edtica del ministro de Econom\u00eda, Sergio Massa, de que <strong>esta l\u00ednea llegue a todos los sectores productivos que contribuyen al cambio estructural de la Argentina\u201d.&nbsp;<\/strong><\/p>\n\n\n\n<p><\/p>\n\n\n<div class=\"wp-block-image\">\n<figure class=\"aligncenter size-large\"><img decoding=\"async\" loading=\"lazy\" width=\"789\" height=\"480\" src=\"https:\/\/notinor.com\/jujuy\/wp-content\/uploads\/2023\/03\/image-375-789x480.png\" alt=\"\" class=\"wp-image-374967\" srcset=\"https:\/\/notinor.com\/jujuy\/wp-content\/uploads\/2023\/03\/image-375-789x480.png 789w, https:\/\/notinor.com\/jujuy\/wp-content\/uploads\/2023\/03\/image-375-600x365.png 600w, https:\/\/notinor.com\/jujuy\/wp-content\/uploads\/2023\/03\/image-375-768x467.png 768w, https:\/\/notinor.com\/jujuy\/wp-content\/uploads\/2023\/03\/image-375-1536x934.png 1536w, https:\/\/notinor.com\/jujuy\/wp-content\/uploads\/2023\/03\/image-375-750x456.png 750w, https:\/\/notinor.com\/jujuy\/wp-content\/uploads\/2023\/03\/image-375-1140x693.png 1140w, https:\/\/notinor.com\/jujuy\/wp-content\/uploads\/2023\/03\/image-375.png 1600w\" sizes=\"(max-width: 789px) 100vw, 789px\" \/><\/figure><\/div>\n\n\n<p><\/p>\n\n\n\n<p>Cr\u00e9dito Argentino (CreAr) es el programa de financiamiento a la inversi\u00f3n m\u00e1s grande de la historia reciente del pa\u00eds. <strong>Con un presupuesto inicial de $500.000 millones en cr\u00e9ditos y garant\u00edas, impulsa proyectos de inversi\u00f3n que cambien la estructura productiva<\/strong>, fomentando el desarrollo nacional, las exportaciones y el reemplazo eficiente de importaciones en cadenas de valor estrat\u00e9gicas, con el fin de promover la creaci\u00f3n de empleo y la generaci\u00f3n de divisas.<br><br><strong>Los cr\u00e9ditos en el marco de la L\u00ednea CreAr Federal en&nbsp;Salta, con un cupo inicial de $ 1.000 millones, se canalizan a trav\u00e9s del Banco Macro.<\/strong> Tienen un plazo de entre 48 a 60 meses y cuentan con bonificaci\u00f3n de 5 puntos porcentuales por parte del gobierno provincial y de hasta 30 puntos por parte del Fondo Nacional de Desarrollo Productivo (FONDEP) de la Secretar\u00eda de Industria y Desarrollo Productivo. <strong>El monto m\u00e1ximo por cr\u00e9dito es de hasta $ 100 millones.<\/strong><br><br><strong>El financiamiento est\u00e1 destinado a proyectos de inversi\u00f3n, la adquisici\u00f3n de bienes de capital y la construcci\u00f3n de instalaciones necesarias<\/strong> (hasta 20% del proyecto para capital de trabajo asociado).&nbsp;&nbsp;&nbsp;<br><strong><br>En el encuentro tambi\u00e9n estuvieron presentes otros funcionarios, <\/strong>como el subsecretario de la Peque\u00f1a y la Mediana Empresa de la Naci\u00f3n, Tom\u00e1s Canosa; y el director nacional de Financiamiento PyME, Francisco Abramovich.<\/p>\n","protected":false},"excerpt":{"rendered":"<p>El gobernador, Gustavo S\u00e1enz, y el secretario de Industria y Desarrollo Productivo de la Naci\u00f3n, Jos\u00e9 Ignacio de Mendiguren, sellaron la adhesi\u00f3n de la provincia al programa. El gobernador de&nbsp;Salta, Gustavo S\u00e1enz, y el secretario de Industria y Desarrollo Productivo de la Naci\u00f3n, Jos\u00e9 Ignacio de Mendiguren, sellaron la adhesi\u00f3n de&nbsp;la provincia al Programa Cr\u00e9dito [&hellip;]<\/p>\n","protected":false},"author":51,"featured_media":374968,"comment_status":"open","ping_status":"open","sticky":false,"template":"","format":"standard","meta":{"_stopmodifiedupdate":false,"_modified_date":"","inline_featured_image":false,"spay_email":"","jetpack_publicize_message":""},"categories":[2553],"tags":[],"jetpack_featured_media_url":"https:\/\/notinor.com\/jujuy\/wp-content\/uploads\/2023\/03\/whatsapp_image_2023-03-22_at_3_56_17_pm_1.jpeg","jetpack_publicize_connections":[],"_links":{"self":[{"href":"https:\/\/notinor.com\/jujuy\/wp-json\/wp\/v2\/posts\/374959"}],"collection":[{"href":"https:\/\/notinor.com\/jujuy\/wp-json\/wp\/v2\/posts"}],"about":[{"href":"https:\/\/notinor.com\/jujuy\/wp-json\/wp\/v2\/types\/post"}],"author":[{"embeddable":true,"href":"https:\/\/notinor.com\/jujuy\/wp-json\/wp\/v2\/users\/51"}],"replies":[{"embeddable":true,"href":"https:\/\/notinor.com\/jujuy\/wp-json\/wp\/v2\/comments?post=374959"}],"version-history":[{"count":7,"href":"https:\/\/notinor.com\/jujuy\/wp-json\/wp\/v2\/posts\/374959\/revisions"}],"predecessor-version":[{"id":374969,"href":"https:\/\/notinor.com\/jujuy\/wp-json\/wp\/v2\/posts\/374959\/revisions\/374969"}],"wp:featuredmedia":[{"embeddable":true,"href":"https:\/\/notinor.com\/jujuy\/wp-json\/wp\/v2\/media\/374968"}],"wp:attachment":[{"href":"https:\/\/notinor.com\/jujuy\/wp-json\/wp\/v2\/media?parent=374959"}],"wp:term":[{"taxonomy":"category","embeddable":true,"href":"https:\/\/notinor.com\/jujuy\/wp-json\/wp\/v2\/categories?post=374959"},{"taxonomy":"post_tag","embeddable":true,"href":"https:\/\/notinor.com\/jujuy\/wp-json\/wp\/v2\/tags?post=374959"}],"curies":[{"name":"wp","href":"https:\/\/api.w.org\/{rel}","templated":true}]}}