{"id":374533,"date":"2023-03-27T11:39:06","date_gmt":"2023-03-27T14:39:06","guid":{"rendered":"https:\/\/notinor.com\/jujuy\/?p=374533"},"modified":"2023-03-27T11:39:11","modified_gmt":"2023-03-27T14:39:11","slug":"la-conmovedora-imagen-de-pampita-y-su-hija-ana-frente-a-la-tumba-de-blanca-siempre-en-nuestros-corazones","status":"publish","type":"post","link":"https:\/\/notinor.com\/jujuy\/la-conmovedora-imagen-de-pampita-y-su-hija-ana-frente-a-la-tumba-de-blanca-siempre-en-nuestros-corazones\/","title":{"rendered":"La conmovedora imagen de Pampita y su hija Ana frente a la tumba de Blanca: \u201dSiempre en nuestros corazones\u201d"},"content":{"rendered":"\n<p class=\"has-medium-font-size\"><strong><em>La modelo comparti\u00f3 una fotograf\u00eda a d\u00edas de un nuevo aniversario de su nacimiento<\/em><\/strong><\/p>\n\n\n\n<p><\/p>\n\n\n<div class=\"wp-block-image\">\n<figure class=\"aligncenter size-large\"><img decoding=\"async\" loading=\"lazy\" width=\"270\" height=\"480\" src=\"https:\/\/notinor.com\/jujuy\/wp-content\/uploads\/2023\/03\/image-317-270x480.png\" alt=\"\" class=\"wp-image-374534\" srcset=\"https:\/\/notinor.com\/jujuy\/wp-content\/uploads\/2023\/03\/image-317-270x480.png 270w, https:\/\/notinor.com\/jujuy\/wp-content\/uploads\/2023\/03\/image-317-205x365.png 205w, https:\/\/notinor.com\/jujuy\/wp-content\/uploads\/2023\/03\/image-317-750x1333.png 750w, https:\/\/notinor.com\/jujuy\/wp-content\/uploads\/2023\/03\/image-317.png 768w\" sizes=\"(max-width: 270px) 100vw, 270px\" \/><\/figure><\/div>\n\n\n<p><\/p>\n\n\n\n<p>En las \u00faltimas horas, Pampita vivi\u00f3 un momento muy emotivo. La modelo y conductora conmovi\u00f3 a los usuarios en las redes con una postal sumamente tierna al visitar la tumba de\u00a0<strong>Blanca Vicu\u00f1a,<\/strong>\u00a0que muri\u00f3 el 8 de septiembre de 2012, a los seis a\u00f1os, como consecuencia de una neumon\u00eda hemorr\u00e1gica.<\/p>\n\n\n\n<p>En la imagen en cuesti\u00f3n est\u00e1 Pampita junto a Ana, la ni\u00f1a que tuvo con<strong>\u00a0Roberto Garc\u00eda Morit\u00e1n<\/strong>, y\u00a0<strong>Guillermo Ardohain<\/strong>, frente a la lapida de la peque\u00f1a. \u201cSiempre en nuestros corazones, Blanquita\u201d, dice la publicaci\u00f3n que hab\u00eda subido primero su hermano y que luego la modelo republic\u00f3 en sus redes sociales.<\/p>\n\n\n\n<p>El 15 de mayo de 2006 nac\u00eda&nbsp;<strong>Blanca Vicu\u00f1a<\/strong>, fruto de la relaci\u00f3n entre&nbsp;<strong>Pampita<\/strong>&nbsp;y&nbsp;<strong>Benjam\u00edn Vicu\u00f1a<\/strong>. A los 6 a\u00f1os de la menor, a fines de agosto de 2012, los padres y Blanca pasaban sus vacaciones en la&nbsp;<strong>Riviera Maya&nbsp;<\/strong>mexicana junto a sus otros dos hijos:&nbsp;<strong>Bautista&nbsp;<\/strong>(de cuatro) y&nbsp;<strong>Beltr\u00e1n<\/strong>&nbsp;(que estaba por cumplir tres meses). Lo que parec\u00eda que ser\u00edan unos d\u00edas de descanso id\u00edlicos cambiaron rotundamente cuando la ni\u00f1a comenz\u00f3 a sentirse mal. Al principio, sus padres pensaron en un resfr\u00edo, pero el cuadro empeor\u00f3 y decidieron adelantar el regreso a Chile, adonde resid\u00edan por aquellos a\u00f1os.<\/p>\n\n\n\n<p>El 30 de agosto Blanca fue internada en la Cl\u00ednica Las Condes. Todo era incertidumbre: los m\u00e9dicos no encontraban un diagn\u00f3stico preciso, pero la noticia ya hab\u00eda trascendido y eran dos los pa\u00edses que estaban en vilo por su salud. Tanto argentinos como chilenos estuvieron d\u00edas enteros rezando por ella.<\/p>\n\n\n\n<p>Seg\u00fan informaba el diario chileno&nbsp;<em>Las \u00daltimas Noticias<\/em>, Blanca debi\u00f3 ser atendida en la Unidad de Tratamientos Intensivos (UTI). Le realizaron varios ex\u00e1menes para determinar cuanto antes su cuadro, ganar tiempo y, de esa forma, poder medicarla adecuadamente. A Blanca le costaba respirar con normalidad y ten\u00eda fuertes dolores en el pecho. Mientras tanto, Pampita y Benjam\u00edn no dejaban ni por un minuto la guardia pedi\u00e1trica, donde eran contenidos por familiares y amigos.<\/p>\n\n\n\n<p>\u201cLuego de estar nueve d\u00edas internada en la Cl\u00ednica Las Condes y como consecuencia de una neumon\u00eda hemorr\u00e1gica que ocasion\u00f3 una falla multisist\u00e9mica, fue confirmada la muerte de Blanca Vicu\u00f1a Ardohain\u201d,publicaron los medios trasandinos el s\u00e1bado 8 de septiembre. M\u00e1s tarde llegar\u00edan el comunicado oficial de la familia: \u201cAgradecemos el cari\u00f1o y apoyo para Blanca, se fue rodeada de amor y luz. Viviremos nuestro dolor en la privacidad de la familia, amigos y con la energ\u00eda que nos han enviado cientos de personas. Infinitas gracias\u201d.<\/p>\n\n\n\n<p>Desde ese d\u00eda,\u00a0<strong>Benjam\u00edn Vicu\u00f1a<\/strong>\u00a0no deja pasar ning\u00fan 8 de cada mes para recordarla. En esta oportunidad, por caso, el actor chileno decidi\u00f3 homenajearla mostrando en sus redes sociales un peque\u00f1o altar que dispuso en una parte de su casa. Junto a una foto de su nena, sobre un espejo, encendi\u00f3 dos velas blancas adelante de la imagen. Para ambientar el momento, puso la canci\u00f3n Ni\u00f1a bonita, de Dstance.<\/p>\n\n\n\n<p>La letra es tan emotiva que la publicaci\u00f3n conmovi\u00f3 a sus seguidores. \u201cNi\u00f1a bonita, sonrisa de princesa que es una obra maestra de los pies a la cabeza. Risa perfecta, tan simple y tan coqueta, por m\u00e1s que ella se esconde la delata su belleza. Y me pregunto qu\u00e9 pasar\u00eda si yo le canto esta canci\u00f3n, te digo lo que siento. \u00bfQu\u00e9 dir\u00edas si t\u00fa escoges una estrella vuelo alto y voy por ella?\u201d, dice un fragmento del tema.<\/p>\n\n\n\n<p>Hace unos d\u00edas, el actor sorprendi\u00f3 al contar que homenajear\u00e1 a su hija con un libro. \u201cEsto es lo m\u00e1s personal que he hecho\u201d, asegur\u00f3 sobre el proyecto, que es una manera de transformar el dolor y el duelo. As\u00ed lo revel\u00f3 cuando brind\u00f3 una entrevista al diario<em>&nbsp;El mundo de Espa\u00f1a<\/em>, en donde habl\u00f3 sobre su trayectoria actoral, el pr\u00f3ximo lanzamiento de perfumes y el proyecto m\u00e1s importante para \u00e9l, que es el lanzamiento de su libro para su hija.<\/p>\n\n\n\n<p>\u201cEstoy escribiendo un libro sobre ella... Tiene que ver con la transformaci\u00f3n del dolor y el duelo de mi hija\u201d, comenz\u00f3 diciendo. Despu\u00e9s, asegur\u00f3 que esto es de lo m\u00e1s personal que hizo en su trayectoria: \u201cSuelo esconderme detr\u00e1s de los personajes que hago. Pero esto de escribir ha sido cat\u00e1rtico y necesario\u201d.<\/p>\n","protected":false},"excerpt":{"rendered":"<p>La modelo comparti\u00f3 una fotograf\u00eda a d\u00edas de un nuevo aniversario de su nacimiento En las \u00faltimas horas, Pampita vivi\u00f3 un momento muy emotivo. La modelo y conductora conmovi\u00f3 a los usuarios en las redes con una postal sumamente tierna al visitar la tumba de\u00a0Blanca Vicu\u00f1a,\u00a0que muri\u00f3 el 8 de septiembre de 2012, a los [&hellip;]<\/p>\n","protected":false},"author":37,"featured_media":374534,"comment_status":"open","ping_status":"open","sticky":false,"template":"","format":"standard","meta":{"_stopmodifiedupdate":false,"_modified_date":"","inline_featured_image":false,"spay_email":"","jetpack_publicize_message":""},"categories":[21],"tags":[],"jetpack_featured_media_url":"https:\/\/notinor.com\/jujuy\/wp-content\/uploads\/2023\/03\/image-317.png","jetpack_publicize_connections":[],"_links":{"self":[{"href":"https:\/\/notinor.com\/jujuy\/wp-json\/wp\/v2\/posts\/374533"}],"collection":[{"href":"https:\/\/notinor.com\/jujuy\/wp-json\/wp\/v2\/posts"}],"about":[{"href":"https:\/\/notinor.com\/jujuy\/wp-json\/wp\/v2\/types\/post"}],"author":[{"embeddable":true,"href":"https:\/\/notinor.com\/jujuy\/wp-json\/wp\/v2\/users\/37"}],"replies":[{"embeddable":true,"href":"https:\/\/notinor.com\/jujuy\/wp-json\/wp\/v2\/comments?post=374533"}],"version-history":[{"count":1,"href":"https:\/\/notinor.com\/jujuy\/wp-json\/wp\/v2\/posts\/374533\/revisions"}],"predecessor-version":[{"id":374535,"href":"https:\/\/notinor.com\/jujuy\/wp-json\/wp\/v2\/posts\/374533\/revisions\/374535"}],"wp:featuredmedia":[{"embeddable":true,"href":"https:\/\/notinor.com\/jujuy\/wp-json\/wp\/v2\/media\/374534"}],"wp:attachment":[{"href":"https:\/\/notinor.com\/jujuy\/wp-json\/wp\/v2\/media?parent=374533"}],"wp:term":[{"taxonomy":"category","embeddable":true,"href":"https:\/\/notinor.com\/jujuy\/wp-json\/wp\/v2\/categories?post=374533"},{"taxonomy":"post_tag","embeddable":true,"href":"https:\/\/notinor.com\/jujuy\/wp-json\/wp\/v2\/tags?post=374533"}],"curies":[{"name":"wp","href":"https:\/\/api.w.org\/{rel}","templated":true}]}}