{"id":374529,"date":"2023-03-27T11:32:45","date_gmt":"2023-03-27T14:32:45","guid":{"rendered":"https:\/\/notinor.com\/jujuy\/?p=374529"},"modified":"2023-03-27T11:32:49","modified_gmt":"2023-03-27T14:32:49","slug":"el-lobo-recibe-a-villa-dalmine-en-un-dificultoso-horario","status":"publish","type":"post","link":"https:\/\/notinor.com\/jujuy\/el-lobo-recibe-a-villa-dalmine-en-un-dificultoso-horario\/","title":{"rendered":"El Lobo recibe a Villa D\u00e1lmine en un dificultoso horario"},"content":{"rendered":"\n<p class=\"has-medium-font-size\"><strong><em>Tras la dura ca\u00edda a manos de Deportivo Madryn, los dirigidos por Mario G\u00f3mez buscar\u00e1n este viernes reponerse en casa, aunque en un horario inc\u00f3modo.<\/em><\/strong> <\/p>\n\n\n\n<p><\/p>\n\n\n<div class=\"wp-block-image\">\n<figure class=\"aligncenter size-large\"><img decoding=\"async\" loading=\"lazy\" width=\"720\" height=\"480\" src=\"https:\/\/notinor.com\/jujuy\/wp-content\/uploads\/2023\/03\/Picsart_23-03-19_15-55-47-412-720x480.jpg\" alt=\"\" class=\"wp-image-374530\" srcset=\"https:\/\/notinor.com\/jujuy\/wp-content\/uploads\/2023\/03\/Picsart_23-03-19_15-55-47-412-720x480.jpg 720w, https:\/\/notinor.com\/jujuy\/wp-content\/uploads\/2023\/03\/Picsart_23-03-19_15-55-47-412-547x365.jpg 547w, https:\/\/notinor.com\/jujuy\/wp-content\/uploads\/2023\/03\/Picsart_23-03-19_15-55-47-412-768x512.jpg 768w, https:\/\/notinor.com\/jujuy\/wp-content\/uploads\/2023\/03\/Picsart_23-03-19_15-55-47-412-750x500.jpg 750w, https:\/\/notinor.com\/jujuy\/wp-content\/uploads\/2023\/03\/Picsart_23-03-19_15-55-47-412-1140x760.jpg 1140w, https:\/\/notinor.com\/jujuy\/wp-content\/uploads\/2023\/03\/Picsart_23-03-19_15-55-47-412.jpg 1216w\" sizes=\"(max-width: 720px) 100vw, 720px\" \/><figcaption class=\"wp-element-caption\">PH ROCIO ROJAS<\/figcaption><\/figure><\/div>\n\n\n<p><\/p>\n\n\n\n<p><strong>Gimnasia y Esgrima de Jujuy recibe este viernes a Villa D\u00e1lmine, por la octava fecha de la Primera Nacional <\/strong>y con el objetivo de recuperarse de la dura ca\u00edda que sufri\u00f3 el fin de semana pasado a manos de Deportivo Madryn por 3 a 0. <\/p>\n\n\n\n<p>El partido se program\u00f3 en el <em>Estadio 23 de Agosto<\/em>, a las<strong> 17 horas y gener\u00f3 disconformidad en la hinchada albiceleste, ya que se trata de un horario laboral. <\/strong>Ser\u00e1 televisado por TyC Sports Play. <\/p>\n\n\n\n<p>Mario G\u00f3mez espera por Fernando Brandan, <strong>el volante ofensivo es clave en el equipo<\/strong> y se hab\u00eda ausentado en el \u00faltimo encuentro por una operaci\u00f3n programada.<\/p>\n\n\n\n<p>El rival de turno del <em>Lobo<\/em>, viene de superar a Ferro Carril Oeste en condici\u00f3n de local por 2 a 0 y<strong> suma diez unidades en el torneo.<\/strong><\/p>\n\n\n\n<p>Por su parte, el <em>albiceleste<\/em>, <strong>cosecha nueve puntos.<\/strong> Lideran la Zona B del torneo Chacarita y Quilmes con 15 unidades.<\/p>\n\n\n\n<p class=\"has-medium-font-size\"><strong>Tabla de posiciones<\/strong><\/p>\n\n\n\n<figure class=\"wp-block-image size-large\"><img decoding=\"async\" loading=\"lazy\" width=\"784\" height=\"480\" src=\"https:\/\/notinor.com\/jujuy\/wp-content\/uploads\/2023\/03\/image-316-784x480.png\" alt=\"\" class=\"wp-image-374531\" srcset=\"https:\/\/notinor.com\/jujuy\/wp-content\/uploads\/2023\/03\/image-316-784x480.png 784w, https:\/\/notinor.com\/jujuy\/wp-content\/uploads\/2023\/03\/image-316-596x365.png 596w, https:\/\/notinor.com\/jujuy\/wp-content\/uploads\/2023\/03\/image-316-768x470.png 768w, https:\/\/notinor.com\/jujuy\/wp-content\/uploads\/2023\/03\/image-316-750x459.png 750w, https:\/\/notinor.com\/jujuy\/wp-content\/uploads\/2023\/03\/image-316.png 831w\" sizes=\"(max-width: 784px) 100vw, 784px\" \/><\/figure>\n\n\n\n<p><a href=\"https:\/\/www.somosjujuy.com.ar\/deportes\/gimnasia-jujuy-perdio-3-1-deportivo-madryn-n70938\"><\/a><\/p>\n","protected":false},"excerpt":{"rendered":"<p>Tras la dura ca\u00edda a manos de Deportivo Madryn, los dirigidos por Mario G\u00f3mez buscar\u00e1n este viernes reponerse en casa, aunque en un horario inc\u00f3modo. Gimnasia y Esgrima de Jujuy recibe este viernes a Villa D\u00e1lmine, por la octava fecha de la Primera Nacional y con el objetivo de recuperarse de la dura ca\u00edda que [&hellip;]<\/p>\n","protected":false},"author":37,"featured_media":374530,"comment_status":"open","ping_status":"open","sticky":false,"template":"","format":"standard","meta":{"_stopmodifiedupdate":false,"_modified_date":"","inline_featured_image":false,"spay_email":"","jetpack_publicize_message":""},"categories":[7],"tags":[],"jetpack_featured_media_url":"https:\/\/notinor.com\/jujuy\/wp-content\/uploads\/2023\/03\/Picsart_23-03-19_15-55-47-412.jpg","jetpack_publicize_connections":[],"_links":{"self":[{"href":"https:\/\/notinor.com\/jujuy\/wp-json\/wp\/v2\/posts\/374529"}],"collection":[{"href":"https:\/\/notinor.com\/jujuy\/wp-json\/wp\/v2\/posts"}],"about":[{"href":"https:\/\/notinor.com\/jujuy\/wp-json\/wp\/v2\/types\/post"}],"author":[{"embeddable":true,"href":"https:\/\/notinor.com\/jujuy\/wp-json\/wp\/v2\/users\/37"}],"replies":[{"embeddable":true,"href":"https:\/\/notinor.com\/jujuy\/wp-json\/wp\/v2\/comments?post=374529"}],"version-history":[{"count":1,"href":"https:\/\/notinor.com\/jujuy\/wp-json\/wp\/v2\/posts\/374529\/revisions"}],"predecessor-version":[{"id":374532,"href":"https:\/\/notinor.com\/jujuy\/wp-json\/wp\/v2\/posts\/374529\/revisions\/374532"}],"wp:featuredmedia":[{"embeddable":true,"href":"https:\/\/notinor.com\/jujuy\/wp-json\/wp\/v2\/media\/374530"}],"wp:attachment":[{"href":"https:\/\/notinor.com\/jujuy\/wp-json\/wp\/v2\/media?parent=374529"}],"wp:term":[{"taxonomy":"category","embeddable":true,"href":"https:\/\/notinor.com\/jujuy\/wp-json\/wp\/v2\/categories?post=374529"},{"taxonomy":"post_tag","embeddable":true,"href":"https:\/\/notinor.com\/jujuy\/wp-json\/wp\/v2\/tags?post=374529"}],"curies":[{"name":"wp","href":"https:\/\/api.w.org\/{rel}","templated":true}]}}