{"id":374526,"date":"2023-03-27T11:13:57","date_gmt":"2023-03-27T14:13:57","guid":{"rendered":"https:\/\/notinor.com\/jujuy\/?p=374526"},"modified":"2023-03-27T11:14:02","modified_gmt":"2023-03-27T14:14:02","slug":"un-candidato-a-gobernador-de-rio-negro-atropello-y-mato-a-una-persona-en-un-tragico-accidente","status":"publish","type":"post","link":"https:\/\/notinor.com\/jujuy\/un-candidato-a-gobernador-de-rio-negro-atropello-y-mato-a-una-persona-en-un-tragico-accidente\/","title":{"rendered":"Un candidato a gobernador de R\u00edo Negro atropell\u00f3 y mat\u00f3 a una persona en un tr\u00e1gico accidente"},"content":{"rendered":"\n<p class=\"has-medium-font-size\"><em><strong>An\u00edbal Tortoriello, quien encabeza la f\u00f3rmula de Cambia R\u00edo Negro para las elecciones provinciales que se realizar\u00e1n el pr\u00f3ximo 16 de abril, embisti\u00f3 a un peat\u00f3n que intentaba cruzar la ruta 22. La v\u00edctima muri\u00f3 en el acto.<\/strong><\/em><\/p>\n\n\n\n<p><\/p>\n\n\n<div class=\"wp-block-image\">\n<figure class=\"aligncenter size-large\"><img decoding=\"async\" loading=\"lazy\" width=\"840\" height=\"470\" src=\"https:\/\/notinor.com\/jujuy\/wp-content\/uploads\/2023\/03\/image-315-840x470.png\" alt=\"\" class=\"wp-image-374527\" srcset=\"https:\/\/notinor.com\/jujuy\/wp-content\/uploads\/2023\/03\/image-315-840x470.png 840w, https:\/\/notinor.com\/jujuy\/wp-content\/uploads\/2023\/03\/image-315-652x365.png 652w, https:\/\/notinor.com\/jujuy\/wp-content\/uploads\/2023\/03\/image-315-500x280.png 500w, https:\/\/notinor.com\/jujuy\/wp-content\/uploads\/2023\/03\/image-315-768x430.png 768w, https:\/\/notinor.com\/jujuy\/wp-content\/uploads\/2023\/03\/image-315-750x420.png 750w, https:\/\/notinor.com\/jujuy\/wp-content\/uploads\/2023\/03\/image-315-1140x638.png 1140w, https:\/\/notinor.com\/jujuy\/wp-content\/uploads\/2023\/03\/image-315.png 1440w\" sizes=\"(max-width: 840px) 100vw, 840px\" \/><\/figure><\/div>\n\n\n<p><\/p>\n\n\n\n<p><strong>An\u00edbal Tortoriello<\/strong>, candidato a gobernador por Cambia R\u00edo Negro en las\u00a0elecciones provinciales\u00a0que se realizar\u00e1n el pr\u00f3ximo 16 de abril, atropell\u00f3 y mat\u00f3 a una persona en\u00a0un tr\u00e1gico accidente\u00a0que ocurri\u00f3 durante la noche del domingo sobre la ruta 22.<\/p>\n\n\n\n<p>Las primeras versiones indican que el diputado volv\u00eda a\u00a0<strong>Cipolletti\u00a0<\/strong>a bordo de su auto Audi Q5 desde la localidad de Villa Regina, lugar al que hab\u00eda acudido para asistir a\u00a0<strong>la Fiesta de la Vendimia<\/strong>, junto a su esposa y a otras dos personas que ser\u00edan integrantes de su equipo de campa\u00f1a.<\/p>\n\n\n\n<p>Cerca de las 22 y aproximadamente sobre el kil\u00f3metro 1155 de la ruta nacional,\u00a0<strong>Tortoriello atropell\u00f3 a una persona que\u00a0intentaba cruzar la calle<\/strong>.\u00a0Fuentes del \u00e1rea de Tr\u00e1nsito de la Polic\u00eda de la provincia de R\u00edo Negro indicaron que la v\u00edctima\u00a0<strong>falleci\u00f3 en el acto<\/strong>\u00a0debido \u201ca las graves lesiones que le provoc\u00f3 el fuerte impacto\u201d.<\/p>\n\n\n\n<p>Por su parte, allegados al partido Cambia R\u00edo Negro informaron que tanto Tortoriello como su esposa y los dos colaboradores de su equipo<strong>&nbsp;se encontraban en buen estado de salud&nbsp;<\/strong>y no debieron ser asistidos con urgencia.<\/p>\n\n\n\n<p>Distintos medios provinciales indicaron que la v\u00edctima<strong>&nbsp;hab\u00eda saltado uno de los paredones cercanos a la ruta 22 en un sector poco iluminado e inhabilitado para cruzar<\/strong>, con el objetivo de llegar al otro lado de la ruta. Seg\u00fan aseguran vecinos, la pr\u00e1ctica es bastante habitual en la zona.<\/p>\n\n\n\n<p>Las primeras investigaciones indican que Tortoriello no habr\u00eda visto la aparici\u00f3n del joven, cuya<strong>\u00a0identidad no ha sido confirmada<\/strong>\u00a0por las autoridades todav\u00eda, y lo embisti\u00f3 mientras iba a gran velocidad.<\/p>\n\n\n\n<p>El comisario Milton Almendra, jefe de zona de la Unidad Regional II, inform\u00f3 a medios locales que el candidato a gobernador rionegrino por el PRO fue sometido a un<strong>&nbsp;test de alcoholemia que entreg\u00f3 resultados negativos.<\/strong>&nbsp;A su vez, aclar\u00f3 que de todas maneras la fiscal\u00eda pidi\u00f3 una medici\u00f3n de alcohol en sangre.<\/p>\n\n\n\n<p>En la escena del tr\u00e1gico accidente trabajaron agentes de la Polic\u00eda de R\u00edo Negro, bomberos voluntarios de Mainqu\u00e9 y personal de Criminal\u00edstica, con el objetivo de esclarecer las causas del accidente.<\/p>\n\n\n\n<h2>Un nuevo accidente a d\u00edas de las elecciones<\/h2>\n\n\n\n<p>El tr\u00e1gico accidente protagonizado por el candidato del PRO en la provincia rionegrina ocurri\u00f3 a apenas dos semanas de que se desarrollen las elecciones provinciales. El pr\u00f3ximo domingo 16 de abril, todos los rionegrinos elegir\u00e1n qui\u00e9n va a ser el jefe provincial durante los pr\u00f3ximos cuatro a\u00f1os.<\/p>\n\n\n\n<p>Esta nueva tragedia se suma a otra que sufri\u00f3 Tortoriello hace poco m\u00e1s de dos semanas, cuando\u00a0<strong>su esposa Mabel fue atropellada por una camioneta en la ciudad de Cipolletti<\/strong>. Tanto la mujer como su amiga -quien tambi\u00e9n fue embestida por el auto- debieron ser trasladadas a un hospital local.<\/p>\n\n\n\n<p>El comisario Milton Almendra, jefe de zona de la Unidad Regional II, inform\u00f3 a medios locales que el candidato a gobernador rionegrino por el PRO fue sometido a un<strong>&nbsp;test de alcoholemia que entreg\u00f3 resultados negativos.<\/strong>&nbsp;A su vez, aclar\u00f3 que de todas maneras la fiscal\u00eda pidi\u00f3 una medici\u00f3n de alcohol en sangre.<\/p>\n\n\n\n<p>En la escena del tr\u00e1gico accidente trabajaron agentes de la Polic\u00eda de R\u00edo Negro, bomberos voluntarios de Mainqu\u00e9 y personal de Criminal\u00edstica, con el objetivo de esclarecer las causas del accidente.<\/p>\n\n\n\n<h2>Un nuevo accidente a d\u00edas de las elecciones<\/h2>\n\n\n\n<p>El tr\u00e1gico accidente protagonizado por el candidato del PRO en la provincia rionegrina ocurri\u00f3 a apenas dos semanas de que se desarrollen las elecciones provinciales. El pr\u00f3ximo domingo 16 de abril, todos los rionegrinos elegir\u00e1n qui\u00e9n va a ser el jefe provincial durante los pr\u00f3ximos cuatro a\u00f1os.<\/p>\n\n\n\n<p>Esta nueva tragedia se suma a otra que sufri\u00f3 Tortoriello hace poco m\u00e1s de dos semanas, cuando&nbsp;<strong>su esposa Mabel fue atropellada por una camioneta en la ciudad de Cipolletti<\/strong>. Tanto la mujer como su amiga -quien tambi\u00e9n fue embestida por el auto- debieron ser trasladadas a un hospital local.<\/p>\n","protected":false},"excerpt":{"rendered":"<p>An\u00edbal Tortoriello, quien encabeza la f\u00f3rmula de Cambia R\u00edo Negro para las elecciones provinciales que se realizar\u00e1n el pr\u00f3ximo 16 de abril, embisti\u00f3 a un peat\u00f3n que intentaba cruzar la ruta 22. La v\u00edctima muri\u00f3 en el acto. An\u00edbal Tortoriello, candidato a gobernador por Cambia R\u00edo Negro en las\u00a0elecciones provinciales\u00a0que se realizar\u00e1n el pr\u00f3ximo 16 [&hellip;]<\/p>\n","protected":false},"author":37,"featured_media":374527,"comment_status":"open","ping_status":"open","sticky":false,"template":"","format":"standard","meta":{"_stopmodifiedupdate":false,"_modified_date":"","inline_featured_image":false,"spay_email":"","jetpack_publicize_message":""},"categories":[5],"tags":[],"jetpack_featured_media_url":"https:\/\/notinor.com\/jujuy\/wp-content\/uploads\/2023\/03\/image-315.png","jetpack_publicize_connections":[],"_links":{"self":[{"href":"https:\/\/notinor.com\/jujuy\/wp-json\/wp\/v2\/posts\/374526"}],"collection":[{"href":"https:\/\/notinor.com\/jujuy\/wp-json\/wp\/v2\/posts"}],"about":[{"href":"https:\/\/notinor.com\/jujuy\/wp-json\/wp\/v2\/types\/post"}],"author":[{"embeddable":true,"href":"https:\/\/notinor.com\/jujuy\/wp-json\/wp\/v2\/users\/37"}],"replies":[{"embeddable":true,"href":"https:\/\/notinor.com\/jujuy\/wp-json\/wp\/v2\/comments?post=374526"}],"version-history":[{"count":1,"href":"https:\/\/notinor.com\/jujuy\/wp-json\/wp\/v2\/posts\/374526\/revisions"}],"predecessor-version":[{"id":374528,"href":"https:\/\/notinor.com\/jujuy\/wp-json\/wp\/v2\/posts\/374526\/revisions\/374528"}],"wp:featuredmedia":[{"embeddable":true,"href":"https:\/\/notinor.com\/jujuy\/wp-json\/wp\/v2\/media\/374527"}],"wp:attachment":[{"href":"https:\/\/notinor.com\/jujuy\/wp-json\/wp\/v2\/media?parent=374526"}],"wp:term":[{"taxonomy":"category","embeddable":true,"href":"https:\/\/notinor.com\/jujuy\/wp-json\/wp\/v2\/categories?post=374526"},{"taxonomy":"post_tag","embeddable":true,"href":"https:\/\/notinor.com\/jujuy\/wp-json\/wp\/v2\/tags?post=374526"}],"curies":[{"name":"wp","href":"https:\/\/api.w.org\/{rel}","templated":true}]}}