{"id":37424,"date":"2015-07-25T09:16:07","date_gmt":"2015-07-25T12:16:07","guid":{"rendered":"http:\/\/notinor.com\/jujuy\/?p=37424"},"modified":"2015-07-25T09:16:07","modified_gmt":"2015-07-25T12:16:07","slug":"mercado-vda-de-leon-ines-q-e-p-d","status":"publish","type":"post","link":"https:\/\/notinor.com\/jujuy\/mercado-vda-de-leon-ines-q-e-p-d\/","title":{"rendered":"MERCADO VDA. DE LE\u00d3N, In\u00e9s (Q.E.P.D.)"},"content":{"rendered":"<div>\u00a0Falleci\u00f3 el d\u00eda 24 de julio de 2015. a hs. 05:00. C.A.S.R. y B.P. \u00a0a la edad de 88 a\u00f1os. Sus hijos Fredy, Delma, Hugo y Orlando Marcos Le\u00f3n; sus hijos pol\u00edticos Julieta Medrano, Hugo Usqueda y Alba Sotelo; sus nietos Lorena, Ariel, Carolina, Silvina, Daniela, Leonardo, Natalia, Yamila, Rodrigo, Melisa, Paula, Romina y Cesar; sus nietos pol\u00edticos, sus bisnietos y dem\u00e1s familiares participan con profundo dolor su fallecimiento e invitan a sus amistades y dem\u00e1s personas piadosas al sepelio de sus restos hoy 25 de julio \u00a0a hs. 11:30, en el cementerio parque El Jard\u00edn del Castillo. FAE. Casa de duelo salas Arenales de empresa La Piedad, sita en Arenales 1145. Ritual de homenaje empresa La Piedad. Salta 727. Tel\u00e9fono 4222487, l\u00ednea gratuita 0800-444-5274.<\/div>\n<p>&nbsp;<\/p>\n","protected":false},"excerpt":{"rendered":"<p>\u00a0Falleci\u00f3 el d\u00eda 24 de julio de 2015. a hs. 05:00. C.A.S.R. y B.P. \u00a0a la edad de 88 a\u00f1os. Sus hijos Fredy, Delma, Hugo y Orlando Marcos Le\u00f3n; sus hijos pol\u00edticos Julieta Medrano, Hugo Usqueda y Alba Sotelo; sus nietos Lorena, Ariel, Carolina, Silvina, Daniela, Leonardo, Natalia, Yamila, Rodrigo, Melisa, Paula, Romina y Cesar; [&hellip;]<\/p>\n","protected":false},"author":5,"featured_media":18110,"comment_status":"open","ping_status":"open","sticky":false,"template":"","format":"standard","meta":{"_stopmodifiedupdate":false,"_modified_date":"","inline_featured_image":false,"spay_email":"","jetpack_publicize_message":""},"categories":[18],"tags":[],"jetpack_featured_media_url":"https:\/\/notinor.com\/jujuy\/wp-content\/uploads\/2015\/03\/Obituarios.jpg","jetpack_publicize_connections":[],"_links":{"self":[{"href":"https:\/\/notinor.com\/jujuy\/wp-json\/wp\/v2\/posts\/37424"}],"collection":[{"href":"https:\/\/notinor.com\/jujuy\/wp-json\/wp\/v2\/posts"}],"about":[{"href":"https:\/\/notinor.com\/jujuy\/wp-json\/wp\/v2\/types\/post"}],"author":[{"embeddable":true,"href":"https:\/\/notinor.com\/jujuy\/wp-json\/wp\/v2\/users\/5"}],"replies":[{"embeddable":true,"href":"https:\/\/notinor.com\/jujuy\/wp-json\/wp\/v2\/comments?post=37424"}],"version-history":[{"count":1,"href":"https:\/\/notinor.com\/jujuy\/wp-json\/wp\/v2\/posts\/37424\/revisions"}],"predecessor-version":[{"id":37425,"href":"https:\/\/notinor.com\/jujuy\/wp-json\/wp\/v2\/posts\/37424\/revisions\/37425"}],"wp:featuredmedia":[{"embeddable":true,"href":"https:\/\/notinor.com\/jujuy\/wp-json\/wp\/v2\/media\/18110"}],"wp:attachment":[{"href":"https:\/\/notinor.com\/jujuy\/wp-json\/wp\/v2\/media?parent=37424"}],"wp:term":[{"taxonomy":"category","embeddable":true,"href":"https:\/\/notinor.com\/jujuy\/wp-json\/wp\/v2\/categories?post=37424"},{"taxonomy":"post_tag","embeddable":true,"href":"https:\/\/notinor.com\/jujuy\/wp-json\/wp\/v2\/tags?post=37424"}],"curies":[{"name":"wp","href":"https:\/\/api.w.org\/{rel}","templated":true}]}}