{"id":373886,"date":"2023-03-20T11:08:23","date_gmt":"2023-03-20T14:08:23","guid":{"rendered":"https:\/\/notinor.com\/jujuy\/?p=373886"},"modified":"2023-03-20T11:08:28","modified_gmt":"2023-03-20T14:08:28","slug":"las-tareas-de-mejora-y-mantenimiento-de-redes-electricas-programadas-para-hoy-en-palpala-fueron-suspendidas","status":"publish","type":"post","link":"https:\/\/notinor.com\/jujuy\/las-tareas-de-mejora-y-mantenimiento-de-redes-electricas-programadas-para-hoy-en-palpala-fueron-suspendidas\/","title":{"rendered":"Las tareas de mejora y mantenimiento de redes el\u00e9ctricas programadas para hoy en Palpala, fueron suspendidas"},"content":{"rendered":"\n<p class=\"has-medium-font-size\"><strong><em>Informamos que las tareas de\u00a0mantenimiento y mejora\u00a0en nuestras Redes El\u00e9ctricas a ser efectuada\u00a0HOY,\u00a0Lunes 20\/03\/2023 en:\u00a0\u00a0Prolongaci\u00f3n Maip\u00fa y zonas aleda\u00f1as\u00a0y zonas aleda\u00f1as.\u00a0Fueron\u00a0SUSPENDIDAS\u00a0hasta nuevo aviso.\u00a0<\/em><\/strong><\/p>\n\n\n<div class=\"wp-block-image\">\n<figure class=\"aligncenter size-full\"><img decoding=\"async\" loading=\"lazy\" width=\"700\" height=\"474\" src=\"https:\/\/notinor.com\/jujuy\/wp-content\/uploads\/2022\/09\/palpala.jpg\" alt=\"\" class=\"wp-image-355076\" srcset=\"https:\/\/notinor.com\/jujuy\/wp-content\/uploads\/2022\/09\/palpala.jpg 700w, https:\/\/notinor.com\/jujuy\/wp-content\/uploads\/2022\/09\/palpala-539x365.jpg 539w\" sizes=\"(max-width: 700px) 100vw, 700px\" \/><\/figure><\/div>\n\n\n<p>Localidad:<strong>&nbsp;PALPALA&nbsp;<\/strong><strong>&nbsp;<\/strong><\/p>\n\n\n\n<p>D\u00eda:<strong>&nbsp;Lunes 20-03-2023<\/strong><strong>&nbsp;<\/strong><\/p>\n\n\n\n<p>Hora:<strong>&nbsp;09:00 a 11:00 Hs. aprox.<\/strong><strong>&nbsp;<\/strong><\/p>\n\n\n\n<p>Zonas:<strong>&nbsp;Prolongaci\u00f3n Maip\u00fa y zonas aleda\u00f1as.<\/strong><strong>&nbsp;<\/strong><strong>&nbsp;<\/strong><\/p>\n\n\n\n<p>Por consultas y\/o requerimientos te recordamos nuestros canales de contacto disponibles las 24hs.:&nbsp;<\/p>\n\n\n\n<p>Nuestra Web&nbsp;<a href=\"https:\/\/www.ejesa.com.ar\/?fbclid=IwAR14rGgcVsKFtRmA2NmOFOPT8Zh7bN3g9FbnACLbH6gDSZ1s2OvPXPuyvMI\" target=\"_blank\" rel=\"noreferrer noopener\"><strong>https:\/\/www.ejesa.com.ar<\/strong><\/a><strong>&nbsp; &gt;&nbsp;&nbsp;<\/strong><a href=\"https:\/\/www.ejesa.com.ar\/gestion\/pwa\/tareasprogramadas\/cortes-de-luz\" target=\"_blank\" rel=\"noreferrer noopener\"><strong><\/strong><\/a><strong>Tareas Programadas<\/strong>&nbsp;<\/p>\n\n\n\n<p>VOLT, nuestro Asistente virtual&nbsp;<\/p>\n\n\n\n<p>WhatsApp&nbsp;<strong>3884613738&nbsp;<\/strong><a href=\"https:\/\/wa.me\/543884613738?fbclid=IwAR30VgYAEKWAQcLcxjdHjF5jGp891rlLdKEEpF_y3CJrpxc_nkfd01quSIs\" target=\"_blank\" rel=\"noreferrer noopener\"><strong>https:\/\/wa.me\/543884613738<\/strong><\/a>&nbsp;<\/p>\n","protected":false},"excerpt":{"rendered":"<p>Informamos que las tareas de\u00a0mantenimiento y mejora\u00a0en nuestras Redes El\u00e9ctricas a ser efectuada\u00a0HOY,\u00a0Lunes 20\/03\/2023 en:\u00a0\u00a0Prolongaci\u00f3n Maip\u00fa y zonas aleda\u00f1as\u00a0y zonas aleda\u00f1as.\u00a0Fueron\u00a0SUSPENDIDAS\u00a0hasta nuevo aviso.\u00a0 Localidad:&nbsp;PALPALA&nbsp;&nbsp; D\u00eda:&nbsp;Lunes 20-03-2023&nbsp; Hora:&nbsp;09:00 a 11:00 Hs. aprox.&nbsp; Zonas:&nbsp;Prolongaci\u00f3n Maip\u00fa y zonas aleda\u00f1as.&nbsp;&nbsp; Por consultas y\/o requerimientos te recordamos nuestros canales de contacto disponibles las 24hs.:&nbsp; Nuestra Web&nbsp;https:\/\/www.ejesa.com.ar&nbsp; &gt;&nbsp;&nbsp;Tareas Programadas&nbsp; VOLT, nuestro [&hellip;]<\/p>\n","protected":false},"author":5,"featured_media":355076,"comment_status":"open","ping_status":"open","sticky":false,"template":"","format":"standard","meta":{"_stopmodifiedupdate":false,"_modified_date":"","inline_featured_image":false,"spay_email":"","jetpack_publicize_message":""},"categories":[4],"tags":[],"jetpack_featured_media_url":"https:\/\/notinor.com\/jujuy\/wp-content\/uploads\/2022\/09\/palpala.jpg","jetpack_publicize_connections":[],"_links":{"self":[{"href":"https:\/\/notinor.com\/jujuy\/wp-json\/wp\/v2\/posts\/373886"}],"collection":[{"href":"https:\/\/notinor.com\/jujuy\/wp-json\/wp\/v2\/posts"}],"about":[{"href":"https:\/\/notinor.com\/jujuy\/wp-json\/wp\/v2\/types\/post"}],"author":[{"embeddable":true,"href":"https:\/\/notinor.com\/jujuy\/wp-json\/wp\/v2\/users\/5"}],"replies":[{"embeddable":true,"href":"https:\/\/notinor.com\/jujuy\/wp-json\/wp\/v2\/comments?post=373886"}],"version-history":[{"count":1,"href":"https:\/\/notinor.com\/jujuy\/wp-json\/wp\/v2\/posts\/373886\/revisions"}],"predecessor-version":[{"id":373887,"href":"https:\/\/notinor.com\/jujuy\/wp-json\/wp\/v2\/posts\/373886\/revisions\/373887"}],"wp:featuredmedia":[{"embeddable":true,"href":"https:\/\/notinor.com\/jujuy\/wp-json\/wp\/v2\/media\/355076"}],"wp:attachment":[{"href":"https:\/\/notinor.com\/jujuy\/wp-json\/wp\/v2\/media?parent=373886"}],"wp:term":[{"taxonomy":"category","embeddable":true,"href":"https:\/\/notinor.com\/jujuy\/wp-json\/wp\/v2\/categories?post=373886"},{"taxonomy":"post_tag","embeddable":true,"href":"https:\/\/notinor.com\/jujuy\/wp-json\/wp\/v2\/tags?post=373886"}],"curies":[{"name":"wp","href":"https:\/\/api.w.org\/{rel}","templated":true}]}}