{"id":373830,"date":"2023-03-20T10:30:00","date_gmt":"2023-03-20T13:30:00","guid":{"rendered":"https:\/\/notinor.com\/jujuy\/?p=373830"},"modified":"2023-03-20T00:24:15","modified_gmt":"2023-03-20T03:24:15","slug":"es-inminente-construccion-del-punto-de-acopio-de-volcan","status":"publish","type":"post","link":"https:\/\/notinor.com\/jujuy\/es-inminente-construccion-del-punto-de-acopio-de-volcan\/","title":{"rendered":"Es inminente construcci\u00f3n del Punto de Acopio de Volc\u00e1n"},"content":{"rendered":"\n<p>La Ministra de Ambiente y Cambio Clim\u00e1tico de la Provincia, Mar\u00eda In\u00e9s Zigar\u00e1n, acompa\u00f1ada por la coordinadora de la UIP Proyecto GIRSU-BEI, Susana Amador, <strong>firm\u00f3 el contrato de adjudicaci\u00f3n para el inicio de obra del Punto de Acopio en Volc\u00e1n<\/strong> con la empresa Fortaleza Arquitectura &amp; Construcci\u00f3n, representada por \u00c1lvaro Bernal Fascio.<\/p>\n\n\n\n<p><\/p>\n\n\n<div class=\"wp-block-image\">\n<figure class=\"aligncenter size-full\"><img decoding=\"async\" loading=\"lazy\" width=\"620\" height=\"375\" src=\"https:\/\/notinor.com\/jujuy\/wp-content\/uploads\/2023\/03\/image-244.png\" alt=\"\" class=\"wp-image-373832\" srcset=\"https:\/\/notinor.com\/jujuy\/wp-content\/uploads\/2023\/03\/image-244.png 620w, https:\/\/notinor.com\/jujuy\/wp-content\/uploads\/2023\/03\/image-244-603x365.png 603w\" sizes=\"(max-width: 620px) 100vw, 620px\" \/><\/figure><\/div>\n\n\n<p><\/p>\n\n\n\n<p>Esta obra est\u00e1 dentro del <strong>Proyecto GIRSU BEI <\/strong>y se desarrolla en el marco del Plan Maestro Plurianual de Desarrollo de Jujuy ya que <strong>se construye financiada con fondos provinciales<\/strong> como contraparte del convenio con la entidad europea.<\/p>\n\n\n\n<p>Se trata de una estaci\u00f3n de trasbordo de residuos denominada \"Punto de Acopio Volc\u00e1n\", que <strong>va a eficientizar la separaci\u00f3n de los residuos de los municipios de Volc\u00e1n, Tumbaya y Purmamarca<\/strong>; pertenecientes a la Quebrada de Humahuaca Patrimonio de la Humanidad.<\/p>\n\n\n\n<p>Ser\u00e1 el <strong>acopio de la franja no recuperable y el posterior traslado al Centro Ambiental Jujuy.<\/strong><\/p>\n\n\n\n<blockquote class=\"wp-block-quote\">\n<p>\u201cEs la primera obra en l\u00ednea de la Quebrada de Humahuaca, es importante para nosotros iniciar este proceso en la zona. Hay una diversidad de obras previstas para la Quebrada de Humahuaca que es patrimonio de la Humanidad y <strong>registr\u00f3 un gran crecimiento del turismo<\/strong>\".<\/p>\n<cite>Mar\u00eda In\u00e9s Zigar\u00e1n<\/cite><\/blockquote>\n\n\n\n<p><\/p>\n\n\n<div class=\"wp-block-image\">\n<figure class=\"aligncenter size-large\"><img decoding=\"async\" loading=\"lazy\" width=\"360\" height=\"480\" src=\"https:\/\/notinor.com\/jujuy\/wp-content\/uploads\/2023\/03\/image-243-360x480.png\" alt=\"\" class=\"wp-image-373831\" srcset=\"https:\/\/notinor.com\/jujuy\/wp-content\/uploads\/2023\/03\/image-243-360x480.png 360w, https:\/\/notinor.com\/jujuy\/wp-content\/uploads\/2023\/03\/image-243-274x365.png 274w, https:\/\/notinor.com\/jujuy\/wp-content\/uploads\/2023\/03\/image-243-768x1024.png 768w, https:\/\/notinor.com\/jujuy\/wp-content\/uploads\/2023\/03\/image-243-1152x1536.png 1152w, https:\/\/notinor.com\/jujuy\/wp-content\/uploads\/2023\/03\/image-243-750x1000.png 750w, https:\/\/notinor.com\/jujuy\/wp-content\/uploads\/2023\/03\/image-243-1140x1520.png 1140w, https:\/\/notinor.com\/jujuy\/wp-content\/uploads\/2023\/03\/image-243.png 1200w\" sizes=\"(max-width: 360px) 100vw, 360px\" \/><\/figure><\/div>\n\n\n<p><\/p>\n\n\n\n<p>\"Toda mejora de la gesti\u00f3n de los residuos siempre ayuda a lo<strong>s procesos de desarrollo de la regi\u00f3n<\/strong>\u201d, expuso la ministra de Ambiente y Cambio Clim\u00e1tico, Mar\u00eda In\u00e9s Zigar\u00e1n. <\/p>\n\n\n\n<p>Por otra parte, puso de relieve que el sitio donde se erigir\u00e1 el Punto de Acopio <strong>fue donado al Estado Provincial por Ana B\u00e1rcena <\/strong>con cargo espec\u00edfico que es la construcci\u00f3n de infraestructura ambiental para RSU. <\/p>\n\n\n\n<p>Agradeci\u00f3 la Ministra el hist\u00f3rico compromiso de B\u00e1rcena con su pueblo y est\u00e1 <strong>donaci\u00f3n como testimonio de un camino dedicado a procesos de mejora de la calidad de vida de sus coterr\u00e1neos.<\/strong><\/p>\n\n\n\n<p>La l\u00edder de la cartera ambiental record\u00f3 que <em>el plazo de obra establecido es de 180 d\u00edas,<\/em> a la par que anunci\u00f3 que, dentro del proyecto GIRSU, los pr\u00f3ximos d\u00edas se llamar\u00e1 a concurso para el Punto de Acopio de Palma Sola,y se lanzar\u00e1n las licitaciones nacionales para las Mini Estaciones de transferencias de Perico, Monterrico y de El Carmen. <\/p>\n\n\n\n<p>Tambi\u00e9n record\u00f3 que est\u00e1 vigente el llamado a l<strong>icitaci\u00f3n internacional de la construcci\u00f3n del Centro Ambiental Puna.<\/strong><\/p>\n\n\n\n<p class=\"has-medium-font-size\"><strong>Basural a cielo abierto en Volc\u00e1n: CERRADO<\/strong><\/p>\n\n\n\n<p>Es importante aclarar que el Municipio de Volc\u00e1n, en coordinaci\u00f3n con el Gobierno de Jujuy y el Ministerio de Ambiente y Cambio Clim\u00e1tico <strong>cerraron el basural a cielo abierto de Volc\u00e1n.<\/strong> <\/p>\n\n\n\n<p>Desde el 2021 est\u00e1 cerrado en un 100% y<strong> sus residuos son trasladados al Centro Ambiental Jujuy a trav\u00e9s del sistema de contenerizaci\u00f3n. <\/strong>Cuando inicie el plan de remediacion de basurales -que es la etapa que sucede al cierre- se incluir\u00e1 el antiguo centro de disposici\u00f3n final de Volc\u00e1n.<\/p>\n","protected":false},"excerpt":{"rendered":"<p>La Ministra de Ambiente y Cambio Clim\u00e1tico de la Provincia, Mar\u00eda In\u00e9s Zigar\u00e1n, acompa\u00f1ada por la coordinadora de la UIP Proyecto GIRSU-BEI, Susana Amador, firm\u00f3 el contrato de adjudicaci\u00f3n para el inicio de obra del Punto de Acopio en Volc\u00e1n con la empresa Fortaleza Arquitectura &amp; Construcci\u00f3n, representada por \u00c1lvaro Bernal Fascio. Esta obra est\u00e1 [&hellip;]<\/p>\n","protected":false},"author":37,"featured_media":373832,"comment_status":"open","ping_status":"open","sticky":false,"template":"","format":"standard","meta":{"_stopmodifiedupdate":false,"_modified_date":"","inline_featured_image":false,"spay_email":"","jetpack_publicize_message":""},"categories":[2],"tags":[],"jetpack_featured_media_url":"https:\/\/notinor.com\/jujuy\/wp-content\/uploads\/2023\/03\/image-244.png","jetpack_publicize_connections":[],"_links":{"self":[{"href":"https:\/\/notinor.com\/jujuy\/wp-json\/wp\/v2\/posts\/373830"}],"collection":[{"href":"https:\/\/notinor.com\/jujuy\/wp-json\/wp\/v2\/posts"}],"about":[{"href":"https:\/\/notinor.com\/jujuy\/wp-json\/wp\/v2\/types\/post"}],"author":[{"embeddable":true,"href":"https:\/\/notinor.com\/jujuy\/wp-json\/wp\/v2\/users\/37"}],"replies":[{"embeddable":true,"href":"https:\/\/notinor.com\/jujuy\/wp-json\/wp\/v2\/comments?post=373830"}],"version-history":[{"count":1,"href":"https:\/\/notinor.com\/jujuy\/wp-json\/wp\/v2\/posts\/373830\/revisions"}],"predecessor-version":[{"id":373833,"href":"https:\/\/notinor.com\/jujuy\/wp-json\/wp\/v2\/posts\/373830\/revisions\/373833"}],"wp:featuredmedia":[{"embeddable":true,"href":"https:\/\/notinor.com\/jujuy\/wp-json\/wp\/v2\/media\/373832"}],"wp:attachment":[{"href":"https:\/\/notinor.com\/jujuy\/wp-json\/wp\/v2\/media?parent=373830"}],"wp:term":[{"taxonomy":"category","embeddable":true,"href":"https:\/\/notinor.com\/jujuy\/wp-json\/wp\/v2\/categories?post=373830"},{"taxonomy":"post_tag","embeddable":true,"href":"https:\/\/notinor.com\/jujuy\/wp-json\/wp\/v2\/tags?post=373830"}],"curies":[{"name":"wp","href":"https:\/\/api.w.org\/{rel}","templated":true}]}}