{"id":373798,"date":"2023-03-20T09:30:00","date_gmt":"2023-03-20T12:30:00","guid":{"rendered":"https:\/\/notinor.com\/jujuy\/?p=373798"},"modified":"2023-03-19T23:35:36","modified_gmt":"2023-03-20T02:35:36","slug":"previaje-jujuy-lidera-los-destinos-de-argentina-ideales-para-conocer-en-mayo-y-junio","status":"publish","type":"post","link":"https:\/\/notinor.com\/jujuy\/previaje-jujuy-lidera-los-destinos-de-argentina-ideales-para-conocer-en-mayo-y-junio\/","title":{"rendered":"Previaje: Jujuy lidera los destinos de Argentina ideales para conocer en mayo y junio"},"content":{"rendered":"\n<p class=\"has-medium-font-size\"><strong><em>Los meses de transici\u00f3n entre el oto\u00f1o y el invierno son muy favorecedores para algunos lugares, tanto por las condiciones clim\u00e1ticas como por la menor cantidad de turistas que los visitan.<\/em><\/strong><\/p>\n\n\n\n<p><\/p>\n\n\n<div class=\"wp-block-image\">\n<figure class=\"aligncenter size-large\"><img decoding=\"async\" loading=\"lazy\" width=\"840\" height=\"470\" src=\"https:\/\/notinor.com\/jujuy\/wp-content\/uploads\/2023\/03\/image-225-840x470.png\" alt=\"\" class=\"wp-image-373799\" srcset=\"https:\/\/notinor.com\/jujuy\/wp-content\/uploads\/2023\/03\/image-225-840x470.png 840w, https:\/\/notinor.com\/jujuy\/wp-content\/uploads\/2023\/03\/image-225-652x365.png 652w, https:\/\/notinor.com\/jujuy\/wp-content\/uploads\/2023\/03\/image-225-500x280.png 500w, https:\/\/notinor.com\/jujuy\/wp-content\/uploads\/2023\/03\/image-225-768x430.png 768w, https:\/\/notinor.com\/jujuy\/wp-content\/uploads\/2023\/03\/image-225-750x420.png 750w, https:\/\/notinor.com\/jujuy\/wp-content\/uploads\/2023\/03\/image-225-1140x638.png 1140w, https:\/\/notinor.com\/jujuy\/wp-content\/uploads\/2023\/03\/image-225.png 1440w\" sizes=\"(max-width: 840px) 100vw, 840px\" \/><\/figure><\/div>\n\n\n<p><\/p>\n\n\n\n<p>El\u00a0<strong>Previaje 4<\/strong>\u00a0est\u00e1 cada vez m\u00e1s cerca. Ya se sabe que, al igual que las ediciones anteriores, el programa de preventa tur\u00edstica\u00a0<strong>reintegrar\u00e1 el 50%<\/strong>\u00a0de lo gastado en cr\u00e9dito para usar en nuevos consumos del rubro dentro del pa\u00eds.<\/p>\n\n\n\n<p>Y si bien todav\u00eda no hay detalles sobre las fechas exactas de inicio y cierre, uno de los datos que se conocen es que\u00a0<strong>podr\u00e1 usarse entre los meses de mayo y junio<\/strong>\u00a0para impulsar los viajes en temporada baja y media-baja.<\/p>\n\n\n\n<p>En ese marco, hay que pensar que podr\u00e1 aprovecharse para hacer escapadas en los\u00a0<strong>meses de transici\u00f3n entre el oto\u00f1o y el invierno<\/strong>, una \u00e9poca ideal para conocer varios lugares del pa\u00eds con buen clima y sin tantos turistas. <\/p>\n\n\n\n<p>A continuaci\u00f3n,\u00a0<strong>cuatro destinos<\/strong>, de los cuales seg\u00fan las b\u00fasquedas de internet Jujuy es el de mayor atracci\u00f3n,\u00a0para descubrir con el Previaje 4:<\/p>\n\n\n\n<h2 class=\"has-medium-font-size\"><strong>1. Jujuy<\/strong><\/h2>\n\n\n\n<p>Mayo y junio son dos grandes meses para conocer el<strong>\u00a0norte argentino<\/strong>: suelen tener\u00a0<strong>d\u00edas frescos y despejados<\/strong>, ideales para disfrutar de los paisajes; y todav\u00eda\u00a0<strong>no hay tantos turistas\u00a0<\/strong>como en pleno invierno, que es temporada alta en la provincia.<\/p>\n\n\n\n<p><\/p>\n\n\n<div class=\"wp-block-image\">\n<figure class=\"aligncenter size-large\"><img decoding=\"async\" loading=\"lazy\" width=\"840\" height=\"470\" src=\"https:\/\/notinor.com\/jujuy\/wp-content\/uploads\/2023\/03\/image-226-840x470.png\" alt=\"\" class=\"wp-image-373800\" srcset=\"https:\/\/notinor.com\/jujuy\/wp-content\/uploads\/2023\/03\/image-226-840x470.png 840w, https:\/\/notinor.com\/jujuy\/wp-content\/uploads\/2023\/03\/image-226-652x365.png 652w, https:\/\/notinor.com\/jujuy\/wp-content\/uploads\/2023\/03\/image-226-500x280.png 500w, https:\/\/notinor.com\/jujuy\/wp-content\/uploads\/2023\/03\/image-226-768x430.png 768w, https:\/\/notinor.com\/jujuy\/wp-content\/uploads\/2023\/03\/image-226-750x420.png 750w, https:\/\/notinor.com\/jujuy\/wp-content\/uploads\/2023\/03\/image-226-1140x638.png 1140w, https:\/\/notinor.com\/jujuy\/wp-content\/uploads\/2023\/03\/image-226.png 1440w\" sizes=\"(max-width: 840px) 100vw, 840px\" \/><\/figure><\/div>\n\n\n<p><\/p>\n\n\n\n<p>Algunos\u00a0imperdibles de Jujuy\u00a0son los pueblos de\u00a0<strong>Tilcara, Humahuaca y Purmamarca<\/strong>; y los paisajes del Cerro de los Siete Colores, las Salinas Grandes y la Serran\u00eda de Hornocal.<\/p>\n\n\n\n<h2 class=\"has-medium-font-size\"><strong>2. Iguaz\u00fa<\/strong><\/h2>\n\n\n\n<p>Las<strong>\u00a0Cataratas del Iguaz\u00fa<\/strong>\u00a0forman parte de esos destinos que pueden visitarse durante todo el a\u00f1o. Sin embargo, mayo y junio tienen la ventaja de que permiten recorrer el lugar<strong>\u00a0sin sufrir el calor y con tranquilidad<\/strong>, ya que no hay multitudes.<\/p>\n\n\n\n<p><\/p>\n\n\n<div class=\"wp-block-image\">\n<figure class=\"aligncenter size-large\"><img decoding=\"async\" loading=\"lazy\" width=\"840\" height=\"470\" src=\"https:\/\/notinor.com\/jujuy\/wp-content\/uploads\/2023\/03\/image-227-840x470.png\" alt=\"\" class=\"wp-image-373801\" srcset=\"https:\/\/notinor.com\/jujuy\/wp-content\/uploads\/2023\/03\/image-227-840x470.png 840w, https:\/\/notinor.com\/jujuy\/wp-content\/uploads\/2023\/03\/image-227-652x365.png 652w, https:\/\/notinor.com\/jujuy\/wp-content\/uploads\/2023\/03\/image-227-500x280.png 500w, https:\/\/notinor.com\/jujuy\/wp-content\/uploads\/2023\/03\/image-227-768x430.png 768w, https:\/\/notinor.com\/jujuy\/wp-content\/uploads\/2023\/03\/image-227-750x420.png 750w, https:\/\/notinor.com\/jujuy\/wp-content\/uploads\/2023\/03\/image-227-1140x638.png 1140w, https:\/\/notinor.com\/jujuy\/wp-content\/uploads\/2023\/03\/image-227.png 1440w\" sizes=\"(max-width: 840px) 100vw, 840px\" \/><\/figure><\/div>\n\n\n<p><\/p>\n\n\n\n<p>La estrella de las cataratas es la\u00a0<strong>Garganta del Diablo<\/strong>, donde se puede llegar caminando o con el Tren Ecol\u00f3gico de la Selva. Y para vivir una experiencia especial, nada mejor que los<strong>\u00a0paseos\u00a0con Luna llena.<\/strong><\/p>\n\n\n\n<h2 class=\"has-medium-font-size\"><strong>3. C\u00f3rdoba<\/strong><\/h2>\n\n\n\n<p>El oto\u00f1o es una de las estaciones que mejor le sientan a las<strong>\u00a0sierras cordobesas<\/strong>, porque es posible hacer\u00a0<strong>actividades al aire libre<\/strong>\u00a0con temperaturas templadas y, adem\u00e1s,\u00a0<strong>disfrutar de su gastronom\u00eda<\/strong>\u00a0y sus vinos.<\/p>\n\n\n\n<p>Algunos lugares recomendados para visitar en esta provincia son\u00a0<strong>San Javier y Yacanto, La Cumbre y La Cumbrecita<\/strong>.<\/p>\n\n\n\n<p><\/p>\n\n\n<div class=\"wp-block-image\">\n<figure class=\"aligncenter size-large\"><img decoding=\"async\" loading=\"lazy\" width=\"840\" height=\"451\" src=\"https:\/\/notinor.com\/jujuy\/wp-content\/uploads\/2023\/03\/image-229-840x451.png\" alt=\"\" class=\"wp-image-373803\" srcset=\"https:\/\/notinor.com\/jujuy\/wp-content\/uploads\/2023\/03\/image-229-840x451.png 840w, https:\/\/notinor.com\/jujuy\/wp-content\/uploads\/2023\/03\/image-229-660x354.png 660w, https:\/\/notinor.com\/jujuy\/wp-content\/uploads\/2023\/03\/image-229-768x412.png 768w, https:\/\/notinor.com\/jujuy\/wp-content\/uploads\/2023\/03\/image-229-750x403.png 750w, https:\/\/notinor.com\/jujuy\/wp-content\/uploads\/2023\/03\/image-229-1140x612.png 1140w, https:\/\/notinor.com\/jujuy\/wp-content\/uploads\/2023\/03\/image-229.png 1200w\" sizes=\"(max-width: 840px) 100vw, 840px\" \/><\/figure><\/div>\n\n\n<p><\/p>\n\n\n\n<h2 class=\"has-medium-font-size\"><strong>4. Bariloche<\/strong><\/h2>\n\n\n\n<p>A\u00f1o a a\u00f1o, <strong>Bariloche<\/strong>\u00a0integra el podio de los destinos m\u00e1s elegidos por los argentinos. Pero entre mayo y junio, este popular lugar vive la\u00a0<strong>calma de la temporada baja<\/strong>.<\/p>\n\n\n\n<p>Hay que tener en cuenta que hasta mayo inclusive se pueden hacer varias de las actividades que se ofrecen en primavera y en verano, como\u00a0<strong>senderismo, paseos en bici\u00a0<\/strong>y kayak. Y, adem\u00e1s, el clima es perfecto para recorrer sus<strong>\u00a0casas de t\u00e9 y chocolater\u00edas.<\/strong><\/p>\n\n\n\n<p><\/p>\n\n\n\n<figure class=\"wp-block-image size-large\"><img decoding=\"async\" loading=\"lazy\" width=\"840\" height=\"470\" src=\"https:\/\/notinor.com\/jujuy\/wp-content\/uploads\/2023\/03\/image-228-840x470.png\" alt=\"\" class=\"wp-image-373802\" srcset=\"https:\/\/notinor.com\/jujuy\/wp-content\/uploads\/2023\/03\/image-228-840x470.png 840w, https:\/\/notinor.com\/jujuy\/wp-content\/uploads\/2023\/03\/image-228-652x365.png 652w, https:\/\/notinor.com\/jujuy\/wp-content\/uploads\/2023\/03\/image-228-500x280.png 500w, https:\/\/notinor.com\/jujuy\/wp-content\/uploads\/2023\/03\/image-228-768x430.png 768w, https:\/\/notinor.com\/jujuy\/wp-content\/uploads\/2023\/03\/image-228-750x420.png 750w, https:\/\/notinor.com\/jujuy\/wp-content\/uploads\/2023\/03\/image-228-1140x638.png 1140w, https:\/\/notinor.com\/jujuy\/wp-content\/uploads\/2023\/03\/image-228.png 1440w\" sizes=\"(max-width: 840px) 100vw, 840px\" \/><\/figure>\n","protected":false},"excerpt":{"rendered":"<p>Los meses de transici\u00f3n entre el oto\u00f1o y el invierno son muy favorecedores para algunos lugares, tanto por las condiciones clim\u00e1ticas como por la menor cantidad de turistas que los visitan. El\u00a0Previaje 4\u00a0est\u00e1 cada vez m\u00e1s cerca. Ya se sabe que, al igual que las ediciones anteriores, el programa de preventa tur\u00edstica\u00a0reintegrar\u00e1 el 50%\u00a0de lo [&hellip;]<\/p>\n","protected":false},"author":37,"featured_media":373799,"comment_status":"open","ping_status":"open","sticky":false,"template":"","format":"standard","meta":{"_stopmodifiedupdate":false,"_modified_date":"","inline_featured_image":false,"spay_email":"","jetpack_publicize_message":""},"categories":[2,832],"tags":[],"jetpack_featured_media_url":"https:\/\/notinor.com\/jujuy\/wp-content\/uploads\/2023\/03\/image-225.png","jetpack_publicize_connections":[],"_links":{"self":[{"href":"https:\/\/notinor.com\/jujuy\/wp-json\/wp\/v2\/posts\/373798"}],"collection":[{"href":"https:\/\/notinor.com\/jujuy\/wp-json\/wp\/v2\/posts"}],"about":[{"href":"https:\/\/notinor.com\/jujuy\/wp-json\/wp\/v2\/types\/post"}],"author":[{"embeddable":true,"href":"https:\/\/notinor.com\/jujuy\/wp-json\/wp\/v2\/users\/37"}],"replies":[{"embeddable":true,"href":"https:\/\/notinor.com\/jujuy\/wp-json\/wp\/v2\/comments?post=373798"}],"version-history":[{"count":1,"href":"https:\/\/notinor.com\/jujuy\/wp-json\/wp\/v2\/posts\/373798\/revisions"}],"predecessor-version":[{"id":373804,"href":"https:\/\/notinor.com\/jujuy\/wp-json\/wp\/v2\/posts\/373798\/revisions\/373804"}],"wp:featuredmedia":[{"embeddable":true,"href":"https:\/\/notinor.com\/jujuy\/wp-json\/wp\/v2\/media\/373799"}],"wp:attachment":[{"href":"https:\/\/notinor.com\/jujuy\/wp-json\/wp\/v2\/media?parent=373798"}],"wp:term":[{"taxonomy":"category","embeddable":true,"href":"https:\/\/notinor.com\/jujuy\/wp-json\/wp\/v2\/categories?post=373798"},{"taxonomy":"post_tag","embeddable":true,"href":"https:\/\/notinor.com\/jujuy\/wp-json\/wp\/v2\/tags?post=373798"}],"curies":[{"name":"wp","href":"https:\/\/api.w.org\/{rel}","templated":true}]}}