{"id":373684,"date":"2023-03-18T07:00:00","date_gmt":"2023-03-18T10:00:00","guid":{"rendered":"https:\/\/notinor.com\/jujuy\/?p=373684"},"modified":"2023-03-17T19:48:13","modified_gmt":"2023-03-17T22:48:13","slug":"san-salvador-de-jujuy-el-50-de-las-escuelas-desfilara-para-el-19-de-abril-y-el-resto-el-23-de-agosto","status":"publish","type":"post","link":"https:\/\/notinor.com\/jujuy\/san-salvador-de-jujuy-el-50-de-las-escuelas-desfilara-para-el-19-de-abril-y-el-resto-el-23-de-agosto\/","title":{"rendered":"San Salvador de Jujuy: el 50% de las escuelas desfilar\u00e1 para el 19 de abril y el resto el 23 de agosto"},"content":{"rendered":"\n<p class=\"has-medium-font-size\"><strong><em>En instalaciones del Complejo Ministerial de Educaci\u00f3n, el \u00c1rea de Protocolo y Ceremonial realiz\u00f3 una reuni\u00f3n informativa destinada a directivos de los niveles Primario y Secundario, para enmarcar la modalidad de participaci\u00f3n de las instituciones educativas de San Salvador en los desfiles del 19 de abril y 23 de agosto.<\/em><\/strong><\/p>\n\n\n\n<p><\/p>\n\n\n<div class=\"wp-block-image\">\n<figure class=\"aligncenter size-large\"><img decoding=\"async\" loading=\"lazy\" width=\"840\" height=\"480\" src=\"https:\/\/notinor.com\/jujuy\/wp-content\/uploads\/2023\/03\/image-196-840x480.png\" alt=\"\" class=\"wp-image-373685\" srcset=\"https:\/\/notinor.com\/jujuy\/wp-content\/uploads\/2023\/03\/image-196-840x480.png 840w, https:\/\/notinor.com\/jujuy\/wp-content\/uploads\/2023\/03\/image-196-639x365.png 639w, https:\/\/notinor.com\/jujuy\/wp-content\/uploads\/2023\/03\/image-196-768x439.png 768w, https:\/\/notinor.com\/jujuy\/wp-content\/uploads\/2023\/03\/image-196-750x429.png 750w, https:\/\/notinor.com\/jujuy\/wp-content\/uploads\/2023\/03\/image-196-1140x651.png 1140w, https:\/\/notinor.com\/jujuy\/wp-content\/uploads\/2023\/03\/image-196.png 1500w\" sizes=\"(max-width: 840px) 100vw, 840px\" \/><\/figure><\/div>\n\n\n<p><\/p>\n\n\n\n<p>Durante la reuni\u00f3n, prevista por<strong>\u00a0Anuario Escolar<\/strong>, directivos de los establecimientos educativos, tomaron conocimiento de las disposiciones de paso para los\u00a0<strong>tradicionales desfiles<\/strong>.<\/p>\n\n\n\n<p>La novedad pasa por la vuelta a la modalidad de <strong>participaci\u00f3n habitual <\/strong>previa a la Pandemia del Covid-19.<\/p>\n\n\n\n<p>En la oportunidad, se llev\u00f3 a cabo el\u00a0<strong>sorteo de fechas para los 140 establecimientos educativos de San Salvador de Jujuy<\/strong>, resultando la selecci\u00f3n definitiva de d\u00edas de pasada para cada escuela.<\/p>\n\n\n\n<p>Al respecto, la responsable del \u00c1rea Ceremonial y Protocolo, Gloria Maidana, resalt\u00f3 que el sorteo revela la gran cantidad de escuelas que desean participar en los desfiles \u201ctenemos un tiempo reducido para el pasaje de las instituciones y queremos que haya igualdad de participaci\u00f3n,\".<\/p>\n\n\n\n<p>Y continu\u00f3 \" se decidi\u00f3 hacer el sorteo, de manera tal<strong>\u00a0que el 50% participe en el desfile del 19 de abril y el otro 50% en el del 23 de agosto<\/strong>\u201d.<\/p>\n\n\n\n<p>\u201cLuego del sorteo no habr\u00e1 posibilidades de cambios\u201d agreg\u00f3 Maidana. De acuerdo a la modalidad implementada detall\u00f3 que \u201c<strong>aquellas escuelas que desfilen este a\u00f1o el 19 de abril, lo har\u00e1n el 23 de agosto en el 2024<\/strong>\u201d.<\/p>\n\n\n\n<p><\/p>\n\n\n<div class=\"wp-block-image\">\n<figure class=\"aligncenter size-large\"><img decoding=\"async\" loading=\"lazy\" width=\"718\" height=\"480\" src=\"https:\/\/notinor.com\/jujuy\/wp-content\/uploads\/2023\/03\/image-197-718x480.png\" alt=\"\" class=\"wp-image-373686\" srcset=\"https:\/\/notinor.com\/jujuy\/wp-content\/uploads\/2023\/03\/image-197-718x480.png 718w, https:\/\/notinor.com\/jujuy\/wp-content\/uploads\/2023\/03\/image-197-546x365.png 546w, https:\/\/notinor.com\/jujuy\/wp-content\/uploads\/2023\/03\/image-197-768x513.png 768w, https:\/\/notinor.com\/jujuy\/wp-content\/uploads\/2023\/03\/image-197-750x501.png 750w, https:\/\/notinor.com\/jujuy\/wp-content\/uploads\/2023\/03\/image-197-1140x762.png 1140w, https:\/\/notinor.com\/jujuy\/wp-content\/uploads\/2023\/03\/image-197.png 1200w\" sizes=\"(max-width: 718px) 100vw, 718px\" \/><\/figure><\/div>","protected":false},"excerpt":{"rendered":"<p>En instalaciones del Complejo Ministerial de Educaci\u00f3n, el \u00c1rea de Protocolo y Ceremonial realiz\u00f3 una reuni\u00f3n informativa destinada a directivos de los niveles Primario y Secundario, para enmarcar la modalidad de participaci\u00f3n de las instituciones educativas de San Salvador en los desfiles del 19 de abril y 23 de agosto. Durante la reuni\u00f3n, prevista por\u00a0Anuario [&hellip;]<\/p>\n","protected":false},"author":37,"featured_media":373685,"comment_status":"open","ping_status":"open","sticky":false,"template":"","format":"standard","meta":{"_stopmodifiedupdate":false,"_modified_date":"","inline_featured_image":false,"spay_email":"","jetpack_publicize_message":""},"categories":[2],"tags":[],"jetpack_featured_media_url":"https:\/\/notinor.com\/jujuy\/wp-content\/uploads\/2023\/03\/image-196.png","jetpack_publicize_connections":[],"_links":{"self":[{"href":"https:\/\/notinor.com\/jujuy\/wp-json\/wp\/v2\/posts\/373684"}],"collection":[{"href":"https:\/\/notinor.com\/jujuy\/wp-json\/wp\/v2\/posts"}],"about":[{"href":"https:\/\/notinor.com\/jujuy\/wp-json\/wp\/v2\/types\/post"}],"author":[{"embeddable":true,"href":"https:\/\/notinor.com\/jujuy\/wp-json\/wp\/v2\/users\/37"}],"replies":[{"embeddable":true,"href":"https:\/\/notinor.com\/jujuy\/wp-json\/wp\/v2\/comments?post=373684"}],"version-history":[{"count":1,"href":"https:\/\/notinor.com\/jujuy\/wp-json\/wp\/v2\/posts\/373684\/revisions"}],"predecessor-version":[{"id":373687,"href":"https:\/\/notinor.com\/jujuy\/wp-json\/wp\/v2\/posts\/373684\/revisions\/373687"}],"wp:featuredmedia":[{"embeddable":true,"href":"https:\/\/notinor.com\/jujuy\/wp-json\/wp\/v2\/media\/373685"}],"wp:attachment":[{"href":"https:\/\/notinor.com\/jujuy\/wp-json\/wp\/v2\/media?parent=373684"}],"wp:term":[{"taxonomy":"category","embeddable":true,"href":"https:\/\/notinor.com\/jujuy\/wp-json\/wp\/v2\/categories?post=373684"},{"taxonomy":"post_tag","embeddable":true,"href":"https:\/\/notinor.com\/jujuy\/wp-json\/wp\/v2\/tags?post=373684"}],"curies":[{"name":"wp","href":"https:\/\/api.w.org\/{rel}","templated":true}]}}