{"id":373659,"date":"2023-03-18T07:30:00","date_gmt":"2023-03-18T10:30:00","guid":{"rendered":"https:\/\/notinor.com\/jujuy\/?p=373659"},"modified":"2023-03-17T18:57:07","modified_gmt":"2023-03-17T21:57:07","slug":"los-cortes-de-luz-y-las-amenazas-sobre-edesur-generan-nuevos-cortocircuitos-en-el-frente-de-todos","status":"publish","type":"post","link":"https:\/\/notinor.com\/jujuy\/los-cortes-de-luz-y-las-amenazas-sobre-edesur-generan-nuevos-cortocircuitos-en-el-frente-de-todos\/","title":{"rendered":"Los cortes de luz y las amenazas sobre Edesur generan nuevos cortocircuitos en el Frente de Todos"},"content":{"rendered":"\n<p class=\"has-medium-font-size\"><strong><em>La C\u00e1mpora est\u00e1 a favor de quitarle la concesi\u00f3n a la distribuidora, mientras el ministro de Econom\u00eda, Sergio Massa, teme una respuesta negativa de los mercados.<\/em><\/strong><\/p>\n\n\n\n<p><\/p>\n\n\n<div class=\"wp-block-image\">\n<figure class=\"aligncenter size-large\"><img decoding=\"async\" loading=\"lazy\" width=\"840\" height=\"469\" src=\"https:\/\/notinor.com\/jujuy\/wp-content\/uploads\/2023\/03\/image-188-840x469.png\" alt=\"\" class=\"wp-image-373660\" srcset=\"https:\/\/notinor.com\/jujuy\/wp-content\/uploads\/2023\/03\/image-188-840x469.png 840w, https:\/\/notinor.com\/jujuy\/wp-content\/uploads\/2023\/03\/image-188-654x365.png 654w, https:\/\/notinor.com\/jujuy\/wp-content\/uploads\/2023\/03\/image-188-500x280.png 500w, https:\/\/notinor.com\/jujuy\/wp-content\/uploads\/2023\/03\/image-188-768x429.png 768w, https:\/\/notinor.com\/jujuy\/wp-content\/uploads\/2023\/03\/image-188-750x419.png 750w, https:\/\/notinor.com\/jujuy\/wp-content\/uploads\/2023\/03\/image-188-1140x637.png 1140w, https:\/\/notinor.com\/jujuy\/wp-content\/uploads\/2023\/03\/image-188.png 1440w\" sizes=\"(max-width: 840px) 100vw, 840px\" \/><\/figure><\/div>\n\n\n<p><\/p>\n\n\n\n<p><strong>El Gobierno\u00a0denunci\u00f3 penalmente a la empresa Edesur por defraudaci\u00f3n, abandono de personas y entorpecimiento de los servicios p\u00fablicos\u00a0<\/strong>por los sucesivos cortes de energ\u00eda el\u00e9ctrica que afectan a miles de usuarios en el AMBA y la portavoz Gabriela Cerruti confirm\u00f3 que analizan adem\u00e1s con quitarle la concesi\u00f3n.<\/p>\n\n\n\n<p>El<strong>&nbsp;ENRE<\/strong>&nbsp;radic\u00f3 la denuncia tras un pedido formulado por la cartera de Energ\u00eda, que depende del ministerio de Econom\u00eda, que tambi\u00e9n le exigi\u00f3 que eleve el informe del estado de la concesi\u00f3n a la Comisi\u00f3n Bicameral de Seguimiento de las Concesiones de los Servicios P\u00fablicos, a fin de que aconseje si corresponde darla por terminada.<\/p>\n\n\n\n<p>El caso gener\u00f3 nuevas&nbsp;<strong>internas en el oficialismo<\/strong>, en pleno a\u00f1o electoral.&nbsp;<strong>La C\u00e1mpora<\/strong>&nbsp;quiere dar el gran golpe y&nbsp;<strong>quitarle la concesi\u00f3n y expropiar a Edesur.<\/strong><\/p>\n\n\n\n<p>Sin embargo, el ministro de Econom\u00eda,&nbsp;<strong>Sergio Massa<\/strong>, se opone por temor al impacto que el caso podr\u00eda tener en los centros financieros internacionales cuando la econom\u00eda del pa\u00eds ya est\u00e1 en crisis.<\/p>\n\n\n\n<p>La due\u00f1a de Edesur, la empresa italiana Enel, acusa al Gobierno de buscar&nbsp;<strong>bajar el precio de venta de Edesur<\/strong>&nbsp;para beneficiar a empresarios argentinos.<\/p>\n\n\n\n<p>A fines de noviembre, el grupo italianoanunci\u00f3 quepondr\u00e1 a la venta todos sus activos en la Argentina, que incluyen\u00a0<strong>Edesur<\/strong>;\u00a0<strong>las centrales t\u00e9rmicas Costanera y Dock Sud<\/strong>; la concesi\u00f3n de la<strong>\u00a0hidroel\u00e9ctrica El Choc\u00f3n,<\/strong>\u00a0y\u00a0<strong>l\u00edneas de transmisi\u00f3n y de transporte\u00a0<\/strong>de energ\u00eda el\u00e9ctrica.<\/p>\n\n\n\n<p>La decisi\u00f3n de la salida de la Argentina forma parte de su estrategia de negocios para el per\u00edodo 2023-2025, ya que, seg\u00fan explicaron en la firma,<strong>\u00a0se concentrar\u00e1 en Italia, Espa\u00f1a, Estados Unidos, Brasil, Chile y Colombia. Enel adquiri\u00f3 la mayor\u00eda accionaria de Edesur en 2008<\/strong>, hasta ese entonces en manos de la espa\u00f1ola Endesa.<\/p>\n\n\n\n<h2 class=\"has-medium-font-size\"><strong>La Defensor\u00eda y el gobierno porte\u00f1o tambi\u00e9n demandaron a Edesur por los cortes de luz<\/strong><\/h2>\n\n\n\n<p>Despu\u00e9s del anuncio del gobierno nacional, <a href=\"https:\/\/notinor.com\/jujuy\/el-gobierno-porteno-presento-una-denuncia-penal-contra-edesur-por-los-cortes-de-luz\/\">el\u00a0<strong>Gobierno porte\u00f1o present\u00f3 tambi\u00e9n una denuncia penal<\/strong><\/a>\u00a0contra la empresa Edesur por la presunta comisi\u00f3n del delito de abandono de persona con dolo-eventual tras evaluar que los cortes en el suministro de energ\u00eda el\u00e9ctrica que se registran en la Ciudad de Buenos Aires ponen \u201cen peligro la vida o la salud de los habitantes del distrito\u201d.<\/p>\n\n\n\n<p>La denuncia fue elevada al Ministerio P\u00fablico Fiscal local e informada a trav\u00e9s de las redes sociales por<strong> el jefe de Gobierno porte\u00f1o, Horacio Rodr\u00edguez Larreta, en un posteo en el cual sostuvo que \u201clos responsables\u201d de la falta de electricidad \u201ctienen que hacerse cargo\u201d.<\/strong><\/p>\n\n\n\n<p>\u201cDe lo sucedido en los \u00faltimos d\u00edas con relaci\u00f3n a la prestaci\u00f3n del servicio de luz por parte de la empresa de Edesur, claramente la misma se encuentra incumpliendo, a sabiendas, sus obligaciones\u201d, consideraron desde la gesti\u00f3n porte\u00f1a en la presentaci\u00f3n judicial.<\/p>\n\n\n\n<p>Agregaron que la empresa no puede desconocer \u201clas posibles consecuencias de la falta de suministro de energ\u00eda el\u00e9ctrica en un momento en donde existe alerta rojo por la ola de calor que azota a la CABA, lo que permite afirmar que, cuanto menos, el hecho encuadrar\u00eda en dicho delito mediante el dolo eventual\u201d.<\/p>\n\n\n\n<p>La\u00a0<strong>Defensor\u00eda del Pueblo<\/strong>\u00a0de la Ciudad de Buenos Aires tambi\u00e9n demand\u00f3 a la empresa \u201c<strong>por la falta de trato digno y carencia de informaci\u00f3n<\/strong>\u201d hacia los vecinos afectados por los cortes de luz desde hace semanas.<\/p>\n\n\n\n<p>\u201cLa Defensora en su petici\u00f3n inst\u00f3 a que se les comunique a los afectados la totalidad de esta informaci\u00f3n a trav\u00e9s de llamadas telef\u00f3nicas, WhatsApp y\/o correo electr\u00f3nico\u201d, se inform\u00f3 mediante un comunicado de prensa.<\/p>\n\n\n\n<p>La Defensor\u00eda del Pueblo remarc\u00f3 que \u201ctambi\u00e9n la Ley de Defensa del Consumidor, cuando se viola el trato digno, faculta al juez para aplicar una multa civil a favor del consumidor final -por da\u00f1o punitivo-, que se estipula entre la mitad y dos mil cien canastas b\u00e1sicas que publica el Instituto Nacional de Estad\u00edstica y Censos de la Rep\u00fablica Argentina\u201d.<\/p>\n\n\n\n<p>\u201dEn ese orden, se requiri\u00f3 que se les aplique multas de entre $73.000 y $308.000 aproximadamente para resarcir directamente a los damnificados consumidores y usuarios finales\u201d, inform\u00f3 el organismo.<\/p>\n","protected":false},"excerpt":{"rendered":"<p>La C\u00e1mpora est\u00e1 a favor de quitarle la concesi\u00f3n a la distribuidora, mientras el ministro de Econom\u00eda, Sergio Massa, teme una respuesta negativa de los mercados. El Gobierno\u00a0denunci\u00f3 penalmente a la empresa Edesur por defraudaci\u00f3n, abandono de personas y entorpecimiento de los servicios p\u00fablicos\u00a0por los sucesivos cortes de energ\u00eda el\u00e9ctrica que afectan a miles de [&hellip;]<\/p>\n","protected":false},"author":37,"featured_media":373660,"comment_status":"open","ping_status":"open","sticky":false,"template":"","format":"standard","meta":{"_stopmodifiedupdate":false,"_modified_date":"","inline_featured_image":false,"spay_email":"","jetpack_publicize_message":""},"categories":[501],"tags":[],"jetpack_featured_media_url":"https:\/\/notinor.com\/jujuy\/wp-content\/uploads\/2023\/03\/image-188.png","jetpack_publicize_connections":[],"_links":{"self":[{"href":"https:\/\/notinor.com\/jujuy\/wp-json\/wp\/v2\/posts\/373659"}],"collection":[{"href":"https:\/\/notinor.com\/jujuy\/wp-json\/wp\/v2\/posts"}],"about":[{"href":"https:\/\/notinor.com\/jujuy\/wp-json\/wp\/v2\/types\/post"}],"author":[{"embeddable":true,"href":"https:\/\/notinor.com\/jujuy\/wp-json\/wp\/v2\/users\/37"}],"replies":[{"embeddable":true,"href":"https:\/\/notinor.com\/jujuy\/wp-json\/wp\/v2\/comments?post=373659"}],"version-history":[{"count":1,"href":"https:\/\/notinor.com\/jujuy\/wp-json\/wp\/v2\/posts\/373659\/revisions"}],"predecessor-version":[{"id":373661,"href":"https:\/\/notinor.com\/jujuy\/wp-json\/wp\/v2\/posts\/373659\/revisions\/373661"}],"wp:featuredmedia":[{"embeddable":true,"href":"https:\/\/notinor.com\/jujuy\/wp-json\/wp\/v2\/media\/373660"}],"wp:attachment":[{"href":"https:\/\/notinor.com\/jujuy\/wp-json\/wp\/v2\/media?parent=373659"}],"wp:term":[{"taxonomy":"category","embeddable":true,"href":"https:\/\/notinor.com\/jujuy\/wp-json\/wp\/v2\/categories?post=373659"},{"taxonomy":"post_tag","embeddable":true,"href":"https:\/\/notinor.com\/jujuy\/wp-json\/wp\/v2\/tags?post=373659"}],"curies":[{"name":"wp","href":"https:\/\/api.w.org\/{rel}","templated":true}]}}