{"id":373589,"date":"2023-03-17T09:47:03","date_gmt":"2023-03-17T12:47:03","guid":{"rendered":"https:\/\/notinor.com\/jujuy\/?p=373589"},"modified":"2023-03-17T09:47:08","modified_gmt":"2023-03-17T12:47:08","slug":"el-gobierno-porteno-presento-una-denuncia-penal-contra-edesur-por-los-cortes-de-luz","status":"publish","type":"post","link":"https:\/\/notinor.com\/jujuy\/el-gobierno-porteno-presento-una-denuncia-penal-contra-edesur-por-los-cortes-de-luz\/","title":{"rendered":"El Gobierno porte\u00f1o present\u00f3 una denuncia penal contra Edesur por los cortes de luz"},"content":{"rendered":"\n<p class=\"has-medium-font-size\"><strong><em>Lo anunci\u00f3 Horacio Rodr\u00edguez Larreta en su cuenta de Twitter donde, adem\u00e1s, aclar\u00f3 que no tienen jurisdicci\u00f3n sobre la energ\u00eda pero que est\u00e1n \u201cacompa\u00f1ando a los vecinos\u201d<\/em><\/strong><\/p>\n\n\n\n<p><\/p>\n\n\n<div class=\"wp-block-image\">\n<figure class=\"aligncenter size-full\"><img decoding=\"async\" loading=\"lazy\" width=\"768\" height=\"432\" src=\"https:\/\/notinor.com\/jujuy\/wp-content\/uploads\/2023\/03\/image-175.png\" alt=\"\" class=\"wp-image-373590\" srcset=\"https:\/\/notinor.com\/jujuy\/wp-content\/uploads\/2023\/03\/image-175.png 768w, https:\/\/notinor.com\/jujuy\/wp-content\/uploads\/2023\/03\/image-175-649x365.png 649w, https:\/\/notinor.com\/jujuy\/wp-content\/uploads\/2023\/03\/image-175-500x280.png 500w, https:\/\/notinor.com\/jujuy\/wp-content\/uploads\/2023\/03\/image-175-750x422.png 750w\" sizes=\"(max-width: 768px) 100vw, 768px\" \/><\/figure><\/div>\n\n\n<p><\/p>\n\n\n\n<p><strong>Horacio Rodr\u00edguez Larreta\u00a0present\u00f3 una denuncia penal contra Edesur a ra\u00edz de los<\/strong>\u00a0<strong>cortes de luz\u00a0que sufren miles de personas en la ciudad de Buenos Aires. <\/strong>En total, la empresa de energ\u00eda el\u00e9ctrica tiene 107.2451 usuarios sin servicio, de los cuales corresponde por fallas en 65 cables y 618 centros de transformaci\u00f3n (contra 2.024 usuario sin servicio de Edenor).<\/p>\n\n\n\n<p>\u201cEn la Ciudad, como en tantos lugares del pa\u00eds, hay miles y miles de personas que todav\u00eda est\u00e1n con la angustia de no tener luz. <strong>As\u00ed, nadie puede vivir. Se pudre la comida, te qued\u00e1s sin agua, hay adultos mayores, chicos y electrodependientes que no pueden seguir esperando<\/strong>. Que te falte la luz tantos d\u00edas ya no es una molestia, es un riesgo para la salud y para la vida. Y los responsables tienen que hacerse cargo. Por eso, presentamos una\u00a0<strong>denuncia\u00a0<\/strong>penal contra Edesur\u201d, confirm\u00f3 el jefe fe Gobierno porte\u00f1o en su cuenta de Twitter.<\/p>\n\n\n\n<p>En su publicaci\u00f3n, Rodr\u00edguez Larreta resalt\u00f3 que<strong> \u201ca pesar de no tener jurisdicci\u00f3n sobre la energ\u00eda, desde la Ciudad estamos haciendo todo lo que podemos desde nuestro lugar para acompa\u00f1ar a los vecinos. <\/strong>Llevamos grupos electr\u00f3genos a los hospitales y geri\u00e1tricos y a las personas electrodependientes para cuidar su salud. Adem\u00e1s, estamos garantizando el acceso al agua en el sur y el oeste de la Ciudad donde ya llevamos varios d\u00edas entregando agua potable, llenando tanques y dando asistencia t\u00e9cnica para reparaciones urgentes\u201d.<\/p>\n\n\n\n<p>\u201cPero hablemos claro. La raz\u00f3n de este problema es la crisis energ\u00e9tica que vive nuestro pa\u00eds producto de estos a\u00f1os donde no se cumplieron los marcos regulatorios, donde el Gobierno intervino a los entes reguladores sin ofrecer soluciones y la pol\u00edtica de precios destruy\u00f3 la inversi\u00f3n. Y como si esto fuera poco, el Gobierno le flexibiliz\u00f3 a Edenor y Edesur el pago de una deuda de\u00a0<strong>140 mil millones de pesos,<\/strong>\u00a0sin controlar ni garantizar que usaran esa plata para invertir en mejorar el servicio\u201d, record\u00f3.<\/p>\n\n\n\n<p><\/p>\n\n\n<div class=\"wp-block-image\">\n<figure class=\"aligncenter size-large\"><img decoding=\"async\" loading=\"lazy\" width=\"720\" height=\"480\" src=\"https:\/\/notinor.com\/jujuy\/wp-content\/uploads\/2023\/03\/image-176-720x480.png\" alt=\"\" class=\"wp-image-373591\" srcset=\"https:\/\/notinor.com\/jujuy\/wp-content\/uploads\/2023\/03\/image-176-720x480.png 720w, https:\/\/notinor.com\/jujuy\/wp-content\/uploads\/2023\/03\/image-176-548x365.png 548w, https:\/\/notinor.com\/jujuy\/wp-content\/uploads\/2023\/03\/image-176-750x500.png 750w, https:\/\/notinor.com\/jujuy\/wp-content\/uploads\/2023\/03\/image-176.png 768w\" sizes=\"(max-width: 720px) 100vw, 720px\" \/><\/figure><\/div>\n\n\n<p><\/p>\n\n\n\n<p>Por \u00faltimo, resalt\u00f3 que <strong>necesitan \u201cuna pol\u00edtica energ\u00e9tica seria que les garantice a los argentinos y a los sectores productivos la energ\u00eda que necesitan para vivir, crecer y desarrollarse<\/strong>. No podemos seguir desperdiciando el potencial que tenemos en el petr\u00f3leo, el gas y las energ\u00edas renovables\u201d.<\/p>\n\n\n\n<h2 class=\"has-medium-font-size\"><strong>Cuadrillas y electrodependientes<\/strong><\/h2>\n\n\n\n<p>Un informe t\u00e9cnico oficial fechado sobre la situaci\u00f3n de operatividad de las distribuidoras de CABA indica que la empresa tiene \u201ccon un total de 110 cuadrillas (68 contratistas), distribuidas en; 68 de reparaci\u00f3n de red (39 contratistas), 15 de canalizaci\u00f3n (contratistas), 10 de reparaci\u00f3n de CT (1 contratistas), 17 de laboratorio (13 contratistas)\u201d y guardia operativa con \u201ctotal de 151 cuadrillas (95 contratistas), distribuidas en; 27 guarda de red (10 contratistas), 117 guarda reclamos (85 contratistas), 7 control de redes (contratistas)\u201d.<\/p>\n\n\n\n<p>En todos los casos, <strong>Edenor, la otra empresa de la zona AMBA tiene mejores n\u00fameros<\/strong>. Hoy Edesur tiene 107.2451 usuarios sin servicio, de los cuales corresponde por fallas en 65 cables y 618 centros de transformaci\u00f3n (contra 2.024 usuario sin servicio de Edenor). Con respecto a los cortes por baja tensi\u00f3n, la italiana suma 36.357 casos (Edenor, 2.024).<\/p>\n","protected":false},"excerpt":{"rendered":"<p>Lo anunci\u00f3 Horacio Rodr\u00edguez Larreta en su cuenta de Twitter donde, adem\u00e1s, aclar\u00f3 que no tienen jurisdicci\u00f3n sobre la energ\u00eda pero que est\u00e1n \u201cacompa\u00f1ando a los vecinos\u201d Horacio Rodr\u00edguez Larreta\u00a0present\u00f3 una denuncia penal contra Edesur a ra\u00edz de los\u00a0cortes de luz\u00a0que sufren miles de personas en la ciudad de Buenos Aires. En total, la empresa [&hellip;]<\/p>\n","protected":false},"author":37,"featured_media":373590,"comment_status":"open","ping_status":"open","sticky":false,"template":"","format":"standard","meta":{"_stopmodifiedupdate":false,"_modified_date":"","inline_featured_image":false,"spay_email":"","jetpack_publicize_message":""},"categories":[5],"tags":[],"jetpack_featured_media_url":"https:\/\/notinor.com\/jujuy\/wp-content\/uploads\/2023\/03\/image-175.png","jetpack_publicize_connections":[],"_links":{"self":[{"href":"https:\/\/notinor.com\/jujuy\/wp-json\/wp\/v2\/posts\/373589"}],"collection":[{"href":"https:\/\/notinor.com\/jujuy\/wp-json\/wp\/v2\/posts"}],"about":[{"href":"https:\/\/notinor.com\/jujuy\/wp-json\/wp\/v2\/types\/post"}],"author":[{"embeddable":true,"href":"https:\/\/notinor.com\/jujuy\/wp-json\/wp\/v2\/users\/37"}],"replies":[{"embeddable":true,"href":"https:\/\/notinor.com\/jujuy\/wp-json\/wp\/v2\/comments?post=373589"}],"version-history":[{"count":1,"href":"https:\/\/notinor.com\/jujuy\/wp-json\/wp\/v2\/posts\/373589\/revisions"}],"predecessor-version":[{"id":373596,"href":"https:\/\/notinor.com\/jujuy\/wp-json\/wp\/v2\/posts\/373589\/revisions\/373596"}],"wp:featuredmedia":[{"embeddable":true,"href":"https:\/\/notinor.com\/jujuy\/wp-json\/wp\/v2\/media\/373590"}],"wp:attachment":[{"href":"https:\/\/notinor.com\/jujuy\/wp-json\/wp\/v2\/media?parent=373589"}],"wp:term":[{"taxonomy":"category","embeddable":true,"href":"https:\/\/notinor.com\/jujuy\/wp-json\/wp\/v2\/categories?post=373589"},{"taxonomy":"post_tag","embeddable":true,"href":"https:\/\/notinor.com\/jujuy\/wp-json\/wp\/v2\/tags?post=373589"}],"curies":[{"name":"wp","href":"https:\/\/api.w.org\/{rel}","templated":true}]}}