{"id":373588,"date":"2023-03-17T08:33:00","date_gmt":"2023-03-17T11:33:00","guid":{"rendered":"https:\/\/notinor.com\/jujuy\/?p=373588"},"modified":"2023-03-17T09:39:52","modified_gmt":"2023-03-17T12:39:52","slug":"fernandez-julio-2","status":"publish","type":"post","link":"https:\/\/notinor.com\/jujuy\/fernandez-julio-2\/","title":{"rendered":"FERNANDEZ, Julio"},"content":{"rendered":"\n<p><strong>Falleci\u00f3 el d\u00eda16 de marzo de 2023, a hs. 08:00 a la edad de 91 a\u00f1os. Sus hijos: Julio, Charito y Silvia; sus hijos pol\u00edticos: Analia, Sa\u00fal y Gustavo; sus nietos: Bel\u00e9n, Adolfo, Pedro, Daniela, Cande, Ro, Florencia, Facundo, Fausto, Francisco, Abi, Sim\u00f3n, Bere y Ambar; sus bisnietos y dem\u00e1s familiares participan con profundo dolor su fallecimiento y comunican que sus restos ser\u00e1n inhumados hoy 17 de marzo a hs. 11:30 en el cementerio parque El Jard\u00edn del Castillo. FAE. Casa de duelo salas Arenales de empresa La Piedad sita en Arenales 1145. Servicio empresa La Piedad SA. Salta 727 San Salvador de Jujuy, Jujuy. Tel. 0388-4222487. L\u00ednea gratuita 0800-444-5274.<\/strong><\/p>\n","protected":false},"excerpt":{"rendered":"<p>Falleci\u00f3 el d\u00eda16 de marzo de 2023, a hs. 08:00 a la edad de 91 a\u00f1os. Sus hijos: Julio, Charito y Silvia; sus hijos pol\u00edticos: Analia, Sa\u00fal y Gustavo; sus nietos: Bel\u00e9n, Adolfo, Pedro, Daniela, Cande, Ro, Florencia, Facundo, Fausto, Francisco, Abi, Sim\u00f3n, Bere y Ambar; sus bisnietos y dem\u00e1s familiares participan con profundo dolor [&hellip;]<\/p>\n","protected":false},"author":5,"featured_media":129720,"comment_status":"open","ping_status":"open","sticky":false,"template":"","format":"standard","meta":{"_stopmodifiedupdate":false,"_modified_date":"","inline_featured_image":false,"spay_email":"","jetpack_publicize_message":""},"categories":[523],"tags":[],"jetpack_featured_media_url":"https:\/\/notinor.com\/jujuy\/wp-content\/uploads\/2017\/08\/Obituarios1.jpg","jetpack_publicize_connections":[],"_links":{"self":[{"href":"https:\/\/notinor.com\/jujuy\/wp-json\/wp\/v2\/posts\/373588"}],"collection":[{"href":"https:\/\/notinor.com\/jujuy\/wp-json\/wp\/v2\/posts"}],"about":[{"href":"https:\/\/notinor.com\/jujuy\/wp-json\/wp\/v2\/types\/post"}],"author":[{"embeddable":true,"href":"https:\/\/notinor.com\/jujuy\/wp-json\/wp\/v2\/users\/5"}],"replies":[{"embeddable":true,"href":"https:\/\/notinor.com\/jujuy\/wp-json\/wp\/v2\/comments?post=373588"}],"version-history":[{"count":1,"href":"https:\/\/notinor.com\/jujuy\/wp-json\/wp\/v2\/posts\/373588\/revisions"}],"predecessor-version":[{"id":373592,"href":"https:\/\/notinor.com\/jujuy\/wp-json\/wp\/v2\/posts\/373588\/revisions\/373592"}],"wp:featuredmedia":[{"embeddable":true,"href":"https:\/\/notinor.com\/jujuy\/wp-json\/wp\/v2\/media\/129720"}],"wp:attachment":[{"href":"https:\/\/notinor.com\/jujuy\/wp-json\/wp\/v2\/media?parent=373588"}],"wp:term":[{"taxonomy":"category","embeddable":true,"href":"https:\/\/notinor.com\/jujuy\/wp-json\/wp\/v2\/categories?post=373588"},{"taxonomy":"post_tag","embeddable":true,"href":"https:\/\/notinor.com\/jujuy\/wp-json\/wp\/v2\/tags?post=373588"}],"curies":[{"name":"wp","href":"https:\/\/api.w.org\/{rel}","templated":true}]}}