{"id":373576,"date":"2023-03-17T09:20:32","date_gmt":"2023-03-17T12:20:32","guid":{"rendered":"https:\/\/notinor.com\/jujuy\/?p=373576"},"modified":"2023-03-17T09:20:36","modified_gmt":"2023-03-17T12:20:36","slug":"gerardo-morales-cambiara-la-historia-de-este-pais","status":"publish","type":"post","link":"https:\/\/notinor.com\/jujuy\/gerardo-morales-cambiara-la-historia-de-este-pais\/","title":{"rendered":"\u201cGerardo Morales cambiar\u00e1 la historia de este pa\u00eds\u201d"},"content":{"rendered":"\n<p class=\"has-medium-font-size\"><strong><em>El diputado provincial, Santiago Jubert, asegur\u00f3 que el gobernador Gerardo Morales \"interpreta bien lo que quieren los argentinos para el 2023<\/em><\/strong>\".<\/p>\n\n\n\n<p><\/p>\n\n\n<div class=\"wp-block-image\">\n<figure class=\"aligncenter size-large\"><img decoding=\"async\" loading=\"lazy\" width=\"711\" height=\"480\" src=\"https:\/\/notinor.com\/jujuy\/wp-content\/uploads\/2023\/03\/image-174-711x480.png\" alt=\"\" class=\"wp-image-373578\" srcset=\"https:\/\/notinor.com\/jujuy\/wp-content\/uploads\/2023\/03\/image-174-711x480.png 711w, https:\/\/notinor.com\/jujuy\/wp-content\/uploads\/2023\/03\/image-174-541x365.png 541w, https:\/\/notinor.com\/jujuy\/wp-content\/uploads\/2023\/03\/image-174-768x518.png 768w, https:\/\/notinor.com\/jujuy\/wp-content\/uploads\/2023\/03\/image-174-750x506.png 750w, https:\/\/notinor.com\/jujuy\/wp-content\/uploads\/2023\/03\/image-174.png 1024w\" sizes=\"(max-width: 711px) 100vw, 711px\" \/><\/figure><\/div>\n\n\n<p><\/p>\n\n\n\n<p>\"<strong>Gerardo Morales sabe lo que va a hacer en los pr\u00f3ximos cuatro a\u00f1os<\/strong>. Adem\u00e1s, interpreta bien lo que quiere cada argentina y argentino, no tengo dudas de que va a ser el mejor candidato a presidente y seguramente tendr\u00e1 un gran respaldo de muchos sectores pol\u00edticos de la Argentina\", sostuvo Santiago Jubert tras el lanzamiento de la precandidatura presidencial del gobernador y presidente de la Uni\u00f3n C\u00edvica Radical.<\/p>\n\n\n\n<p>De esta manera, el diputado valor\u00f3 positivamente la gesti\u00f3n del gobernador e indic\u00f3 que <strong>\"hizo un cambio rotundo con una provincia que era considerada inviable <\/strong>y como dijo Morales, Jujuy se transform\u00f3 en una provincia apostando al orden, combatiendo la corrupci\u00f3n liderada por Milagro Sala, mejor\u00f3 la cultura del trabajo, el esfuerzo y la matriz productiva\u201d.<\/p>\n\n\n\n<p>\u201cSabemos de su enorme compromiso para mejorar el pa\u00eds, porque<strong> tiene una gran vocaci\u00f3n de servicio<\/strong> que se vio reflejada en Jujuy durante 8 a\u00f1os de transformaci\u00f3n\u201d, resalt\u00f3 Jubert.<\/p>\n\n\n\n<p>Finalmente el legislador provincial y Secretario del Comit\u00e9 Provincia de la UCR, pidi\u00f3 apoyo de todos los juje\u00f1os para que <strong>Gerardo Morales siga avanzando en pos de mejor calidad de vida para todos los argentinos en las futuras elecciones presidenciales.<\/strong><\/p>\n","protected":false},"excerpt":{"rendered":"<p>El diputado provincial, Santiago Jubert, asegur\u00f3 que el gobernador Gerardo Morales \"interpreta bien lo que quieren los argentinos para el 2023\". \"Gerardo Morales sabe lo que va a hacer en los pr\u00f3ximos cuatro a\u00f1os. Adem\u00e1s, interpreta bien lo que quiere cada argentina y argentino, no tengo dudas de que va a ser el mejor candidato [&hellip;]<\/p>\n","protected":false},"author":37,"featured_media":373578,"comment_status":"open","ping_status":"open","sticky":false,"template":"","format":"standard","meta":{"_stopmodifiedupdate":false,"_modified_date":"","inline_featured_image":false,"spay_email":"","jetpack_publicize_message":""},"categories":[501],"tags":[],"jetpack_featured_media_url":"https:\/\/notinor.com\/jujuy\/wp-content\/uploads\/2023\/03\/image-174.png","jetpack_publicize_connections":[],"_links":{"self":[{"href":"https:\/\/notinor.com\/jujuy\/wp-json\/wp\/v2\/posts\/373576"}],"collection":[{"href":"https:\/\/notinor.com\/jujuy\/wp-json\/wp\/v2\/posts"}],"about":[{"href":"https:\/\/notinor.com\/jujuy\/wp-json\/wp\/v2\/types\/post"}],"author":[{"embeddable":true,"href":"https:\/\/notinor.com\/jujuy\/wp-json\/wp\/v2\/users\/37"}],"replies":[{"embeddable":true,"href":"https:\/\/notinor.com\/jujuy\/wp-json\/wp\/v2\/comments?post=373576"}],"version-history":[{"count":1,"href":"https:\/\/notinor.com\/jujuy\/wp-json\/wp\/v2\/posts\/373576\/revisions"}],"predecessor-version":[{"id":373580,"href":"https:\/\/notinor.com\/jujuy\/wp-json\/wp\/v2\/posts\/373576\/revisions\/373580"}],"wp:featuredmedia":[{"embeddable":true,"href":"https:\/\/notinor.com\/jujuy\/wp-json\/wp\/v2\/media\/373578"}],"wp:attachment":[{"href":"https:\/\/notinor.com\/jujuy\/wp-json\/wp\/v2\/media?parent=373576"}],"wp:term":[{"taxonomy":"category","embeddable":true,"href":"https:\/\/notinor.com\/jujuy\/wp-json\/wp\/v2\/categories?post=373576"},{"taxonomy":"post_tag","embeddable":true,"href":"https:\/\/notinor.com\/jujuy\/wp-json\/wp\/v2\/tags?post=373576"}],"curies":[{"name":"wp","href":"https:\/\/api.w.org\/{rel}","templated":true}]}}