{"id":37227,"date":"2015-07-24T00:00:55","date_gmt":"2015-07-24T03:00:55","guid":{"rendered":"http:\/\/notinor.com\/jujuy\/?p=37227"},"modified":"2015-07-23T22:55:30","modified_gmt":"2015-07-24T01:55:30","slug":"se-levanto-el-paro-nacional-lechero-tras-un-acuerdo-con-los-productores","status":"publish","type":"post","link":"https:\/\/notinor.com\/jujuy\/se-levanto-el-paro-nacional-lechero-tras-un-acuerdo-con-los-productores\/","title":{"rendered":"Se levant\u00f3 el paro nacional lechero tras un acuerdo con los productores"},"content":{"rendered":"<p>La Asociaci\u00f3n de Trabajadores de la Industria Lechera (ATILRA) levant\u00f3 la medida de fuerza convocada para hoy, tras un acuerdo alcanzado con la Secretar\u00eda de Comercio, productores y entidades industriales del sector.<\/p>\n<p>la Asociaci\u00f3n de Trabajadores de la Industria Lechera (ATILRA) levant\u00f3 el paro nacional convocado para hoy en respuesta a la crisis por la ca\u00edda en el precio internacional de la leche, tras un acuerdo alcanzado con la Secretar\u00eda de Comercio, productores y entidades industriales del sector.<\/p>\n<p>El acta acuerdo firmada por las partes establece la conformaci\u00f3n de una \"mesa pol\u00edtica y t\u00e9cnica\" para dar seguimiento y ordenamiento al sector, mientras que las plantas procesadoras se comprometen a normalizar la recepci\u00f3n de leche de todos los tambos, de acuerdo a los vol\u00famenes comercializados a la semana previa a la firma del documento.<\/p>\n<p>Asimismo, las entidades de la industria prometieron establecer los precios del mes de julio procurando \"acercarse a los valores pagados en el mes de junio\" y compensar las eventuales p\u00e9rdidas sufridas por los productores.<\/p>\n<p>\"Cada empresa analizar\u00e1 con sus remitentes y seg\u00fan su situaci\u00f3n, tratara de sostener los precios de la leche del mes de junio pasado\", indic\u00f3 la Asociaci\u00f3n peque\u00f1as y medianas empresas l\u00e1cteas (APYMEL), en un comunicado emitido tras la reuni\u00f3n realizada en la sede de la Secretar\u00eda de Comercio.<\/p>\n<p>En el acta acuerdo las entidades tambi\u00e9n se comprometen a \"no efectuar descuentos de premios y\/o adicionales\", como tampoco aplicar sanciones.<\/p>\n<p>Adem\u00e1s de ATILRA y APYMEL participaron del encuentro representantes la Asociaci\u00f3n de Productores Lecheros de Argentina (APLA), Centro de Industria Lechera (CIL), CRA, Coninagro, Federaci\u00f3n Agraria, CGE y Sancor.<\/p>\n<p>El conflicto se hab\u00eda iniciado el lunes pasado en Rafaela (Santa Fe) con el bloqueo a la planta industrial de la firma canadiense Saputo, en oposici\u00f3n al recorte en el precio del litro de leche que se retira en tranquera.<br \/>\nLa protesta continu\u00f3 hoy, cuando un grupo de productores protestaron volcando miles de litros del vital alimento en rutas de distintos puntos de Santa Fe y C\u00f3rdoba.<\/p>\n","protected":false},"excerpt":{"rendered":"<p>La Asociaci\u00f3n de Trabajadores de la Industria Lechera (ATILRA) levant\u00f3 la medida de fuerza convocada para hoy, tras un acuerdo alcanzado con la Secretar\u00eda de Comercio, productores y entidades industriales del sector. la Asociaci\u00f3n de Trabajadores de la Industria Lechera (ATILRA) levant\u00f3 el paro nacional convocado para hoy en respuesta a la crisis por la [&hellip;]<\/p>\n","protected":false},"author":1,"featured_media":37228,"comment_status":"open","ping_status":"open","sticky":false,"template":"","format":"standard","meta":{"_stopmodifiedupdate":false,"_modified_date":"","inline_featured_image":false},"categories":[5],"tags":[],"jetpack_featured_media_url":"https:\/\/notinor.com\/jujuy\/wp-content\/uploads\/2015\/07\/lecheros.jpg","_links":{"self":[{"href":"https:\/\/notinor.com\/jujuy\/wp-json\/wp\/v2\/posts\/37227"}],"collection":[{"href":"https:\/\/notinor.com\/jujuy\/wp-json\/wp\/v2\/posts"}],"about":[{"href":"https:\/\/notinor.com\/jujuy\/wp-json\/wp\/v2\/types\/post"}],"author":[{"embeddable":true,"href":"https:\/\/notinor.com\/jujuy\/wp-json\/wp\/v2\/users\/1"}],"replies":[{"embeddable":true,"href":"https:\/\/notinor.com\/jujuy\/wp-json\/wp\/v2\/comments?post=37227"}],"version-history":[{"count":1,"href":"https:\/\/notinor.com\/jujuy\/wp-json\/wp\/v2\/posts\/37227\/revisions"}],"predecessor-version":[{"id":37229,"href":"https:\/\/notinor.com\/jujuy\/wp-json\/wp\/v2\/posts\/37227\/revisions\/37229"}],"wp:featuredmedia":[{"embeddable":true,"href":"https:\/\/notinor.com\/jujuy\/wp-json\/wp\/v2\/media\/37228"}],"wp:attachment":[{"href":"https:\/\/notinor.com\/jujuy\/wp-json\/wp\/v2\/media?parent=37227"}],"wp:term":[{"taxonomy":"category","embeddable":true,"href":"https:\/\/notinor.com\/jujuy\/wp-json\/wp\/v2\/categories?post=37227"},{"taxonomy":"post_tag","embeddable":true,"href":"https:\/\/notinor.com\/jujuy\/wp-json\/wp\/v2\/tags?post=37227"}],"curies":[{"name":"wp","href":"https:\/\/api.w.org\/{rel}","templated":true}]}}