{"id":372181,"date":"2023-03-01T16:23:57","date_gmt":"2023-03-01T19:23:57","guid":{"rendered":"https:\/\/notinor.com\/jujuy\/?p=372181"},"modified":"2023-03-01T16:24:01","modified_gmt":"2023-03-01T19:24:01","slug":"alberto-fernandez-inauguro-las-sesiones-del-congreso-y-volvio-a-criticar-fuertemente-a-la-justicia","status":"publish","type":"post","link":"https:\/\/notinor.com\/jujuy\/alberto-fernandez-inauguro-las-sesiones-del-congreso-y-volvio-a-criticar-fuertemente-a-la-justicia\/","title":{"rendered":"Alberto Fern\u00e1ndez inaugur\u00f3 las sesiones del Congreso y volvi\u00f3 a criticar fuertemente a la Justicia"},"content":{"rendered":"\n<p class=\"has-medium-font-size\"><strong><em>En un extenso discurso, transmitido en cadena nacional, el Presidente hizo un repaso de su gesti\u00f3n, cuestion\u00f3 a la oposici\u00f3n sin mencionar a Macri, y a los medios, y evit\u00f3 dar una definici\u00f3n sobre si buscar\u00e1 una reelecci\u00f3n. No habl\u00f3 de \u201cproscripci\u00f3n\u201d, pero asegur\u00f3 que se busc\u00f3 \u201cinhabilitar\u201d a Cristina Kirchner.<\/em><\/strong><\/p>\n\n\n\n<p><\/p>\n\n\n<div class=\"wp-block-image\">\n<figure class=\"aligncenter size-full\"><img decoding=\"async\" loading=\"lazy\" width=\"800\" height=\"450\" src=\"https:\/\/notinor.com\/jujuy\/wp-content\/uploads\/2023\/03\/inauguracion-sesiones-ordinarias-2023.jpg\" alt=\"\" class=\"wp-image-372182\" srcset=\"https:\/\/notinor.com\/jujuy\/wp-content\/uploads\/2023\/03\/inauguracion-sesiones-ordinarias-2023.jpg 800w, https:\/\/notinor.com\/jujuy\/wp-content\/uploads\/2023\/03\/inauguracion-sesiones-ordinarias-2023-649x365.jpg 649w, https:\/\/notinor.com\/jujuy\/wp-content\/uploads\/2023\/03\/inauguracion-sesiones-ordinarias-2023-500x280.jpg 500w, https:\/\/notinor.com\/jujuy\/wp-content\/uploads\/2023\/03\/inauguracion-sesiones-ordinarias-2023-768x432.jpg 768w, https:\/\/notinor.com\/jujuy\/wp-content\/uploads\/2023\/03\/inauguracion-sesiones-ordinarias-2023-750x422.jpg 750w\" sizes=\"(max-width: 800px) 100vw, 800px\" \/><\/figure><\/div>\n\n\n<p><\/p>\n\n\n\n<p>Alberto Fern\u00e1ndez dej\u00f3 una serie de definiciones pol\u00edticas en su extenso discurso que brind\u00f3 en el Congreso para inaugurar las sesiones ordinarias, <strong>el evento que signific\u00f3 un reencuentro entre el Presidente y su vice, que no se ve\u00edan en p\u00fablico desde junio del a\u00f1o pasado en Tecn\u00f3polis.<\/strong><\/p>\n\n\n\n<p>La primera definici\u00f3n: <strong>asegur\u00f3 que Cristina Kirchner es \u201cperseguida injustamente\u201d pero no una dirigente proscripta por la Justicia, <\/strong>una bandera que enarbola el kirchnerismo y repiten sus principales defensores como una suerte de mantra en \u00e9poca electoral.<\/p>\n\n\n\n<p>La segunda,<strong> desoy\u00f3 un reclamo de La C\u00e1mpora, que pide una definici\u00f3n sobre si efectivamente ir\u00e1 en b\u00fasqueda de la reelecci\u00f3n.<\/strong> Eso s\u00ed, en las 57 hojas que ley\u00f3 en dos horas hizo un repaso detallado de los logros de la gesti\u00f3n, en sinton\u00eda con la estrategia que implement\u00f3 en las \u00faltimas semanas, afiches en la calles incluidos, para defender, sostener y cimentar una eventual candidatura.<\/p>\n\n\n\n<p>La tercera definici\u00f3n, la m\u00e1s extensa, a la que dedic\u00f3 m\u00e1s tiempo, fue su ataque directo a la Justicia. <strong>\u201cNo hay ning\u00fan ataque ni embestida. Se solicita que se revise con todas las garant\u00edas y en las instancias que corresponde el desempe\u00f1o de los magistrados que conforman la Corte Suprema de Justicia de la Naci\u00f3n\u201d, <\/strong>se\u00f1al\u00f3. <strong>\u201cNada sirve si los miembros de la Justicia se entrelazan en v\u00ednculos poco transparentes con empresarios o emisarios de la pol\u00edtica\u201d, <\/strong>agreg\u00f3.<\/p>\n\n\n\n<p>\u201cFui yo el que con mi moderaci\u00f3n est\u00e1 al lado de Cristina cuando es perseguida injustamente y el que reclama y hace todo lo republicanamente posible para que la Justicia vuelva a abrazar el derecho y deje de servir a factores de poder persiguiendo a quienes representan el pensamiento popular\u201d, asegur\u00f3 el Presidente en su discurso. En ese pasaje, tambi\u00e9n, <strong>destac\u00f3 su rol de \u201cmoderado\u201d frente a las cr\u00edticas dentro del Frente de Todos por el tono de la gesti\u00f3n.<\/strong><\/p>\n\n\n\n<p>Antes de finalizar, volvi\u00f3 a mencionar la situaci\u00f3n judicial de Cristina Kirchner. <strong>\u201cHace a\u00f1os que venimos denunciando la conformaci\u00f3n de una estructura que opera de manera coordinada en la que se involucran miembros del Poder Judicial, medios de comunicaci\u00f3n y pol\u00edticos de la oposici\u00f3n\u201d.<\/strong><\/p>\n\n\n\n<p>Y a\u00f1adi\u00f3: \u201cHace unos meses esta organizaci\u00f3n coron\u00f3 su actuaci\u00f3n con una condena en primera instancia a la Vicepresidenta de la Naci\u00f3n. Lo hicieron tras simular un juicio en el que no se cuidaron las formas m\u00ednimas del debido proceso y se formularon imputaciones que rayan con el absurdo jur\u00eddico buscando su inhabilitaci\u00f3n pol\u00edtica\u201d. <strong>De esta forma se refiri\u00f3 al fallo que conden\u00f3 a Cristina Kirchner a seis a\u00f1os de prisi\u00f3n e inhabilitaci\u00f3n perpetua para ejercer cargos por defraudaci\u00f3n al Estado en la causa Vialidad.<\/strong><\/p>\n\n\n\n<p class=\"has-medium-font-size\"><strong>Un ataque frente a Rosatti y Rosenkrantz<\/strong><\/p>\n\n\n\n<p><strong>Fern\u00e1ndez cuestion\u00f3 a la Justicia y el accionar de la Corte Suprema frente a dos jueces del m\u00e1ximo tribunal, como Horacio Rosatti y Carlos Rosenkrantz, quienes asistieron a la apertura de sesiones del Congreso.<\/strong> \u201cLos episodios recientes en la disputa por los recursos nacionales y su coparticipaci\u00f3n con nuestras provincias hicieron evidente cual es el bloque de intereses tradicionales que pretenden consolidar las enormes asimetr\u00edas que a\u00fan existen en la Argentina\u201d, afirm\u00f3 el Presidente.<\/p>\n\n\n\n<p>\u201cMientras que muchas provincias necesitan realizar obras que permiten asegurar servicios tan esenciales como el agua potable para sus habitantes, <strong>la Corte Suprema de Justicia asegur\u00f3 cautelar a la Ciudad Aut\u00f3noma de Buenos Aires recursos coparticipables que no le corresponden contrariando la ley de coparticipaci\u00f3n vigente. Le quita dinero a los que m\u00e1s necesitan y destina esos mismos recursos a la ciudad m\u00e1s opulenta del pa\u00eds\u201d, <\/strong>sostuvo. La televisaci\u00f3n enfoc\u00f3 al jefe de Gobierno porte\u00f1o, Horacio Rodr\u00edguez Larreta, en ese momento, con un gesto adusto, de negaci\u00f3n.<\/p>\n\n\n\n<p>Este pasaje gener\u00f3 el rechazo de dirigentes de la oposici\u00f3n, quienes hab\u00edan adelantado que se iban a retirar del recinto si el Presidente atacaba directamente a Juntos por el Cambio. <strong>Hubo cruces con el diputado Fernando Iglesias, y Mart\u00edn Lousteau, entre otros, se levant\u00f3 de su banca. \u201cMiente, no puede decir que la ciudad de Buenos Aires no es parte de convenio de coparticipaci\u00f3n\u201d,<\/strong> cuestion\u00f3 el diputado radical. Legisladores del Interbloque Federal tambi\u00e9n dejaron el recinto.<\/p>\n\n\n\n<p class=\"has-medium-font-size\"><strong>La defensa del pedido de juicio pol\u00edtico a la Corte<\/strong><\/p>\n\n\n\n<p>En el marco de su embestida contra la Corte, Alberto Fern\u00e1ndez defendi\u00f3 el pedido de juicio pol\u00edtico contra los integrantes del m\u00e1ximo tribunal y record\u00f3 el proyecto para reformar la Justicia al inicio de su gesti\u00f3n y la disputa para la conformaci\u00f3n del Consejo de la Magistratura. <strong>\u201cCualquier argumento que sostenga que el reclamo es violatorio de la Rep\u00fablica o del Estado de derecho, es falso. Solamente tienen que ir y leer el art\u00edculo 53 y 59 de nuestra Constituci\u00f3n Nacional\u201d,<\/strong> indic\u00f3.<\/p>\n\n\n\n<p>\u201cAs\u00ed como el Poder Ejecutivo padeci\u00f3 la intromisi\u00f3n del Poder Judicial en funciones que le son propias, este mismo Congreso debi\u00f3 soportar la intromisi\u00f3n en sus prerrogativas cuando la Corte Suprema se arrog\u00f3 indebidamente la facultad de disponer c\u00f3mo debe este cuerpo legislativo designar sus representantes ante el Consejo de la Magistratura\u201d, agreg\u00f3.<\/p>\n\n\n\n<p>\u201cSi aquella reforma de la Justicia Federal hubiera prosperado y si la Corte Suprema no hubiera tomado por asalto al Consejo de la Magistratura, hoy Santa Fe no estar\u00eda padeciendo la carencia de tribunales que impiden enjuiciar con rapidez al crimen organizado que se ha expandido en su territorio\u201d, ejemplific\u00f3.<\/p>\n\n\n\n<p class=\"has-medium-font-size\"><strong>Otras frases destacadas de su discurso<\/strong><\/p>\n\n\n\n<p><strong>El atentado a CFK:<\/strong> \u201cHace seis meses estuvimos frente a uno de los episodios m\u00e1s desgraciados vividos en estos cuarenta a\u00f1os como fue el intento de asesinato de nuestra Vicepresidenta de la Naci\u00f3n, Cristina Fern\u00e1ndez de Kirchner. <strong>Frente a todos ustedes, vuelvo a exigir hoy a la justicia que profundice la investigaci\u00f3n de aquel hecho, que juzgue y condene a qui\u00e9nes fueron los autores materiales e intelectuales de ese intento de homicidio. <\/strong>Le pido a la justicia que act\u00fae con la misma premura con la que archiva causas en las que jueces, fiscales o empresarios poderosos asoman como imputados\u201d.<\/p>\n\n\n\n<p><strong>Inflaci\u00f3n:<\/strong> <strong>\u201cLa alta inflaci\u00f3n que todos sufrimos es un factor central de desorganizaci\u00f3n de nuestra econom\u00eda. Todos sabemos bien que la inflaci\u00f3n constituye un problema estructural de la Argentina que se remonta a d\u00e9cadas.<\/strong> Estamos abocados a reducirla sin generar incrementos en los niveles de pobreza o frenos en el proceso de crecimiento que venimos experimentando. No resulta una tarea sencilla. Quienes minimizaron el problema acabaron por profundizarlo\u201d.<\/p>\n\n\n\n<p><strong>Cr\u00edtica a los medios:<\/strong> \u201cHemos soportado una sistem\u00e1tica acci\u00f3n de desinformaci\u00f3n de las pol\u00edticas que se llevaron adelante desde el gobierno Nacional. <strong>Esa suerte de cerco informativo fue muy dif\u00edcil de eludir dados los niveles de concentraci\u00f3n que existen en nuestro sistema de medios de comunicaci\u00f3n. <\/strong>Adem\u00e1s, muchos de esos medios expresan intereses econ\u00f3micos y pol\u00edticos opositores al gobierno que ocultan o tergiversan informaci\u00f3n a sus lectores, oyentes o televidentes\u201d.<\/p>\n\n\n\n<p><strong>Elogio a Massa:<\/strong> <strong>\u201cQuiero se\u00f1alar y agradecer aqu\u00ed el compromiso de Sergio Massa, <\/strong>quien dej\u00f3 la Presidencia de esta C\u00e1mara para venir a sumarse a la compleja tarea de conducir el Ministro de Econom\u00eda\u201d.<\/p>\n\n\n\n<p><strong>D\u00e9ficit fiscal:<\/strong> \u201cCumplimos este a\u00f1o con las pautas fiscales que nos propusimos, reduciendo el d\u00e9ficit fiscal que se ubic\u00f3 en el 2,4% del PBI\u201d.<\/p>\n\n\n\n<p><strong>Cr\u00edticas a la oposici\u00f3n:<\/strong> \u201cEstamos viendo c\u00f3mo anticipan un nuevo embate privatizador sobre las empresas p\u00fablicas precedido de una campa\u00f1a de desprestigio\u201d.<\/p>\n","protected":false},"excerpt":{"rendered":"<p>En un extenso discurso, transmitido en cadena nacional, el Presidente hizo un repaso de su gesti\u00f3n, cuestion\u00f3 a la oposici\u00f3n sin mencionar a Macri, y a los medios, y evit\u00f3 dar una definici\u00f3n sobre si buscar\u00e1 una reelecci\u00f3n. No habl\u00f3 de \u201cproscripci\u00f3n\u201d, pero asegur\u00f3 que se busc\u00f3 \u201cinhabilitar\u201d a Cristina Kirchner. Alberto Fern\u00e1ndez dej\u00f3 una [&hellip;]<\/p>\n","protected":false},"author":49,"featured_media":372182,"comment_status":"open","ping_status":"open","sticky":false,"template":"","format":"standard","meta":{"_stopmodifiedupdate":false,"_modified_date":"","inline_featured_image":false,"spay_email":"","jetpack_publicize_message":""},"categories":[2,501],"tags":[],"jetpack_featured_media_url":"https:\/\/notinor.com\/jujuy\/wp-content\/uploads\/2023\/03\/inauguracion-sesiones-ordinarias-2023.jpg","jetpack_publicize_connections":[],"_links":{"self":[{"href":"https:\/\/notinor.com\/jujuy\/wp-json\/wp\/v2\/posts\/372181"}],"collection":[{"href":"https:\/\/notinor.com\/jujuy\/wp-json\/wp\/v2\/posts"}],"about":[{"href":"https:\/\/notinor.com\/jujuy\/wp-json\/wp\/v2\/types\/post"}],"author":[{"embeddable":true,"href":"https:\/\/notinor.com\/jujuy\/wp-json\/wp\/v2\/users\/49"}],"replies":[{"embeddable":true,"href":"https:\/\/notinor.com\/jujuy\/wp-json\/wp\/v2\/comments?post=372181"}],"version-history":[{"count":1,"href":"https:\/\/notinor.com\/jujuy\/wp-json\/wp\/v2\/posts\/372181\/revisions"}],"predecessor-version":[{"id":372183,"href":"https:\/\/notinor.com\/jujuy\/wp-json\/wp\/v2\/posts\/372181\/revisions\/372183"}],"wp:featuredmedia":[{"embeddable":true,"href":"https:\/\/notinor.com\/jujuy\/wp-json\/wp\/v2\/media\/372182"}],"wp:attachment":[{"href":"https:\/\/notinor.com\/jujuy\/wp-json\/wp\/v2\/media?parent=372181"}],"wp:term":[{"taxonomy":"category","embeddable":true,"href":"https:\/\/notinor.com\/jujuy\/wp-json\/wp\/v2\/categories?post=372181"},{"taxonomy":"post_tag","embeddable":true,"href":"https:\/\/notinor.com\/jujuy\/wp-json\/wp\/v2\/tags?post=372181"}],"curies":[{"name":"wp","href":"https:\/\/api.w.org\/{rel}","templated":true}]}}