{"id":372176,"date":"2023-03-01T11:38:54","date_gmt":"2023-03-01T14:38:54","guid":{"rendered":"https:\/\/notinor.com\/jujuy\/?p=372176"},"modified":"2023-03-01T11:38:58","modified_gmt":"2023-03-01T14:38:58","slug":"tras-anunciar-a-carlos-sadir-como-candidato-a-gobernador-gerardo-morales-prepara-su-lanzamiento-presidencial","status":"publish","type":"post","link":"https:\/\/notinor.com\/jujuy\/tras-anunciar-a-carlos-sadir-como-candidato-a-gobernador-gerardo-morales-prepara-su-lanzamiento-presidencial\/","title":{"rendered":"Tras anunciar a Carlos Sadir como candidato a gobernador, Gerardo Morales prepara su lanzamiento presidencial\u00a0"},"content":{"rendered":"\n<p class=\"has-medium-font-size\"><strong><em>El titular de la UCR har\u00e1 un acto en el Gran Rex para oficializar sus aspiraciones nacionales. En la provincia, bendijo al actual ministro de Hacienda y Finanzas<\/em><\/strong><\/p>\n\n\n\n<p><\/p>\n\n\n<div class=\"wp-block-image\">\n<figure class=\"aligncenter size-full\"><img decoding=\"async\" loading=\"lazy\" width=\"768\" height=\"432\" src=\"https:\/\/notinor.com\/jujuy\/wp-content\/uploads\/2023\/03\/image-13.png\" alt=\"\" class=\"wp-image-372177\" srcset=\"https:\/\/notinor.com\/jujuy\/wp-content\/uploads\/2023\/03\/image-13.png 768w, https:\/\/notinor.com\/jujuy\/wp-content\/uploads\/2023\/03\/image-13-649x365.png 649w, https:\/\/notinor.com\/jujuy\/wp-content\/uploads\/2023\/03\/image-13-500x280.png 500w, https:\/\/notinor.com\/jujuy\/wp-content\/uploads\/2023\/03\/image-13-750x422.png 750w\" sizes=\"(max-width: 768px) 100vw, 768px\" \/><\/figure><\/div>\n\n\n<p><\/p>\n\n\n\n<p><strong>Gerardo Morales\u00a0lanzar\u00e1 su candidatura a presidente el pr\u00f3ximo 15 de marzo en un acto que realizar\u00e1 en el Gran Rex<\/strong>, donde buscar\u00e1 dar un discurso enfocado a mostrar la musculatura radical, territorialidad y propuestas econ\u00f3micas<\/p>\n\n\n\n<p>A su vez, el presidente de la UCR<strong> bendijo a su ministro de Econom\u00eda,<\/strong>\u00a0<strong>Carlos Sadir<\/strong>,<strong> como el postulante oficialista para sucederlo en Jujuy<\/strong>. El anuncio coincide con la oficializaci\u00f3n de las intenciones presidenciales de\u00a0Horacio Rodr\u00edguez Larreta dentro de Juntos por el Cambio.<\/p>\n\n\n\n<p><strong>El pr\u00f3ximo 7 de mayo en la provincia se votar\u00e1 por gobernador, diputados provinciales, jefes comunales y concejales<\/strong>. Lejos de modificar el estatuto parra una posible reelecci\u00f3n, Morales ungi\u00f3 a su ministro en acto realizado en el Hotel Altos de La Vi\u00f1a.<\/p>\n\n\n\n<p><strong>\u201cEstoy seguro que Sadir es la expresi\u00f3n de continuidad de la transformaci\u00f3n\u201d<\/strong>, expres\u00f3 durante su discurso y agreg\u00f3: \u201cEs un hombre que rem\u00f3 y empuj\u00f3 mucho, es de los m\u00e1s trabajadores, con el mayor compromiso, sin horarios y haciendo lo que debe hacer para motorizar la transformaci\u00f3n de Jujuy\u201d.<\/p>\n\n\n\n<p>A nivel nacional,<strong> el partido centenario comenz\u00f3 a mostrar musculatura a partir del triunfo en La Pampa y presiona para ordenar las internas en provincias como Mendoza y C\u00f3rdoba.<\/strong><\/p>\n\n\n\n<p>Adem\u00e1s, el mandatario de Jujuy logr\u00f3 reunir a la mesa chica -integrada por los gobernadores radicales, jefes de bloques y dirigentes de peso- donde iniciaron conversaciones para acordar la<strong> estrategia electoral que les permita ganarle la pulseada al PRO en la pelea por liderar Juntos por el Cambio.<\/strong><\/p>\n\n\n\n<p><\/p>\n\n\n<div class=\"wp-block-image\">\n<figure class=\"aligncenter size-large\"><img decoding=\"async\" loading=\"lazy\" width=\"480\" height=\"480\" src=\"https:\/\/notinor.com\/jujuy\/wp-content\/uploads\/2023\/03\/image-14-480x480.png\" alt=\"\" class=\"wp-image-372178\" srcset=\"https:\/\/notinor.com\/jujuy\/wp-content\/uploads\/2023\/03\/image-14-480x480.png 480w, https:\/\/notinor.com\/jujuy\/wp-content\/uploads\/2023\/03\/image-14-365x365.png 365w, https:\/\/notinor.com\/jujuy\/wp-content\/uploads\/2023\/03\/image-14-75x75.png 75w, https:\/\/notinor.com\/jujuy\/wp-content\/uploads\/2023\/03\/image-14-750x750.png 750w, https:\/\/notinor.com\/jujuy\/wp-content\/uploads\/2023\/03\/image-14.png 768w\" sizes=\"(max-width: 480px) 100vw, 480px\" \/><\/figure><\/div>\n\n\n<p><\/p>\n\n\n\n<p>En ese contexto, el referente radical<strong> prepara un discurso para su lanzamiento del 15 de marzo enfocado a las medidas que necesita Argentina<\/strong>, entre ellas, un <strong>ordenamiento de las cuentas p\u00fablicas y la necesidad implementar pol\u00edticas de recuperaci\u00f3n de la clase media<\/strong>. Seg\u00fan detallaron, tambi\u00e9n r<strong>eforzar\u00e1 la visi\u00f3n que comparte con Rodr\u00edguez Larreta: terminar con la grieta y apostar al desarrollo productivo.<\/strong><\/p>\n\n\n\n<p>El martes aprovech\u00f3 la presentaci\u00f3n del \u201cPolo de Desarrollo Jujuy\u201d, una iniciativa que tiene como fin atraer a empresarios, industriales, prestadores de servicios y emprendedores de todo el pa\u00eds para que inviertan en la provincia norte\u00f1a, para dar se\u00f1ales sobre su proyecto nacional. Consultado por la grieta y su discurso acuerdista, el radical aclar\u00f3: \u201c<strong>No soy\u00a0paloma,\u00a0pero el di\u00e1logo es necesario. Este pa\u00eds necesita di\u00e1logo, acuerdos y mirar a 10 y 15 a\u00f1os\u201d.<\/strong><\/p>\n\n\n\n<p>En ese sentido, el presidente del partido centenario critic\u00f3 a los dirigentes sociales\u00a0Emilio P\u00e9rsico\u00a0y\u00a0Juan Grabois, al considerar que <strong>la \u201cpol\u00edtica asistencialista no sac\u00f3 a la gente de la pobreza, si no que se convirti\u00f3 en un negocio\u201d<\/strong> por lo que resalt\u00f3 que se necesitan \u201cmedidas para que la econom\u00eda crezca y no corten la calle\u201d. <\/p>\n\n\n\n<p>Tambi\u00e9n dijo que<strong> no descarta impulsar consultas populares<\/strong> -en caso de llegar a la Presidencia- para impulsar medidas que limiten sus acciones.<\/p>\n\n\n\n<p><\/p>\n\n\n<div class=\"wp-block-image\">\n<figure class=\"aligncenter size-large\"><img decoding=\"async\" loading=\"lazy\" width=\"720\" height=\"480\" src=\"https:\/\/notinor.com\/jujuy\/wp-content\/uploads\/2023\/03\/image-15-720x480.png\" alt=\"\" class=\"wp-image-372179\" srcset=\"https:\/\/notinor.com\/jujuy\/wp-content\/uploads\/2023\/03\/image-15-720x480.png 720w, https:\/\/notinor.com\/jujuy\/wp-content\/uploads\/2023\/03\/image-15-548x365.png 548w, https:\/\/notinor.com\/jujuy\/wp-content\/uploads\/2023\/03\/image-15-750x500.png 750w, https:\/\/notinor.com\/jujuy\/wp-content\/uploads\/2023\/03\/image-15.png 768w\" sizes=\"(max-width: 720px) 100vw, 720px\" \/><\/figure><\/div>\n\n\n<p><\/p>\n\n\n\n<p>Respecto a sus proyecto econ\u00f3micos para el pa\u00eds, mencion\u00f3 como ejemplos a Chile, Brasil y Paraguay, respecto a las relaciones exteriores. En ese sentido, resalt\u00f3 la necesidad de implementar <strong>\u201ccambios en la normativa laboral\u201d<\/strong>, sobre todo en las Pymes, y cambiar la legislaci\u00f3n para<strong> darle otra capacidad a las peque\u00f1as empresas. <\/strong><\/p>\n\n\n\n<p>\u201cLa <strong>transformaci\u00f3n productiva<\/strong> que est\u00e1 generando el litio, el cannabis Cauchari, requieren transformar la educaci\u00f3n, son desarrollos que reclaman un nuevo modelo educativo\u201d, agreg\u00f3.<\/p>\n\n\n\n<p>Durante el encuentro, que tuvo como invitado al embajador de Estados Unidos\u00a0<strong>Marc Stanley<\/strong>, el gobernador juje\u00f1o cont\u00f3 que en su provincia<strong> \u201cel nuevo r\u00e9gimen de promoci\u00f3n de inversiones propone un 100 x 100 de exenci\u00f3n de impuestos provinciales por 10 a\u00f1os prorrogable por otros 10, 100 x 100 de devoluci\u00f3n de contribuciones patronales, 30 de devoluci\u00f3n de impuestos a las ganancias que puede llegar al 60 si se reinvierte\u201d.<\/strong><\/p>\n\n\n\n<p>\u201cEs una herramienta para dar trabajo, el nuevo paso que da ahora Jujuy despu\u00e9s de <strong>restablecer el orden y transformar su matriz productiva. Generar m\u00e1s producci\u00f3n y m\u00e1s trabajo <\/strong>es ahora nuestro desaf\u00edo\u201d, finaliz\u00f3.<\/p>\n","protected":false},"excerpt":{"rendered":"<p>El titular de la UCR har\u00e1 un acto en el Gran Rex para oficializar sus aspiraciones nacionales. En la provincia, bendijo al actual ministro de Hacienda y Finanzas Gerardo Morales\u00a0lanzar\u00e1 su candidatura a presidente el pr\u00f3ximo 15 de marzo en un acto que realizar\u00e1 en el Gran Rex, donde buscar\u00e1 dar un discurso enfocado a [&hellip;]<\/p>\n","protected":false},"author":37,"featured_media":372177,"comment_status":"open","ping_status":"open","sticky":false,"template":"","format":"standard","meta":{"_stopmodifiedupdate":false,"_modified_date":"","inline_featured_image":false,"spay_email":"","jetpack_publicize_message":""},"categories":[2,501],"tags":[],"jetpack_featured_media_url":"https:\/\/notinor.com\/jujuy\/wp-content\/uploads\/2023\/03\/image-13.png","jetpack_publicize_connections":[],"_links":{"self":[{"href":"https:\/\/notinor.com\/jujuy\/wp-json\/wp\/v2\/posts\/372176"}],"collection":[{"href":"https:\/\/notinor.com\/jujuy\/wp-json\/wp\/v2\/posts"}],"about":[{"href":"https:\/\/notinor.com\/jujuy\/wp-json\/wp\/v2\/types\/post"}],"author":[{"embeddable":true,"href":"https:\/\/notinor.com\/jujuy\/wp-json\/wp\/v2\/users\/37"}],"replies":[{"embeddable":true,"href":"https:\/\/notinor.com\/jujuy\/wp-json\/wp\/v2\/comments?post=372176"}],"version-history":[{"count":1,"href":"https:\/\/notinor.com\/jujuy\/wp-json\/wp\/v2\/posts\/372176\/revisions"}],"predecessor-version":[{"id":372180,"href":"https:\/\/notinor.com\/jujuy\/wp-json\/wp\/v2\/posts\/372176\/revisions\/372180"}],"wp:featuredmedia":[{"embeddable":true,"href":"https:\/\/notinor.com\/jujuy\/wp-json\/wp\/v2\/media\/372177"}],"wp:attachment":[{"href":"https:\/\/notinor.com\/jujuy\/wp-json\/wp\/v2\/media?parent=372176"}],"wp:term":[{"taxonomy":"category","embeddable":true,"href":"https:\/\/notinor.com\/jujuy\/wp-json\/wp\/v2\/categories?post=372176"},{"taxonomy":"post_tag","embeddable":true,"href":"https:\/\/notinor.com\/jujuy\/wp-json\/wp\/v2\/tags?post=372176"}],"curies":[{"name":"wp","href":"https:\/\/api.w.org\/{rel}","templated":true}]}}