{"id":372173,"date":"2023-03-01T11:15:28","date_gmt":"2023-03-01T14:15:28","guid":{"rendered":"https:\/\/notinor.com\/jujuy\/?p=372173"},"modified":"2023-03-01T11:15:33","modified_gmt":"2023-03-01T14:15:33","slug":"los-creditos-especiales-del-banco-provincia-para-productores-afectados-por-la-sequia-ya-superaron-los-5000-millones","status":"publish","type":"post","link":"https:\/\/notinor.com\/jujuy\/los-creditos-especiales-del-banco-provincia-para-productores-afectados-por-la-sequia-ya-superaron-los-5000-millones\/","title":{"rendered":"Los cr\u00e9ditos especiales del Banco Provincia para productores afectados por la sequ\u00eda ya superaron los $5000 millones"},"content":{"rendered":"\n<p class=\"has-medium-font-size\"><strong><em>El gobernador de Buenos Aires, Axel Kicillof, indic\u00f3 que las medidas de acompa\u00f1amiento que han \u201calcanzado a m\u00e1s de 980 productores\u201d<\/em><\/strong><\/p>\n\n\n\n<p><\/p>\n\n\n<div class=\"wp-block-image\">\n<figure class=\"aligncenter size-large\"><img decoding=\"async\" loading=\"lazy\" width=\"720\" height=\"480\" src=\"https:\/\/notinor.com\/jujuy\/wp-content\/uploads\/2023\/03\/image-12-720x480.png\" alt=\"\" class=\"wp-image-372174\" srcset=\"https:\/\/notinor.com\/jujuy\/wp-content\/uploads\/2023\/03\/image-12-720x480.png 720w, https:\/\/notinor.com\/jujuy\/wp-content\/uploads\/2023\/03\/image-12-548x365.png 548w, https:\/\/notinor.com\/jujuy\/wp-content\/uploads\/2023\/03\/image-12-768x512.png 768w, https:\/\/notinor.com\/jujuy\/wp-content\/uploads\/2023\/03\/image-12-750x500.png 750w, https:\/\/notinor.com\/jujuy\/wp-content\/uploads\/2023\/03\/image-12-1140x760.png 1140w, https:\/\/notinor.com\/jujuy\/wp-content\/uploads\/2023\/03\/image-12.png 1200w\" sizes=\"(max-width: 720px) 100vw, 720px\" \/><\/figure><\/div>\n\n\n<p><\/p>\n\n\n\n<p>El gobernador de la provincia de Buenos Aires,\u00a0<strong>Axel Kicillof<\/strong>, se refiri\u00f3 hoy a las\u00a0medidas de acompa\u00f1amiento\u00a0que se lanzaron\u00a0tras la declaraci\u00f3n\u00a0de\u00a0<strong>emergencia agropecuaria<\/strong>\u00a0en noviembre del a\u00f1o pasado y destac\u00f3 la\u00a0<strong>l\u00ednea de cr\u00e9dito del Banco Provincia para Emergencia por Sequ\u00eda que ya \u201csuperaron los $5000 millones\u201d y \u201calcanzaron a m\u00e1s de 980 productores\u201d.<\/strong><\/p>\n\n\n\n<p>\u201cLos cr\u00e9ditos especiales para acompa\u00f1ar a las y los productores bonaerenses afectados por la sequ\u00eda ya superaron los $5000 millones. Una medida que impulsamos a trav\u00e9s del Banco Provincia y con la que\u00a0<strong>hemos alcanzado a m\u00e1s de 980 productores<\/strong>\u201d, se\u00f1al\u00f3 el mandatario bonaerense en\u00a0<em>Twitter<\/em>, y continu\u00f3: \u201cEste apoyo al sector es una muestra m\u00e1s del rol que ha recuperado nuestra banca p\u00fablica: la de\u00a0<strong>estar al servicio de la producci\u00f3n y el desarrollo\u201d.<\/strong><\/p>\n\n\n\n<p>Las medidas de apoyo al sector se intensificaron tras la<strong>&nbsp;declaraci\u00f3n de emergencia y desastre agropecuario a fin del a\u00f1o pasado,<\/strong>&nbsp;y tras mantener reuniones con representantes de entidades rurales, desde el gobierno provincial decidieron presentar la l\u00ednea de cr\u00e9dito del Banco Provincia para Emergencia por Sequ\u00eda.<\/p>\n\n\n\n<p>\u201cComprendemos la situaci\u00f3n y hemos actuado r\u00e1pidamente para contribuir desde el Estado con todas las herramientas que permit\u00edan mitigar los da\u00f1os y ayudar a las y los productores afectados\u201d, mencion\u00f3 Kicillof.<\/p>\n\n\n\n<p>Finalmente, luego de priorizar a peque\u00f1os productores, en febrero se ampli\u00f3 el acceso para permitir el beneficio sin l\u00edmites de superficie, con una tasa fija del 49% anual -que se reduce dos puntos para la inversi\u00f3n en bombas con energ\u00eda sustentable-, otorga 36 meses de plazo y hasta seis meses de gracia.<\/p>\n\n\n\n<p>Por su parte, el presidente del Banco Provincia,<strong>&nbsp;Juan Cuatromo<\/strong>, expres\u00f3: \u201cDesde la banca p\u00fablica buscamos acompa\u00f1ar a los productores y a las productoras afectados por la sequ\u00eda con financiamiento en condiciones especiales\u201d, y luego agreg\u00f3 refiri\u00e9ndose al mandatario:&nbsp;<strong>\u201cEl gobernador Axel Kicillof est\u00e1 utilizando todas las herramientas del Estado bonaerense para asistir al sector agroindustrial en esta coyuntura tan compleja\u201d.<\/strong><\/p>\n\n\n\n<p>El Banco Provincia, a su vez, lanz\u00f3 el plan de Financiamiento para Afectados por Fen\u00f3menos Naturales para solventar el costo de reparaci\u00f3n de los da\u00f1os materiales en inmuebles y veh\u00edculos, con una tasa de inter\u00e9s fija de entre el 37% y el 39%.<\/p>\n\n\n\n<p>Otra de las medidas tomadas por el gobierno bonaerense es la de contemplar beneficios impositivos con pr\u00f3rrogas y exenciones en el pago del Impuesto Inmobiliario Rural, dependiendo del nivel de da\u00f1o sufrido por la sequ\u00eda.<\/p>\n","protected":false},"excerpt":{"rendered":"<p>El gobernador de Buenos Aires, Axel Kicillof, indic\u00f3 que las medidas de acompa\u00f1amiento que han \u201calcanzado a m\u00e1s de 980 productores\u201d El gobernador de la provincia de Buenos Aires,\u00a0Axel Kicillof, se refiri\u00f3 hoy a las\u00a0medidas de acompa\u00f1amiento\u00a0que se lanzaron\u00a0tras la declaraci\u00f3n\u00a0de\u00a0emergencia agropecuaria\u00a0en noviembre del a\u00f1o pasado y destac\u00f3 la\u00a0l\u00ednea de cr\u00e9dito del Banco Provincia para [&hellip;]<\/p>\n","protected":false},"author":37,"featured_media":372174,"comment_status":"open","ping_status":"open","sticky":false,"template":"","format":"standard","meta":{"_stopmodifiedupdate":false,"_modified_date":"","inline_featured_image":false,"spay_email":"","jetpack_publicize_message":""},"categories":[2542],"tags":[],"jetpack_featured_media_url":"https:\/\/notinor.com\/jujuy\/wp-content\/uploads\/2023\/03\/image-12.png","jetpack_publicize_connections":[],"_links":{"self":[{"href":"https:\/\/notinor.com\/jujuy\/wp-json\/wp\/v2\/posts\/372173"}],"collection":[{"href":"https:\/\/notinor.com\/jujuy\/wp-json\/wp\/v2\/posts"}],"about":[{"href":"https:\/\/notinor.com\/jujuy\/wp-json\/wp\/v2\/types\/post"}],"author":[{"embeddable":true,"href":"https:\/\/notinor.com\/jujuy\/wp-json\/wp\/v2\/users\/37"}],"replies":[{"embeddable":true,"href":"https:\/\/notinor.com\/jujuy\/wp-json\/wp\/v2\/comments?post=372173"}],"version-history":[{"count":1,"href":"https:\/\/notinor.com\/jujuy\/wp-json\/wp\/v2\/posts\/372173\/revisions"}],"predecessor-version":[{"id":372175,"href":"https:\/\/notinor.com\/jujuy\/wp-json\/wp\/v2\/posts\/372173\/revisions\/372175"}],"wp:featuredmedia":[{"embeddable":true,"href":"https:\/\/notinor.com\/jujuy\/wp-json\/wp\/v2\/media\/372174"}],"wp:attachment":[{"href":"https:\/\/notinor.com\/jujuy\/wp-json\/wp\/v2\/media?parent=372173"}],"wp:term":[{"taxonomy":"category","embeddable":true,"href":"https:\/\/notinor.com\/jujuy\/wp-json\/wp\/v2\/categories?post=372173"},{"taxonomy":"post_tag","embeddable":true,"href":"https:\/\/notinor.com\/jujuy\/wp-json\/wp\/v2\/tags?post=372173"}],"curies":[{"name":"wp","href":"https:\/\/api.w.org\/{rel}","templated":true}]}}