{"id":371659,"date":"2023-02-24T13:55:02","date_gmt":"2023-02-24T16:55:02","guid":{"rendered":"https:\/\/notinor.com\/jujuy\/?p=371659"},"modified":"2023-02-24T13:55:06","modified_gmt":"2023-02-24T16:55:06","slug":"la-drastica-decision-del-servicio-penitenciario-tras-la-pelea-de-los-rugbiers-en-la-carcel","status":"publish","type":"post","link":"https:\/\/notinor.com\/jujuy\/la-drastica-decision-del-servicio-penitenciario-tras-la-pelea-de-los-rugbiers-en-la-carcel\/","title":{"rendered":"La dr\u00e1stica decisi\u00f3n del Servicio Penitenciario tras la pelea de los rugbiers en la c\u00e1rcel"},"content":{"rendered":"\n<p class=\"has-medium-font-size\"><strong><em>Los rugbiers que mataron a Fernando B\u00e1ez Sosa protagonizaron una pelea en el patio del penal: el servicio penitenciario tom\u00f3 una dr\u00e1stica medida.<\/em><\/strong><\/p>\n\n\n<div class=\"wp-block-image\">\n<figure class=\"aligncenter size-full\"><img decoding=\"async\" loading=\"lazy\" width=\"687\" height=\"391\" src=\"https:\/\/notinor.com\/jujuy\/wp-content\/uploads\/2023\/02\/rugbiers-1.jpg\" alt=\"\" class=\"wp-image-371661\" srcset=\"https:\/\/notinor.com\/jujuy\/wp-content\/uploads\/2023\/02\/rugbiers-1.jpg 687w, https:\/\/notinor.com\/jujuy\/wp-content\/uploads\/2023\/02\/rugbiers-1-641x365.jpg 641w\" sizes=\"(max-width: 687px) 100vw, 687px\" \/><\/figure><\/div>\n\n\n<p>Tras la condena por el asesinato de Fernando B\u00e1ez Sosa, que lo mataron a golpes tras la salida de un boliche en Villa Gesell. El grupo se quebr\u00f3 y ahora no duda en echarse responsabilidades.<\/p>\n\n\n\n<p>En las \u00faltimas horas, trascendieron los detalles acerca de la fuerte pelea que protagonizaron los 8 rugbiers en el patio de la Alcald\u00eda de Melchor Romero.<\/p>\n\n\n\n<p>Los rugbiers tienen permiso para salir al patio del Pabell\u00f3n 6 en horario diferenciado al resto los presos, para preservar su seguridad e integridad f\u00edsica ya que recibieron amenazas.<\/p>\n\n\n\n<p>\u201cEst\u00e1n ellos solos. Hubo una pelea. Se empezaron a putear y se fueron a las manos. La lig\u00f3 Thomsen y uno le grit\u00f3 que los hundi\u00f3 a todos. La pelea aceler\u00f3 el traslado de Benicelli\u201d, aseguraron.<\/p>\n\n\n\n<p>Entonces, por esta situaci\u00f3n, los sentenciados que est\u00e1n condenados a 15 a\u00f1os de prisi\u00f3n ser\u00edan trasladados al penal de Campana el pr\u00f3ximo lunes.<\/p>\n\n\n\n<p>\u201cLa decisi\u00f3n de que Benicelli abandone Melchor Romero y sea transferido al penal de Campana se tom\u00f3 el lunes, despu\u00e9s de que las autoridades judiciales fueron notificadas de la pelea que tuvo lugar en el patio\u201d, fue la informaci\u00f3n difundida al respecto. \u201cEl pr\u00f3ximo en seguir sus pasos ser\u00eda Ciro Pertossi, quien al igual que Benicelli fue condenado a perpetua y tambi\u00e9n ser\u00eda alojado en las pr\u00f3ximas horas en Campana\u201d, indicaron fuentes judiciales.<\/p>\n\n\n\n<p>Trascendi\u00f3 que tras recibir una condena a 15 a\u00f1os de prisi\u00f3n, por el asesinato de Fernando B\u00e1ez Sosa, Blas Cinalli y Ayrton Viollaz, dos de los 8 rugbiers implicados, buscaron cambiar de abogado as\u00ed intentaban bajar sus condenas en la C\u00e1mara de Apelaciones de la Naci\u00f3n.<\/p>\n\n\n\n<p>Entonces, las familias de ambos deportistas llamaron a Miguel \u00c1ngel Pierri, el medi\u00e1tico abogado que sintieron que pod\u00eda hacer fuerza para cambiar sus destinos.<\/p>\n\n\n\n<p>Sin embargo, el letrado pidi\u00f3 una suma de casi 200 mil d\u00f3lares por tomar la causa, seg\u00fan la revista Forbes, y tras varias reuniones y estudios, el letrado tom\u00f3 una decisi\u00f3n.<\/p>\n\n\n\n<p>\"A\u00fan no arregle y la verdad es muy poco plazo que queda para trabajar\", explic\u00f3 el letrado a Perfil y sum\u00f3 \"El tema de fondo es el econ\u00f3mico\", sobre que siente que las familias no podr\u00e1n afrontar los costos.<\/p>\n\n\n\n<p>Entonces, explic\u00f3 tirando palitos a algunos de sus colegas: \"Seguramente seguir\u00e1 el doctor (Hugo) Tomei o alguno de los colegas que ofrecieron sus servicios a cambio de prensa\".<\/p>\n\n\n<div class=\"wp-block-image\">\n<figure class=\"aligncenter size-full\"><img decoding=\"async\" loading=\"lazy\" width=\"690\" height=\"390\" src=\"https:\/\/notinor.com\/jujuy\/wp-content\/uploads\/2023\/02\/rugbiers-2.jpg\" alt=\"\" class=\"wp-image-371662\" srcset=\"https:\/\/notinor.com\/jujuy\/wp-content\/uploads\/2023\/02\/rugbiers-2.jpg 690w, https:\/\/notinor.com\/jujuy\/wp-content\/uploads\/2023\/02\/rugbiers-2-646x365.jpg 646w\" sizes=\"(max-width: 690px) 100vw, 690px\" \/><\/figure><\/div>","protected":false},"excerpt":{"rendered":"<p>Los rugbiers que mataron a Fernando B\u00e1ez Sosa protagonizaron una pelea en el patio del penal: el servicio penitenciario tom\u00f3 una dr\u00e1stica medida. Tras la condena por el asesinato de Fernando B\u00e1ez Sosa, que lo mataron a golpes tras la salida de un boliche en Villa Gesell. El grupo se quebr\u00f3 y ahora no duda [&hellip;]<\/p>\n","protected":false},"author":5,"featured_media":371660,"comment_status":"open","ping_status":"open","sticky":false,"template":"","format":"standard","meta":{"_stopmodifiedupdate":false,"_modified_date":"","inline_featured_image":false,"spay_email":"","jetpack_publicize_message":""},"categories":[3],"tags":[],"jetpack_featured_media_url":"https:\/\/notinor.com\/jujuy\/wp-content\/uploads\/2023\/02\/rugbiers.jpg","jetpack_publicize_connections":[],"_links":{"self":[{"href":"https:\/\/notinor.com\/jujuy\/wp-json\/wp\/v2\/posts\/371659"}],"collection":[{"href":"https:\/\/notinor.com\/jujuy\/wp-json\/wp\/v2\/posts"}],"about":[{"href":"https:\/\/notinor.com\/jujuy\/wp-json\/wp\/v2\/types\/post"}],"author":[{"embeddable":true,"href":"https:\/\/notinor.com\/jujuy\/wp-json\/wp\/v2\/users\/5"}],"replies":[{"embeddable":true,"href":"https:\/\/notinor.com\/jujuy\/wp-json\/wp\/v2\/comments?post=371659"}],"version-history":[{"count":1,"href":"https:\/\/notinor.com\/jujuy\/wp-json\/wp\/v2\/posts\/371659\/revisions"}],"predecessor-version":[{"id":371663,"href":"https:\/\/notinor.com\/jujuy\/wp-json\/wp\/v2\/posts\/371659\/revisions\/371663"}],"wp:featuredmedia":[{"embeddable":true,"href":"https:\/\/notinor.com\/jujuy\/wp-json\/wp\/v2\/media\/371660"}],"wp:attachment":[{"href":"https:\/\/notinor.com\/jujuy\/wp-json\/wp\/v2\/media?parent=371659"}],"wp:term":[{"taxonomy":"category","embeddable":true,"href":"https:\/\/notinor.com\/jujuy\/wp-json\/wp\/v2\/categories?post=371659"},{"taxonomy":"post_tag","embeddable":true,"href":"https:\/\/notinor.com\/jujuy\/wp-json\/wp\/v2\/tags?post=371659"}],"curies":[{"name":"wp","href":"https:\/\/api.w.org\/{rel}","templated":true}]}}