{"id":371656,"date":"2023-02-24T13:46:50","date_gmt":"2023-02-24T16:46:50","guid":{"rendered":"https:\/\/notinor.com\/jujuy\/?p=371656"},"modified":"2023-02-24T13:46:55","modified_gmt":"2023-02-24T16:46:55","slug":"invitan-a-todos-los-ninos-a-participar-del-primer-carnaval-de-las-infancias","status":"publish","type":"post","link":"https:\/\/notinor.com\/jujuy\/invitan-a-todos-los-ninos-a-participar-del-primer-carnaval-de-las-infancias\/","title":{"rendered":"Invitan a todos los ni\u00f1os a participar del \"Primer Carnaval de las Infancias\""},"content":{"rendered":"\n<p><strong><em>Desde la Municipalidad de San Salvador de Jujuy se realiz\u00f3 la invitaci\u00f3n para todos los ni\u00f1os que quieran participar del \"1\u00b0 Carnaval de las Infancias\". Este evento se llevar\u00e1 a cabo el s\u00e1bado 25 de Febrero desde las 16 horas en  el multiespacio del  Centro Cultural \"Jorge Cafrune\" de Alto Comedero.<\/em><\/strong><\/p>\n\n\n<div class=\"wp-block-image\">\n<figure class=\"aligncenter size-large\"><img decoding=\"async\" loading=\"lazy\" width=\"738\" height=\"480\" src=\"https:\/\/notinor.com\/jujuy\/wp-content\/uploads\/2023\/02\/WhatsApp-Image-2023-02-24-at-1.28.11-PM-738x480.jpeg\" alt=\"\" class=\"wp-image-371657\" srcset=\"https:\/\/notinor.com\/jujuy\/wp-content\/uploads\/2023\/02\/WhatsApp-Image-2023-02-24-at-1.28.11-PM-738x480.jpeg 738w, https:\/\/notinor.com\/jujuy\/wp-content\/uploads\/2023\/02\/WhatsApp-Image-2023-02-24-at-1.28.11-PM-561x365.jpeg 561w, https:\/\/notinor.com\/jujuy\/wp-content\/uploads\/2023\/02\/WhatsApp-Image-2023-02-24-at-1.28.11-PM-768x500.jpeg 768w, https:\/\/notinor.com\/jujuy\/wp-content\/uploads\/2023\/02\/WhatsApp-Image-2023-02-24-at-1.28.11-PM-750x488.jpeg 750w, https:\/\/notinor.com\/jujuy\/wp-content\/uploads\/2023\/02\/WhatsApp-Image-2023-02-24-at-1.28.11-PM-1140x742.jpeg 1140w, https:\/\/notinor.com\/jujuy\/wp-content\/uploads\/2023\/02\/WhatsApp-Image-2023-02-24-at-1.28.11-PM.jpeg 1280w\" sizes=\"(max-width: 738px) 100vw, 738px\" \/><figcaption class=\"wp-element-caption\">Primer Carnaval de las Infancias<\/figcaption><\/figure><\/div>\n\n\n<p><strong>El Secretario de Desarrollo Humano, Rodrigo Altea, afirm\u00f3 que  el municipio hace extensiva la invitaci\u00f3n a todos los ni\u00f1os y ni\u00f1as y adolescentes de la capital provincial<\/strong>. \"La idea es que puedan disfrutar una celebraci\u00f3n como el carnaval que es tan propia de nuestra cultura, siempre con la idea de que sea un evento inclusivo, que pueda participar toda la familia, personas con discapacidad con lugares adecuados, personas de todas las edades, con muchos premios, regalos y sorpresas para todos\".<\/p>\n\n\n\n<p><strong>Por su parte, el intendente Ra\u00fal Jorge, indic\u00f3 que  esta convocatoria la realiza el municipio pensando en los ni\u00f1os que hist\u00f3ricamente ocupan un lugar importante para la gesti\u00f3n municipal.<\/strong> \"Los primeros cursos capitalinos ya ten\u00edan un espacio previsto para ellos y el tiempo ha ido transformando los eventos con participaci\u00f3n mayoritaria para los adultos y los ni\u00f1os en el rol de observadores\".<\/p>\n\n\n\n<p>El jefe municipal afirm\u00f3 que la idea es que los ni\u00f1os sea protagonistas y puedan disfrutar desde esta celebraci\u00f3n para promover el carnaval en el coraz\u00f3n de Alto Comedero.  \"<strong>Este s\u00e1bado desde las 16 horas los esperamos a todos porque es un evento gratuito, es la primera vez que se realiza un carnaval para las infancias, habr\u00e1 espect\u00e1culo y diversi\u00f3n, concursos y premios, una jornada de color uy alegr\u00eda para todas las infancias<\/strong>\".<\/p>\n\n\n\n<p>Por otra parte se destac\u00f3 que se pueden retirar las entradas gratuitas anticipadas en las distintas reparticiones y que se desarrollar\u00e1 un concurso de disfraces, entrega de premios y golosinas. Tambi\u00e9n se prev\u00e9 que los padres puedan acompa\u00f1ar a sus hijos y se solicita que los ni\u00f1os que puedan lleven remeras y gorras porque habr\u00e1 un stand para pintar estas prendas.<\/p>\n\n\n\n<p><\/p>\n","protected":false},"excerpt":{"rendered":"<p>Desde la Municipalidad de San Salvador de Jujuy se realiz\u00f3 la invitaci\u00f3n para todos los ni\u00f1os que quieran participar del \"1\u00b0 Carnaval de las Infancias\". Este evento se llevar\u00e1 a cabo el s\u00e1bado 25 de Febrero desde las 16 horas en el multiespacio del Centro Cultural \"Jorge Cafrune\" de Alto Comedero. El Secretario de Desarrollo [&hellip;]<\/p>\n","protected":false},"author":53,"featured_media":371657,"comment_status":"open","ping_status":"open","sticky":false,"template":"","format":"standard","meta":{"_stopmodifiedupdate":false,"_modified_date":"","inline_featured_image":false,"spay_email":"","jetpack_publicize_message":""},"categories":[2],"tags":[2748,1804,19,681],"jetpack_featured_media_url":"https:\/\/notinor.com\/jujuy\/wp-content\/uploads\/2023\/02\/WhatsApp-Image-2023-02-24-at-1.28.11-PM.jpeg","jetpack_publicize_connections":[],"_links":{"self":[{"href":"https:\/\/notinor.com\/jujuy\/wp-json\/wp\/v2\/posts\/371656"}],"collection":[{"href":"https:\/\/notinor.com\/jujuy\/wp-json\/wp\/v2\/posts"}],"about":[{"href":"https:\/\/notinor.com\/jujuy\/wp-json\/wp\/v2\/types\/post"}],"author":[{"embeddable":true,"href":"https:\/\/notinor.com\/jujuy\/wp-json\/wp\/v2\/users\/53"}],"replies":[{"embeddable":true,"href":"https:\/\/notinor.com\/jujuy\/wp-json\/wp\/v2\/comments?post=371656"}],"version-history":[{"count":1,"href":"https:\/\/notinor.com\/jujuy\/wp-json\/wp\/v2\/posts\/371656\/revisions"}],"predecessor-version":[{"id":371658,"href":"https:\/\/notinor.com\/jujuy\/wp-json\/wp\/v2\/posts\/371656\/revisions\/371658"}],"wp:featuredmedia":[{"embeddable":true,"href":"https:\/\/notinor.com\/jujuy\/wp-json\/wp\/v2\/media\/371657"}],"wp:attachment":[{"href":"https:\/\/notinor.com\/jujuy\/wp-json\/wp\/v2\/media?parent=371656"}],"wp:term":[{"taxonomy":"category","embeddable":true,"href":"https:\/\/notinor.com\/jujuy\/wp-json\/wp\/v2\/categories?post=371656"},{"taxonomy":"post_tag","embeddable":true,"href":"https:\/\/notinor.com\/jujuy\/wp-json\/wp\/v2\/tags?post=371656"}],"curies":[{"name":"wp","href":"https:\/\/api.w.org\/{rel}","templated":true}]}}