{"id":371629,"date":"2023-02-24T08:25:00","date_gmt":"2023-02-24T11:25:00","guid":{"rendered":"https:\/\/notinor.com\/jujuy\/?p=371629"},"modified":"2023-02-24T08:45:57","modified_gmt":"2023-02-24T11:45:57","slug":"alganaraz-silvia-magdalena-del-valle","status":"publish","type":"post","link":"https:\/\/notinor.com\/jujuy\/alganaraz-silvia-magdalena-del-valle\/","title":{"rendered":"ALGA\u00d1ARAZ, Silvia Magdalena del Valle"},"content":{"rendered":"\n<p><strong>Falleci\u00f3 el d\u00eda 23 de febrero de 2023, a la edad de 64 a\u00f1os. Su esposo: Juan Carlos Rosconi; sus hijos: Eduardo, Gabriel, Soledad, Daniel, Florencia; sus hijos pol\u00edticos: Flavia, Gabriela, Andrea, Gast\u00f3n; sus nietos: Milagros, Nicol\u00e1s, Luciano, Maia, Lourdes, Mateo, Santiago, Valentino, Monserrat, Leandro, Luciano y dem\u00e1s familiares participan con inmenso dolor tu perdida, que el Se\u00f1or te acoja en su seno y te d\u00e9 el descanso eterno junto a tus seres queridos. Su familia comunican que sus restos son velados sala velat\u00f3ria Cocher\u00eda La Paz, Sdor. P\u00e9rez 210, B\u00b0 Belgrano, Palpal\u00e1 ser\u00e1n inhumados hoy 24 de febrero a hs. 10:00 en el cementerio Parque Valle de las Rosas, Palpal\u00e1. Servicio realizado por Empresa Cocher\u00eda \u201cLa Paz\u201d, Senador P\u00e9rez N\u00b0 210, Palpal\u00e1. Tel. 388-4274003. Guardia 0800-888-2949.<\/strong><\/p>\n","protected":false},"excerpt":{"rendered":"<p>Falleci\u00f3 el d\u00eda 23 de febrero de 2023, a la edad de 64 a\u00f1os. Su esposo: Juan Carlos Rosconi; sus hijos: Eduardo, Gabriel, Soledad, Daniel, Florencia; sus hijos pol\u00edticos: Flavia, Gabriela, Andrea, Gast\u00f3n; sus nietos: Milagros, Nicol\u00e1s, Luciano, Maia, Lourdes, Mateo, Santiago, Valentino, Monserrat, Leandro, Luciano y dem\u00e1s familiares participan con inmenso dolor tu perdida, [&hellip;]<\/p>\n","protected":false},"author":5,"featured_media":129720,"comment_status":"open","ping_status":"open","sticky":false,"template":"","format":"standard","meta":{"_stopmodifiedupdate":false,"_modified_date":"","inline_featured_image":false,"spay_email":"","jetpack_publicize_message":""},"categories":[523],"tags":[],"jetpack_featured_media_url":"https:\/\/notinor.com\/jujuy\/wp-content\/uploads\/2017\/08\/Obituarios1.jpg","jetpack_publicize_connections":[],"_links":{"self":[{"href":"https:\/\/notinor.com\/jujuy\/wp-json\/wp\/v2\/posts\/371629"}],"collection":[{"href":"https:\/\/notinor.com\/jujuy\/wp-json\/wp\/v2\/posts"}],"about":[{"href":"https:\/\/notinor.com\/jujuy\/wp-json\/wp\/v2\/types\/post"}],"author":[{"embeddable":true,"href":"https:\/\/notinor.com\/jujuy\/wp-json\/wp\/v2\/users\/5"}],"replies":[{"embeddable":true,"href":"https:\/\/notinor.com\/jujuy\/wp-json\/wp\/v2\/comments?post=371629"}],"version-history":[{"count":1,"href":"https:\/\/notinor.com\/jujuy\/wp-json\/wp\/v2\/posts\/371629\/revisions"}],"predecessor-version":[{"id":371630,"href":"https:\/\/notinor.com\/jujuy\/wp-json\/wp\/v2\/posts\/371629\/revisions\/371630"}],"wp:featuredmedia":[{"embeddable":true,"href":"https:\/\/notinor.com\/jujuy\/wp-json\/wp\/v2\/media\/129720"}],"wp:attachment":[{"href":"https:\/\/notinor.com\/jujuy\/wp-json\/wp\/v2\/media?parent=371629"}],"wp:term":[{"taxonomy":"category","embeddable":true,"href":"https:\/\/notinor.com\/jujuy\/wp-json\/wp\/v2\/categories?post=371629"},{"taxonomy":"post_tag","embeddable":true,"href":"https:\/\/notinor.com\/jujuy\/wp-json\/wp\/v2\/tags?post=371629"}],"curies":[{"name":"wp","href":"https:\/\/api.w.org\/{rel}","templated":true}]}}