{"id":371625,"date":"2023-02-24T08:20:00","date_gmt":"2023-02-24T11:20:00","guid":{"rendered":"https:\/\/notinor.com\/jujuy\/?p=371625"},"modified":"2023-02-24T08:38:51","modified_gmt":"2023-02-24T11:38:51","slug":"toconas-wilfredo-edgar","status":"publish","type":"post","link":"https:\/\/notinor.com\/jujuy\/toconas-wilfredo-edgar\/","title":{"rendered":"TOCONAS, Wilfredo Edgar"},"content":{"rendered":"\n<p><strong>Falleci\u00f3 el d\u00eda 23 de febrero de 2023, a la edad de 54 a\u00f1os. Su esposa: Br\u00edgida Benedicta Armella; sus hijos: Brian, Fernando, Marlene; sus padres: Albino y Silvia; su nieto: Ignacio y dem\u00e1s familiares participan con inmenso dolor tu perdida, que el Se\u00f1or te acoja en su seno y te d\u00e9 el descanso eterno junto a tus seres queridos. Su familia comunica que sus restos son velados en Francisco Ram\u00edrez 123, B\u00b0 Canal de Beagle, Palpal\u00e1, ser\u00e1n inhumados hoy 24 de febrero a hs. 12:00 en el cementerio Parque Valle de las Rosas, Palpal\u00e1. Servicio realizado por Empresa Cocher\u00eda \u201cLa Paz\u201d, Senador P\u00e9rez N\u00b0 210, Palpal\u00e1. Tel. 388-4274003. Guardia 0800-888- 2949.<\/strong><\/p>\n","protected":false},"excerpt":{"rendered":"<p>Falleci\u00f3 el d\u00eda 23 de febrero de 2023, a la edad de 54 a\u00f1os. Su esposa: Br\u00edgida Benedicta Armella; sus hijos: Brian, Fernando, Marlene; sus padres: Albino y Silvia; su nieto: Ignacio y dem\u00e1s familiares participan con inmenso dolor tu perdida, que el Se\u00f1or te acoja en su seno y te d\u00e9 el descanso eterno [&hellip;]<\/p>\n","protected":false},"author":5,"featured_media":129720,"comment_status":"open","ping_status":"open","sticky":false,"template":"","format":"standard","meta":{"_stopmodifiedupdate":false,"_modified_date":"","inline_featured_image":false,"spay_email":"","jetpack_publicize_message":""},"categories":[523],"tags":[],"jetpack_featured_media_url":"https:\/\/notinor.com\/jujuy\/wp-content\/uploads\/2017\/08\/Obituarios1.jpg","jetpack_publicize_connections":[],"_links":{"self":[{"href":"https:\/\/notinor.com\/jujuy\/wp-json\/wp\/v2\/posts\/371625"}],"collection":[{"href":"https:\/\/notinor.com\/jujuy\/wp-json\/wp\/v2\/posts"}],"about":[{"href":"https:\/\/notinor.com\/jujuy\/wp-json\/wp\/v2\/types\/post"}],"author":[{"embeddable":true,"href":"https:\/\/notinor.com\/jujuy\/wp-json\/wp\/v2\/users\/5"}],"replies":[{"embeddable":true,"href":"https:\/\/notinor.com\/jujuy\/wp-json\/wp\/v2\/comments?post=371625"}],"version-history":[{"count":1,"href":"https:\/\/notinor.com\/jujuy\/wp-json\/wp\/v2\/posts\/371625\/revisions"}],"predecessor-version":[{"id":371626,"href":"https:\/\/notinor.com\/jujuy\/wp-json\/wp\/v2\/posts\/371625\/revisions\/371626"}],"wp:featuredmedia":[{"embeddable":true,"href":"https:\/\/notinor.com\/jujuy\/wp-json\/wp\/v2\/media\/129720"}],"wp:attachment":[{"href":"https:\/\/notinor.com\/jujuy\/wp-json\/wp\/v2\/media?parent=371625"}],"wp:term":[{"taxonomy":"category","embeddable":true,"href":"https:\/\/notinor.com\/jujuy\/wp-json\/wp\/v2\/categories?post=371625"},{"taxonomy":"post_tag","embeddable":true,"href":"https:\/\/notinor.com\/jujuy\/wp-json\/wp\/v2\/tags?post=371625"}],"curies":[{"name":"wp","href":"https:\/\/api.w.org\/{rel}","templated":true}]}}