{"id":371623,"date":"2023-02-24T08:17:00","date_gmt":"2023-02-24T11:17:00","guid":{"rendered":"https:\/\/notinor.com\/jujuy\/?p=371623"},"modified":"2023-02-24T08:34:11","modified_gmt":"2023-02-24T11:34:11","slug":"diaz-nora-elsa","status":"publish","type":"post","link":"https:\/\/notinor.com\/jujuy\/diaz-nora-elsa\/","title":{"rendered":"DIAZ, Nora Elsa"},"content":{"rendered":"\n<p><strong>\u00a0Falleci\u00f3 el d\u00eda 23 de febrero de 2023. Su esposo; sus hijos; sus hijos pol\u00edticos; sus nietos; sus bisnietos; sus sobrinos y dem\u00e1s familiares participan con dolor su partida., comunican que sus restos mortales ser\u00e1n inhumados hoy 24 de febrero a hs. 10:30 en el cementerio parque San Lucas. Casa de duelo, sala velat\u00f3ria C. Ceremonia, tanatopraxia y honras f\u00fanebres Servicios Sociales Instituto del Norte SA, V\u00e9lez Sarfield N\u00b0 108, San Pedro de Jujuy. Tel. 3888- 423146.<\/strong><\/p>\n","protected":false},"excerpt":{"rendered":"<p>\u00a0Falleci\u00f3 el d\u00eda 23 de febrero de 2023. Su esposo; sus hijos; sus hijos pol\u00edticos; sus nietos; sus bisnietos; sus sobrinos y dem\u00e1s familiares participan con dolor su partida., comunican que sus restos mortales ser\u00e1n inhumados hoy 24 de febrero a hs. 10:30 en el cementerio parque San Lucas. Casa de duelo, sala velat\u00f3ria C. [&hellip;]<\/p>\n","protected":false},"author":5,"featured_media":129720,"comment_status":"open","ping_status":"open","sticky":false,"template":"","format":"standard","meta":{"_stopmodifiedupdate":false,"_modified_date":"","inline_featured_image":false,"spay_email":"","jetpack_publicize_message":""},"categories":[523],"tags":[],"jetpack_featured_media_url":"https:\/\/notinor.com\/jujuy\/wp-content\/uploads\/2017\/08\/Obituarios1.jpg","jetpack_publicize_connections":[],"_links":{"self":[{"href":"https:\/\/notinor.com\/jujuy\/wp-json\/wp\/v2\/posts\/371623"}],"collection":[{"href":"https:\/\/notinor.com\/jujuy\/wp-json\/wp\/v2\/posts"}],"about":[{"href":"https:\/\/notinor.com\/jujuy\/wp-json\/wp\/v2\/types\/post"}],"author":[{"embeddable":true,"href":"https:\/\/notinor.com\/jujuy\/wp-json\/wp\/v2\/users\/5"}],"replies":[{"embeddable":true,"href":"https:\/\/notinor.com\/jujuy\/wp-json\/wp\/v2\/comments?post=371623"}],"version-history":[{"count":1,"href":"https:\/\/notinor.com\/jujuy\/wp-json\/wp\/v2\/posts\/371623\/revisions"}],"predecessor-version":[{"id":371624,"href":"https:\/\/notinor.com\/jujuy\/wp-json\/wp\/v2\/posts\/371623\/revisions\/371624"}],"wp:featuredmedia":[{"embeddable":true,"href":"https:\/\/notinor.com\/jujuy\/wp-json\/wp\/v2\/media\/129720"}],"wp:attachment":[{"href":"https:\/\/notinor.com\/jujuy\/wp-json\/wp\/v2\/media?parent=371623"}],"wp:term":[{"taxonomy":"category","embeddable":true,"href":"https:\/\/notinor.com\/jujuy\/wp-json\/wp\/v2\/categories?post=371623"},{"taxonomy":"post_tag","embeddable":true,"href":"https:\/\/notinor.com\/jujuy\/wp-json\/wp\/v2\/tags?post=371623"}],"curies":[{"name":"wp","href":"https:\/\/api.w.org\/{rel}","templated":true}]}}