{"id":371605,"date":"2023-02-24T09:45:00","date_gmt":"2023-02-24T12:45:00","guid":{"rendered":"https:\/\/notinor.com\/jujuy\/?p=371605"},"modified":"2023-02-23T20:44:44","modified_gmt":"2023-02-23T23:44:44","slug":"idioma-obligatorio-en-las-escuelas-primarias-de-jujuy-entregaron-mas-de-280-cargos-a-docentes-de-ingles","status":"publish","type":"post","link":"https:\/\/notinor.com\/jujuy\/idioma-obligatorio-en-las-escuelas-primarias-de-jujuy-entregaron-mas-de-280-cargos-a-docentes-de-ingles\/","title":{"rendered":"Idioma obligatorio en las escuelas primarias de Jujuy: entregaron m\u00e1s de 280 cargos a docentes de ingl\u00e9s"},"content":{"rendered":"\n<p class=\"has-medium-font-size\"><strong><em>La entrega de cargos se realiz\u00f3 en el sal\u00f3n de Actos de la Escuela Normal, Juan Ignacio Gorriti, en la capital juje\u00f1a.<\/em><\/strong><\/p>\n\n\n\n<p><\/p>\n\n\n<div class=\"wp-block-image\">\n<figure class=\"aligncenter size-large\"><img decoding=\"async\" loading=\"lazy\" width=\"718\" height=\"480\" src=\"https:\/\/notinor.com\/jujuy\/wp-content\/uploads\/2023\/02\/image-297-718x480.png\" alt=\"\" class=\"wp-image-371606\" srcset=\"https:\/\/notinor.com\/jujuy\/wp-content\/uploads\/2023\/02\/image-297-718x480.png 718w, https:\/\/notinor.com\/jujuy\/wp-content\/uploads\/2023\/02\/image-297-546x365.png 546w, https:\/\/notinor.com\/jujuy\/wp-content\/uploads\/2023\/02\/image-297-768x513.png 768w, https:\/\/notinor.com\/jujuy\/wp-content\/uploads\/2023\/02\/image-297-750x501.png 750w, https:\/\/notinor.com\/jujuy\/wp-content\/uploads\/2023\/02\/image-297-1140x762.png 1140w, https:\/\/notinor.com\/jujuy\/wp-content\/uploads\/2023\/02\/image-297.png 1200w\" sizes=\"(max-width: 718px) 100vw, 718px\" \/><\/figure><\/div>\n\n\n<p><\/p>\n\n\n\n<p>El Ministerio de Educaci\u00f3n de la provincia, en el marco de la <strong>pol\u00edtica educativa provincial que prev\u00e9 la implementaci\u00f3n del idioma ingl\u00e9s en todas las escuelas primarias desde primero a s\u00e9ptimo grado,<\/strong> realiz\u00f3 el ofrecimiento y entrega de\u00a0cargos\u00a0provisionales de maestro especial de lengua extranjera ingl\u00e9s.<\/p>\n\n\n\n<p>La entrega se realiz\u00f3 en el sal\u00f3n de Actos de la Escuela Normal, Juan Ignacio Gorriti, en la capital juje\u00f1a.<\/p>\n\n\n\n<p>Al respecto, la presidenta de la Junta Provincial de Calificaci\u00f3n Docente, Susana Chorolque, explic\u00f3 que el d\u00eda jueves, como se ten\u00eda previsto<strong> \"se hizo entrega de m\u00e1s de 280\u00a0cargos\u00a0provisionales de maestro especial de lengua extranjera ingl\u00e9s\u201d,<\/strong> los cuales prev\u00e9n \u201ccubrir el idioma ingl\u00e9s de primero a s\u00e9ptimo grado en todas las escuelas de la provincia de Jujuy, tanto rurales como urbanas\u201d.<\/p>\n\n\n\n<p>Adem\u00e1s sostuvo que \u201clos docentes que hoy accedan a este cargo<strong> van a realizar la toma de posesi\u00f3n a partir del primero de marzo de este a\u00f1o<\/strong>, junto con el inicio del periodo lectivo\u201d.\u00a0<\/p>\n\n\n\n<p>Asisti\u00f3 tambi\u00e9n, a la entrega de cargos, el director de Educaci\u00f3n Primaria, <strong>Diego Cruz.<\/strong><\/p>\n\n\n<div class=\"wp-block-image\">\n<figure class=\"aligncenter size-large\"><img decoding=\"async\" loading=\"lazy\" width=\"718\" height=\"480\" src=\"https:\/\/notinor.com\/jujuy\/wp-content\/uploads\/2023\/02\/image-298-718x480.png\" alt=\"\" class=\"wp-image-371607\" srcset=\"https:\/\/notinor.com\/jujuy\/wp-content\/uploads\/2023\/02\/image-298-718x480.png 718w, https:\/\/notinor.com\/jujuy\/wp-content\/uploads\/2023\/02\/image-298-546x365.png 546w, https:\/\/notinor.com\/jujuy\/wp-content\/uploads\/2023\/02\/image-298-768x513.png 768w, https:\/\/notinor.com\/jujuy\/wp-content\/uploads\/2023\/02\/image-298-750x501.png 750w, https:\/\/notinor.com\/jujuy\/wp-content\/uploads\/2023\/02\/image-298-1140x762.png 1140w, https:\/\/notinor.com\/jujuy\/wp-content\/uploads\/2023\/02\/image-298.png 1200w\" sizes=\"(max-width: 718px) 100vw, 718px\" \/><\/figure><\/div>","protected":false},"excerpt":{"rendered":"<p>La entrega de cargos se realiz\u00f3 en el sal\u00f3n de Actos de la Escuela Normal, Juan Ignacio Gorriti, en la capital juje\u00f1a. El Ministerio de Educaci\u00f3n de la provincia, en el marco de la pol\u00edtica educativa provincial que prev\u00e9 la implementaci\u00f3n del idioma ingl\u00e9s en todas las escuelas primarias desde primero a s\u00e9ptimo grado, realiz\u00f3 [&hellip;]<\/p>\n","protected":false},"author":37,"featured_media":371606,"comment_status":"open","ping_status":"open","sticky":false,"template":"","format":"standard","meta":{"_stopmodifiedupdate":false,"_modified_date":"","inline_featured_image":false,"spay_email":"","jetpack_publicize_message":""},"categories":[2],"tags":[19],"jetpack_featured_media_url":"https:\/\/notinor.com\/jujuy\/wp-content\/uploads\/2023\/02\/image-297.png","jetpack_publicize_connections":[],"_links":{"self":[{"href":"https:\/\/notinor.com\/jujuy\/wp-json\/wp\/v2\/posts\/371605"}],"collection":[{"href":"https:\/\/notinor.com\/jujuy\/wp-json\/wp\/v2\/posts"}],"about":[{"href":"https:\/\/notinor.com\/jujuy\/wp-json\/wp\/v2\/types\/post"}],"author":[{"embeddable":true,"href":"https:\/\/notinor.com\/jujuy\/wp-json\/wp\/v2\/users\/37"}],"replies":[{"embeddable":true,"href":"https:\/\/notinor.com\/jujuy\/wp-json\/wp\/v2\/comments?post=371605"}],"version-history":[{"count":1,"href":"https:\/\/notinor.com\/jujuy\/wp-json\/wp\/v2\/posts\/371605\/revisions"}],"predecessor-version":[{"id":371609,"href":"https:\/\/notinor.com\/jujuy\/wp-json\/wp\/v2\/posts\/371605\/revisions\/371609"}],"wp:featuredmedia":[{"embeddable":true,"href":"https:\/\/notinor.com\/jujuy\/wp-json\/wp\/v2\/media\/371606"}],"wp:attachment":[{"href":"https:\/\/notinor.com\/jujuy\/wp-json\/wp\/v2\/media?parent=371605"}],"wp:term":[{"taxonomy":"category","embeddable":true,"href":"https:\/\/notinor.com\/jujuy\/wp-json\/wp\/v2\/categories?post=371605"},{"taxonomy":"post_tag","embeddable":true,"href":"https:\/\/notinor.com\/jujuy\/wp-json\/wp\/v2\/tags?post=371605"}],"curies":[{"name":"wp","href":"https:\/\/api.w.org\/{rel}","templated":true}]}}