{"id":371422,"date":"2023-02-22T11:18:00","date_gmt":"2023-02-22T14:18:00","guid":{"rendered":"https:\/\/notinor.com\/jujuy\/?p=371422"},"modified":"2023-02-22T11:18:05","modified_gmt":"2023-02-22T14:18:05","slug":"aumentaron-los-casos-de-dengue","status":"publish","type":"post","link":"https:\/\/notinor.com\/jujuy\/aumentaron-los-casos-de-dengue\/","title":{"rendered":"Aumentaron los casos de dengue"},"content":{"rendered":"\n<p class=\"has-medium-font-size\"><strong><em>En la \u00faltima semana, los casos de dengue se dispararon: aumentaron un 252% con respecto a la semana anterior. Y lo distintivo es que se reportaron los casos de dengue aut\u00f3ctono, es decir, son personas que se infectaron sin haber viajado al exterior.\u00a0\u00a0<\/em><\/strong><\/p>\n\n\n<div class=\"wp-block-image\">\n<figure class=\"aligncenter size-full\"><img decoding=\"async\" loading=\"lazy\" width=\"700\" height=\"398\" src=\"https:\/\/notinor.com\/jujuy\/wp-content\/uploads\/2023\/02\/DENGUE.jpg\" alt=\"\" class=\"wp-image-371423\" srcset=\"https:\/\/notinor.com\/jujuy\/wp-content\/uploads\/2023\/02\/DENGUE.jpg 700w, https:\/\/notinor.com\/jujuy\/wp-content\/uploads\/2023\/02\/DENGUE-642x365.jpg 642w\" sizes=\"(max-width: 700px) 100vw, 700px\" \/><\/figure><\/div>\n\n\n<p>Seg\u00fan el Ministerio de Salud, <strong>durante la primera semana de febrero se informaron 264 casos de dengue aut\u00f3ctonos en el pa\u00eds<\/strong>. Dentro de ese total, 77 estaban confirmados y 184 fueron considerados casos probables de dengue.\u00a0\u00a0<\/p>\n\n\n\n<p>\u00a0<strong>Hay circulaci\u00f3n viral en seis jurisdicciones del pa\u00eds: C\u00f3rdoba, Santa Fe, Ciudad de Buenos Aires, Jujuy, Salta y Tucum\u00e1n. Hay tipos de virus que circulan, por un lado, el DEN-1 se encuentra en las jurisdicciones de la regi\u00f3n Centro (Santa Fe y Ciudad de Buenos Aires) y el DEN-2 en las del NOA (Jujuy, Salta y Tucum\u00e1n).\u00a0<\/strong><\/p>\n\n\n\n<p><strong>\u00bfQu\u00e9 es el dengue? <\/strong>Es una enfermedad viral transmitida por la picadura del mosquito Aedes aegypti. Cuando el mosquito se alimenta con sangre de una persona enferma de dengue y luego pica a otras personas, les transmite esta enfermedad.\u00a0<\/p>\n\n\n\n<p><strong>\u00a0\u00bfCu\u00e1les son los s\u00edntomas del dengue?<\/strong> El s\u00edntoma principal es fiebre y puede estar acompa\u00f1ada de: Dolor detr\u00e1s de los ojos, de cabeza, muscular y de articulaciones N\u00e1useas y v\u00f3mitos Cansancio intenso Aparici\u00f3n de manchas en la piel Picaz\u00f3n y\/o sangrado de nariz y enc\u00edas.\u00a0<\/p>\n\n\n\n<p>Medidas para evitar el dengue en casa:<\/p>\n\n\n\n<p>Eliminando todos los recipientes en desuso que puedan acumular agua (como latas, botellas, neum\u00e1ticos). Dando vuelta los objetos que se encuentran en el exterior y pueden acumular agua cuando llueve (baldes, palanganas, tambores, botellas). Cambiando el agua de bebederos de animales, colectores de desag\u00fces de aire acondicionado o lluvia, dentro y fuera de la casa, cada 3 d\u00edas.<\/p>\n\n\n\n<p>Record\u00e1 frotar las paredes de los recipientes con una esponja o cepillo a fin de desprender los huevos del mosquito que puedan estar adheridos. Rellenando los floreros y porta macetas con arena h\u00fameda. Manteniendo los patios y jardines limpios, ordenados y desmalezados. Limpiando canaletas y desag\u00fces de lluvia de los techos.\u00a0<\/p>\n","protected":false},"excerpt":{"rendered":"<p>En la \u00faltima semana, los casos de dengue se dispararon: aumentaron un 252% con respecto a la semana anterior. Y lo distintivo es que se reportaron los casos de dengue aut\u00f3ctono, es decir, son personas que se infectaron sin haber viajado al exterior.\u00a0\u00a0 Seg\u00fan el Ministerio de Salud, durante la primera semana de febrero se [&hellip;]<\/p>\n","protected":false},"author":5,"featured_media":371423,"comment_status":"open","ping_status":"open","sticky":false,"template":"","format":"standard","meta":{"_stopmodifiedupdate":false,"_modified_date":"","inline_featured_image":false,"spay_email":"","jetpack_publicize_message":""},"categories":[5],"tags":[],"jetpack_featured_media_url":"https:\/\/notinor.com\/jujuy\/wp-content\/uploads\/2023\/02\/DENGUE.jpg","jetpack_publicize_connections":[],"_links":{"self":[{"href":"https:\/\/notinor.com\/jujuy\/wp-json\/wp\/v2\/posts\/371422"}],"collection":[{"href":"https:\/\/notinor.com\/jujuy\/wp-json\/wp\/v2\/posts"}],"about":[{"href":"https:\/\/notinor.com\/jujuy\/wp-json\/wp\/v2\/types\/post"}],"author":[{"embeddable":true,"href":"https:\/\/notinor.com\/jujuy\/wp-json\/wp\/v2\/users\/5"}],"replies":[{"embeddable":true,"href":"https:\/\/notinor.com\/jujuy\/wp-json\/wp\/v2\/comments?post=371422"}],"version-history":[{"count":1,"href":"https:\/\/notinor.com\/jujuy\/wp-json\/wp\/v2\/posts\/371422\/revisions"}],"predecessor-version":[{"id":371424,"href":"https:\/\/notinor.com\/jujuy\/wp-json\/wp\/v2\/posts\/371422\/revisions\/371424"}],"wp:featuredmedia":[{"embeddable":true,"href":"https:\/\/notinor.com\/jujuy\/wp-json\/wp\/v2\/media\/371423"}],"wp:attachment":[{"href":"https:\/\/notinor.com\/jujuy\/wp-json\/wp\/v2\/media?parent=371422"}],"wp:term":[{"taxonomy":"category","embeddable":true,"href":"https:\/\/notinor.com\/jujuy\/wp-json\/wp\/v2\/categories?post=371422"},{"taxonomy":"post_tag","embeddable":true,"href":"https:\/\/notinor.com\/jujuy\/wp-json\/wp\/v2\/tags?post=371422"}],"curies":[{"name":"wp","href":"https:\/\/api.w.org\/{rel}","templated":true}]}}