{"id":371417,"date":"2023-02-22T11:02:23","date_gmt":"2023-02-22T14:02:23","guid":{"rendered":"https:\/\/notinor.com\/jujuy\/?p=371417"},"modified":"2023-02-22T11:02:30","modified_gmt":"2023-02-22T14:02:30","slug":"sergio-massa-busca-evitar-una-nueva-protesta-del-campo-trabajemos-unidos","status":"publish","type":"post","link":"https:\/\/notinor.com\/jujuy\/sergio-massa-busca-evitar-una-nueva-protesta-del-campo-trabajemos-unidos\/","title":{"rendered":"Sergio Massa busca evitar una nueva protesta del campo: \u201cTrabajemos unidos\u201d"},"content":{"rendered":"\n<p class=\"has-medium-font-size\"><strong><em>Ayer durante el lanzamiento de medidas para enfrentar la gripe aviar y sin hacer menci\u00f3n a la protesta del campo de la semana que viene, el titular del Palacio de Hacienda hizo un llamado a los productores<\/em><\/strong><\/p>\n\n\n\n<p><\/p>\n\n\n<div class=\"wp-block-image\">\n<figure class=\"aligncenter size-large\"><img decoding=\"async\" loading=\"lazy\" width=\"840\" height=\"473\" src=\"https:\/\/notinor.com\/jujuy\/wp-content\/uploads\/2023\/02\/image-270-840x473.png\" alt=\"\" class=\"wp-image-371420\" srcset=\"https:\/\/notinor.com\/jujuy\/wp-content\/uploads\/2023\/02\/image-270-840x473.png 840w, https:\/\/notinor.com\/jujuy\/wp-content\/uploads\/2023\/02\/image-270-649x365.png 649w, https:\/\/notinor.com\/jujuy\/wp-content\/uploads\/2023\/02\/image-270-768x432.png 768w, https:\/\/notinor.com\/jujuy\/wp-content\/uploads\/2023\/02\/image-270-750x422.png 750w, https:\/\/notinor.com\/jujuy\/wp-content\/uploads\/2023\/02\/image-270-1140x641.png 1140w, https:\/\/notinor.com\/jujuy\/wp-content\/uploads\/2023\/02\/image-270.png 1200w\" sizes=\"(max-width: 840px) 100vw, 840px\" \/><\/figure><\/div>\n\n\n<p><\/p>\n\n\n\n<p>Mientras <strong>crece la adhesi\u00f3n de diferentes sectores a la convocatoria de la Federaci\u00f3n Agraria Argentina de realizar el pr\u00f3ximo 28 de febrero una asamblea de productores<\/strong> en las cercan\u00edas de Villa Constituci\u00f3n, en la provincia de Santa Fe, el ministro de Econom\u00eda\u00a0<strong>Sergio Massa<\/strong>\u00a0envi\u00f3 ayer un mensaje a los productores. Fue al t\u00e9rmino de los anuncios de medidas para combatir la gripe aviar y donde tambi\u00e9n reconoci\u00f3 las diferentes dificultades que atraviesa el campo.<\/p>\n\n\n\n<p>\u201c<strong>Nos toca enfrentar una de las peores sequ\u00edas de los \u00faltimos 100 a\u00f1os<\/strong>, con adem\u00e1s baja humedad de suelo ya acumulada en los \u00faltimos 3 a\u00f1os. Nos toca enfrentar adem\u00e1s una particularidad producto de la sequ\u00eda que afecta a nuestros animales: el famoso 7 de oro que impacta sobre la alfalfa y sobre la comida de los animales. Nos toca enfrentar adem\u00e1s una ca\u00edda del peso de nuestros animales de faena. Nos toca enfrentar la posibilidad de blindarnos frente al caso de vaca loca que empez\u00f3 a aparecer en Brasil. Nos toca enfrentar la gripe aviar\u201d, enumer\u00f3 el titular del Palacio de Hacienda.<\/p>\n\n\n\n<p>Y agreg\u00f3: \u201c<strong>Nos tocan enfrentar condiciones extraordinarias en un momento muy particular,\u00a0<\/strong>donde el mundo necesita de las prote\u00ednas argentinas y en las que tenemos enormes oportunidades de crecer, abasteciendo nuestro mercado interno.\u00a0<strong>Es clave que el trabajo entre el Gobierno, los gobiernos provinciales y los productores sea unidos.<\/strong>\u00a0Trabajemos unidos para garantizar que tengamos el mejor funcionamiento y podamos enfrentar con la mayor fortaleza y fluidez de informaci\u00f3n, estos fen\u00f3menos que la suma de cambio clim\u00e1tico y cambios en las condiciones fitosanitarias nos obligan a enfrentar\u201d.<\/p>\n\n\n\n<p><\/p>\n\n\n<div class=\"wp-block-image\">\n<figure class=\"aligncenter size-full\"><img decoding=\"async\" loading=\"lazy\" width=\"768\" height=\"432\" src=\"https:\/\/notinor.com\/jujuy\/wp-content\/uploads\/2023\/02\/image-268.png\" alt=\"\" class=\"wp-image-371418\" srcset=\"https:\/\/notinor.com\/jujuy\/wp-content\/uploads\/2023\/02\/image-268.png 768w, https:\/\/notinor.com\/jujuy\/wp-content\/uploads\/2023\/02\/image-268-649x365.png 649w, https:\/\/notinor.com\/jujuy\/wp-content\/uploads\/2023\/02\/image-268-500x280.png 500w, https:\/\/notinor.com\/jujuy\/wp-content\/uploads\/2023\/02\/image-268-750x422.png 750w\" sizes=\"(max-width: 768px) 100vw, 768px\" \/><\/figure><\/div>\n\n\n<p><\/p>\n\n\n\n<p>Sin hacer menci\u00f3n a la protesta de la semana que viene del sector agropecuario, el mensaje de Sergio Massa fue interpretado como una acci\u00f3n de destacar el aporte que realiza el campo y la agroindustria, y de reconocer el dram\u00e1tico momento que se atraviesa con el impacto de diferentes situaciones clim\u00e1ticas, a lo que se suman cuestiones vinculadas a lo sanitario. Desde el lado de los productores, advierten que adem\u00e1s hay un impacto de la falta de pol\u00edticas para que se pueda expresar el potencial del sector en beneficio del pa\u00eds.<\/p>\n\n\n\n<h2 class=\"has-medium-font-size\"><strong>Protesta<\/strong><\/h2>\n\n\n\n<p>La<strong>\u00a0Federaci\u00f3n Agraria Argentina<\/strong>\u00a0(FAA) convoc\u00f3 para el pr\u00f3ximo 28 de febrero a partir de las 8 a una asamblea de productores en las cercan\u00edas del distrito santafesino de Villa Constituci\u00f3n. La propuesta sum\u00f3 la adhesi\u00f3n de diferentes sectores e inclusive del resto de las entidades del campo que integran la\u00a0<strong>Mesa de Enlace<\/strong>.<\/p>\n\n\n\n<p><strong>El malestar en el interior del pa\u00eds es cada vez m\u00e1s grande con las pol\u00edticas hacia el sector<\/strong>, en medio de una dram\u00e1tica sequ\u00eda, y pol\u00edticas como retenciones y desdoblamiento cambiario, que est\u00e1n profundizando la p\u00e9rdida de competitividad del campo y la agroindustria. Por tal motivo, la Federaci\u00f3n Agraria realiza la convocatoria, en momentos donde tambi\u00e9n surgieron duras cr\u00edticas desde las denominadas bases de productores al rol que vienen teniendo los dirigentes en la representaci\u00f3n gremial del sector.<\/p>\n\n\n\n<p>\u201cHay mucho malestar y hay mucha burocracia en lo que se hab\u00eda pedido relacionado a lo coyuntural. La sequ\u00eda y toda esta situaci\u00f3n clim\u00e1tica, que no la puede manejar nadie y ni es culpa de nadie, dej\u00f3 desnuda la falta de pol\u00edticas p\u00fablicas y que a la producci\u00f3n la compromete en los a\u00f1os que cosechas bien a una delgada rentabilidad y a los a\u00f1os que no cosechas o que cosechas poco, que quedes en quebrantos y que salgas del circuito productivo\u201d, dijo en di\u00e1logo con este medio el presidente de la Federaci\u00f3n Agraria Argentina,\u00a0<strong>Carlos Achetoni<\/strong>.<\/p>\n\n\n\n<p>Y concluy\u00f3: \u201c<strong>Nos movilizaremos por respuestas y soluciones urgentes para los productores, tanto en lo coyuntural c\u00f3mo en lo estructural. La intenci\u00f3n es interpelar a todo el arco pol\u00edtico<\/strong>, m\u00e1s all\u00e1 de lo coyuntural que le corresponde al Ejecutivo, pero lo estructural es para toda la clase pol\u00edtica porque nos damos cuenta que en la falta de pol\u00edticas p\u00fablicas todos los pol\u00edticos tienen algo que ver. Hay que solucionar esta amplia brecha cambiaria e ir hacia una unificaci\u00f3n cambiaria, realizar un retiro de retenciones y con la necesidad de realizar una reforma impositiva integral, impulsar est\u00edmulos para las econom\u00edas regionales, y seguro multirriesgo, propondremos entre los principales reclamos. La pol\u00edtica est\u00e1 en su salsa y poco le interesa la producci\u00f3n argentina\u201d.<\/p>\n","protected":false},"excerpt":{"rendered":"<p>Ayer durante el lanzamiento de medidas para enfrentar la gripe aviar y sin hacer menci\u00f3n a la protesta del campo de la semana que viene, el titular del Palacio de Hacienda hizo un llamado a los productores Mientras crece la adhesi\u00f3n de diferentes sectores a la convocatoria de la Federaci\u00f3n Agraria Argentina de realizar el [&hellip;]<\/p>\n","protected":false},"author":37,"featured_media":371420,"comment_status":"open","ping_status":"open","sticky":false,"template":"","format":"standard","meta":{"_stopmodifiedupdate":false,"_modified_date":"","inline_featured_image":false,"spay_email":"","jetpack_publicize_message":""},"categories":[2542],"tags":[2760,573,1223,696,2761,1300],"jetpack_featured_media_url":"https:\/\/notinor.com\/jujuy\/wp-content\/uploads\/2023\/02\/image-270.png","jetpack_publicize_connections":[],"_links":{"self":[{"href":"https:\/\/notinor.com\/jujuy\/wp-json\/wp\/v2\/posts\/371417"}],"collection":[{"href":"https:\/\/notinor.com\/jujuy\/wp-json\/wp\/v2\/posts"}],"about":[{"href":"https:\/\/notinor.com\/jujuy\/wp-json\/wp\/v2\/types\/post"}],"author":[{"embeddable":true,"href":"https:\/\/notinor.com\/jujuy\/wp-json\/wp\/v2\/users\/37"}],"replies":[{"embeddable":true,"href":"https:\/\/notinor.com\/jujuy\/wp-json\/wp\/v2\/comments?post=371417"}],"version-history":[{"count":1,"href":"https:\/\/notinor.com\/jujuy\/wp-json\/wp\/v2\/posts\/371417\/revisions"}],"predecessor-version":[{"id":371421,"href":"https:\/\/notinor.com\/jujuy\/wp-json\/wp\/v2\/posts\/371417\/revisions\/371421"}],"wp:featuredmedia":[{"embeddable":true,"href":"https:\/\/notinor.com\/jujuy\/wp-json\/wp\/v2\/media\/371420"}],"wp:attachment":[{"href":"https:\/\/notinor.com\/jujuy\/wp-json\/wp\/v2\/media?parent=371417"}],"wp:term":[{"taxonomy":"category","embeddable":true,"href":"https:\/\/notinor.com\/jujuy\/wp-json\/wp\/v2\/categories?post=371417"},{"taxonomy":"post_tag","embeddable":true,"href":"https:\/\/notinor.com\/jujuy\/wp-json\/wp\/v2\/tags?post=371417"}],"curies":[{"name":"wp","href":"https:\/\/api.w.org\/{rel}","templated":true}]}}