{"id":371404,"date":"2023-02-22T10:44:43","date_gmt":"2023-02-22T13:44:43","guid":{"rendered":"https:\/\/notinor.com\/jujuy\/?p=371404"},"modified":"2023-02-22T10:44:48","modified_gmt":"2023-02-22T13:44:48","slug":"ricardo-buryaile-elogio-la-gestion-de-gerardo-morales-y-aseguro-que-es-el-candidato-natural-de-la-ucr","status":"publish","type":"post","link":"https:\/\/notinor.com\/jujuy\/ricardo-buryaile-elogio-la-gestion-de-gerardo-morales-y-aseguro-que-es-el-candidato-natural-de-la-ucr\/","title":{"rendered":"Ricardo Buryaile elogi\u00f3 la gesti\u00f3n de Gerardo Morales y asegur\u00f3 que es el candidato natural de la UCR"},"content":{"rendered":"\n<p class=\"has-medium-font-size\"><strong><em>El legislador formose\u00f1o aval\u00f3 la candidatura presidencial del Gobernador Jujuy, al igual que el senador nacional Mart\u00edn Lousteau. El referente radical afianza su figura en distintos puntos del pa\u00eds.<\/em><\/strong><\/p>\n\n\n\n<p><\/p>\n\n\n<div class=\"wp-block-image\">\n<figure class=\"aligncenter size-large\"><img decoding=\"async\" loading=\"lazy\" width=\"840\" height=\"473\" src=\"https:\/\/notinor.com\/jujuy\/wp-content\/uploads\/2023\/02\/08082E-840x473.png\" alt=\"\" class=\"wp-image-371410\" srcset=\"https:\/\/notinor.com\/jujuy\/wp-content\/uploads\/2023\/02\/08082E-840x473.png 840w, https:\/\/notinor.com\/jujuy\/wp-content\/uploads\/2023\/02\/08082E-648x365.png 648w, https:\/\/notinor.com\/jujuy\/wp-content\/uploads\/2023\/02\/08082E-768x433.png 768w, https:\/\/notinor.com\/jujuy\/wp-content\/uploads\/2023\/02\/08082E-1536x865.png 1536w, https:\/\/notinor.com\/jujuy\/wp-content\/uploads\/2023\/02\/08082E-750x423.png 750w, https:\/\/notinor.com\/jujuy\/wp-content\/uploads\/2023\/02\/08082E-1140x642.png 1140w, https:\/\/notinor.com\/jujuy\/wp-content\/uploads\/2023\/02\/08082E.png 1640w\" sizes=\"(max-width: 840px) 100vw, 840px\" \/><\/figure><\/div>\n\n\n<p><\/p>\n\n\n\n<p><strong>El\u00a0legislador nacional de la UCR por Formosa, Ricardo Buryaile<\/strong>,<strong> asegur\u00f3 que el<\/strong>\u00a0<strong>candidato natural a presidente de la Naci\u00f3n por el radicalismo es el gobernador de Jujuy, Gerardo Morales<\/strong>, ya que \u201cla gesti\u00f3n lo respalda\u201d, y en cambio denost\u00f3 fuertemente al\u00a0diputado nacional del partido Libertad Avanza, Javier Milei\u00a0-cr\u00edtico del juje\u00f1o-, por cuanto, a su juicio, representa al \u201cpopulismo de derecha\u201d.<\/p>\n\n\n\n<p>En una entrevista concedida a un programa radial\u00a0de Formosa capital,\u00a0<strong>Buryaile<\/strong>\u00a0ponder\u00f3 que\u00a0<strong>\u201cJujuy es hoy la provincia m\u00e1s importante en producci\u00f3n de litio, produce cannabis medicinal, creci\u00f3 tur\u00edsticamente y en la calle hoy en Jujuy reina la tranquilidad\u201d.<\/strong><\/p>\n\n\n\n<p>\u201cHoy&nbsp;<strong>uno de los problemas del pa\u00eds es la anarqu\u00eda que hay en la calle, en Jujuy eso no sucede\u201d<\/strong>, enfatiz\u00f3 el diputado formose\u00f1o.<\/p>\n\n\n\n<p><strong>\u201cA Gerardo (Morales) lo acompa\u00f1a la gesti\u00f3n, otros miran encuestas\u201d<\/strong>, compar\u00f3 a la vez el ex ministro macrista.<\/p>\n\n\n\n<h2><strong>EL FEN\u00d3MENO MILEI<\/strong><\/h2>\n\n\n\n<p>Por otra parte,\u00a0<strong>Buryaile<\/strong>\u00a0cruz\u00f3 al diputado libertario expresando que\u00a0<strong>\u201cno me gusta el discurso ni la propuesta de (Javier) Milei\u201d<\/strong>, y ensayando una explicaci\u00f3n a la visibilidad que el economista ha alcanzado y que lo llev\u00f3 a ocupar una banca en el Congreso, el formose\u00f1o interpret\u00f3 que\u00a0<strong>\u201ccapta la bronca porque la gente est\u00e1 enojada con la pol\u00edtica\u201d.<\/strong><\/p>\n\n\n\n<p><strong>\u201cMilei es un populismo de derecha y yo no quiero eso para mi pa\u00eds\u201d<\/strong>, sentenci\u00f3\u00a0<strong>Buryaile.<\/strong><\/p>\n\n\n\n<p><\/p>\n\n\n<div class=\"wp-block-image\">\n<figure class=\"aligncenter size-large\"><img decoding=\"async\" loading=\"lazy\" width=\"723\" height=\"480\" src=\"https:\/\/notinor.com\/jujuy\/wp-content\/uploads\/2023\/02\/image-267-723x480.png\" alt=\"\" class=\"wp-image-371412\" srcset=\"https:\/\/notinor.com\/jujuy\/wp-content\/uploads\/2023\/02\/image-267-723x480.png 723w, https:\/\/notinor.com\/jujuy\/wp-content\/uploads\/2023\/02\/image-267-550x365.png 550w, https:\/\/notinor.com\/jujuy\/wp-content\/uploads\/2023\/02\/image-267-768x510.png 768w, https:\/\/notinor.com\/jujuy\/wp-content\/uploads\/2023\/02\/image-267-750x498.png 750w, https:\/\/notinor.com\/jujuy\/wp-content\/uploads\/2023\/02\/image-267.png 1023w\" sizes=\"(max-width: 723px) 100vw, 723px\" \/><\/figure><\/div>\n\n\n<p><\/p>\n\n\n\n<p>En tanto, en declaraciones a medios televisivos nacionales el\u00a0<strong>senador nacional Mart\u00edn Lousteau<\/strong>, referente de la l\u00ednea\u00a0<strong>\u201cEvoluci\u00f3n Radical\u201d<\/strong>, tambi\u00e9n fue categ\u00f3rico al afirmar que\u00a0<strong>\u201cel candidato a presidente de la UCR es Gerardo Morales\u201d.<\/strong><\/p>\n\n\n\n<p>El exembajador argentino en EE.UU. respald\u00f3 la determinaci\u00f3n del Gobernador de Jujuy y al mismo tiempo de valorar que en su prop\u00f3sito de competir por la Presidencia de la Naci\u00f3n&nbsp;<strong>el juje\u00f1o tiene \u201cuna trayectoria para mostrar\u201d&nbsp;<\/strong>al electorado, subray\u00f3 que&nbsp;<strong>\u201ces el \u00fanico dentro de la UCR\u201d que manifest\u00f3 p\u00fablicamente su vocaci\u00f3n de ser candidato.<\/strong><\/p>\n\n\n\n<p><strong>\u201cGerardo Morales es nuestro candidato a presidente\u201d, resumi\u00f3 Lousteau.<\/strong><\/p>\n\n\n\n<p>Por su parte, el mandatario juje\u00f1o confirm\u00f3 la semana pasada en Buenos Aires que en los primeros d\u00edas del mes de marzo pr\u00f3ximo har\u00e1 oficial su lanzamiento de cara a la carrera presidencial de este a\u00f1o.<\/p>\n","protected":false},"excerpt":{"rendered":"<p>El legislador formose\u00f1o aval\u00f3 la candidatura presidencial del Gobernador Jujuy, al igual que el senador nacional Mart\u00edn Lousteau. El referente radical afianza su figura en distintos puntos del pa\u00eds. El\u00a0legislador nacional de la UCR por Formosa, Ricardo Buryaile, asegur\u00f3 que el\u00a0candidato natural a presidente de la Naci\u00f3n por el radicalismo es el gobernador de Jujuy, [&hellip;]<\/p>\n","protected":false},"author":37,"featured_media":371410,"comment_status":"open","ping_status":"open","sticky":false,"template":"","format":"standard","meta":{"_stopmodifiedupdate":false,"_modified_date":"","inline_featured_image":false,"spay_email":"","jetpack_publicize_message":""},"categories":[501],"tags":[604,19,1302],"jetpack_featured_media_url":"https:\/\/notinor.com\/jujuy\/wp-content\/uploads\/2023\/02\/08082E.png","jetpack_publicize_connections":[],"_links":{"self":[{"href":"https:\/\/notinor.com\/jujuy\/wp-json\/wp\/v2\/posts\/371404"}],"collection":[{"href":"https:\/\/notinor.com\/jujuy\/wp-json\/wp\/v2\/posts"}],"about":[{"href":"https:\/\/notinor.com\/jujuy\/wp-json\/wp\/v2\/types\/post"}],"author":[{"embeddable":true,"href":"https:\/\/notinor.com\/jujuy\/wp-json\/wp\/v2\/users\/37"}],"replies":[{"embeddable":true,"href":"https:\/\/notinor.com\/jujuy\/wp-json\/wp\/v2\/comments?post=371404"}],"version-history":[{"count":1,"href":"https:\/\/notinor.com\/jujuy\/wp-json\/wp\/v2\/posts\/371404\/revisions"}],"predecessor-version":[{"id":371415,"href":"https:\/\/notinor.com\/jujuy\/wp-json\/wp\/v2\/posts\/371404\/revisions\/371415"}],"wp:featuredmedia":[{"embeddable":true,"href":"https:\/\/notinor.com\/jujuy\/wp-json\/wp\/v2\/media\/371410"}],"wp:attachment":[{"href":"https:\/\/notinor.com\/jujuy\/wp-json\/wp\/v2\/media?parent=371404"}],"wp:term":[{"taxonomy":"category","embeddable":true,"href":"https:\/\/notinor.com\/jujuy\/wp-json\/wp\/v2\/categories?post=371404"},{"taxonomy":"post_tag","embeddable":true,"href":"https:\/\/notinor.com\/jujuy\/wp-json\/wp\/v2\/tags?post=371404"}],"curies":[{"name":"wp","href":"https:\/\/api.w.org\/{rel}","templated":true}]}}