{"id":371394,"date":"2023-02-22T09:39:19","date_gmt":"2023-02-22T12:39:19","guid":{"rendered":"https:\/\/notinor.com\/jujuy\/?p=371394"},"modified":"2023-02-22T09:39:24","modified_gmt":"2023-02-22T12:39:24","slug":"consejo-federal-de-mineria-jujuy-presente-en-la-reunion-de-la-camara-de-diputados-de-la-nacion","status":"publish","type":"post","link":"https:\/\/notinor.com\/jujuy\/consejo-federal-de-mineria-jujuy-presente-en-la-reunion-de-la-camara-de-diputados-de-la-nacion\/","title":{"rendered":"Consejo Federal de Miner\u00eda : Jujuy presente en la reuni\u00f3n de la C\u00e1mara de Diputados de la Naci\u00f3n"},"content":{"rendered":"\n<p class=\"has-medium-font-size\"><strong><em>El secretario de Miner\u00eda e Hidrocarburos, Miguel Soler, particip\u00f3 en una reuni\u00f3n de comisi\u00f3n para informar sobre la actividad minera de Jujuy.<\/em><\/strong><\/p>\n\n\n\n<p><\/p>\n\n\n<div class=\"wp-block-image\">\n<figure class=\"aligncenter size-large\"><img decoding=\"async\" loading=\"lazy\" width=\"719\" height=\"480\" src=\"https:\/\/notinor.com\/jujuy\/wp-content\/uploads\/2023\/02\/image-262-719x480.png\" alt=\"\" class=\"wp-image-371395\" srcset=\"https:\/\/notinor.com\/jujuy\/wp-content\/uploads\/2023\/02\/image-262-719x480.png 719w, https:\/\/notinor.com\/jujuy\/wp-content\/uploads\/2023\/02\/image-262-547x365.png 547w, https:\/\/notinor.com\/jujuy\/wp-content\/uploads\/2023\/02\/image-262-768x513.png 768w, https:\/\/notinor.com\/jujuy\/wp-content\/uploads\/2023\/02\/image-262-750x501.png 750w, https:\/\/notinor.com\/jujuy\/wp-content\/uploads\/2023\/02\/image-262-1140x761.png 1140w, https:\/\/notinor.com\/jujuy\/wp-content\/uploads\/2023\/02\/image-262.png 1200w\" sizes=\"(max-width: 719px) 100vw, 719px\" \/><\/figure><\/div>\n\n\n<p><\/p>\n\n\n\n<p>Se reuni\u00f3 la Comisi\u00f3n de Miner\u00eda de la C\u00e1mara de Diputados de la Naci\u00f3n, a fin de informarse y dialogar con representantes provinciales y del COFEMIN, sobre la <strong>actividad en el a\u00f1o 2022 y las proyecciones de desarrollo del sector para el 2023<\/strong>, en la que particip\u00f3 el secretario de\u00a0<strong>Miner\u00eda<\/strong>\u00a0<strong>e<\/strong>\u00a0<strong>Hidrocarburos de Jujuy<\/strong>, Miguel Soler.<\/p>\n\n\n\n<p>En este sentido, el funcionario declar\u00f3 desde Jujuy: \u201cEn materia de miner\u00eda nosotros venimos implementando<strong> un plan desde el a\u00f1o 2015, basado en 3 ejes: control, transparencia y modernizaci\u00f3n.<\/strong> Eso se ve por ejemplo en nuestro Catastro Minero, que lo pueden descargar de la p\u00e1gina web y saber exactamente qui\u00e9n es el titular de cada pedimento, con n\u00famero de expediente y datos de contacto de la persona. En 2015 empezamos con 400 titulares de pedimentos mineros y hoy son 246\u201d.<\/p>\n\n\n\n<p>A su vez destac\u00f3 que <strong>entre 2016 y 2017 se logr\u00f3 desarrollar y afianzar la producci\u00f3n de litio en Jujuy, <\/strong>a partir de que se evaluaron los impactos ambientales de Sales de Jujuy y Exar, que ven\u00edan con problemas t\u00e9cnicos para su producci\u00f3n. \"Luego de un an\u00e1lisis exhaustivo de 2 a\u00f1os, <strong>se aprob\u00f3 la ampliaci\u00f3n de Sales de Jujuy que pas\u00f3 de 17.500 toneladas a 42.500, <\/strong>qu\u00e9 est\u00e1 por finalizar en los pr\u00f3ximos meses\".<\/p>\n\n\n\n<p>\"Con respecto a<strong> Exar, la segunda mina de litio que est\u00e1 en construcci\u00f3<\/strong>n, esperamos que en los meses venideros ya est\u00e9 funcionando con 40.000 toneladas de carbonato de litio instalada\", expres\u00f3. <\/p>\n\n\n\n<p>Tambi\u00e9n acot\u00f3 qu\u00e9: <strong>\u201cLa miner\u00eda es un trabajo multidisciplinario, abarca much\u00edsimas \u00e1reas y genera desarrollo a partir de ser una industria base\u201d.<\/strong>\u00a0<\/p>\n\n\n\n<p><\/p>\n\n\n<div class=\"wp-block-image\">\n<figure class=\"aligncenter size-large\"><img decoding=\"async\" loading=\"lazy\" width=\"719\" height=\"480\" src=\"https:\/\/notinor.com\/jujuy\/wp-content\/uploads\/2023\/02\/image-263-719x480.png\" alt=\"\" class=\"wp-image-371398\" srcset=\"https:\/\/notinor.com\/jujuy\/wp-content\/uploads\/2023\/02\/image-263-719x480.png 719w, https:\/\/notinor.com\/jujuy\/wp-content\/uploads\/2023\/02\/image-263-547x365.png 547w, https:\/\/notinor.com\/jujuy\/wp-content\/uploads\/2023\/02\/image-263-768x513.png 768w, https:\/\/notinor.com\/jujuy\/wp-content\/uploads\/2023\/02\/image-263-750x501.png 750w, https:\/\/notinor.com\/jujuy\/wp-content\/uploads\/2023\/02\/image-263-1140x761.png 1140w, https:\/\/notinor.com\/jujuy\/wp-content\/uploads\/2023\/02\/image-263.png 1200w\" sizes=\"(max-width: 719px) 100vw, 719px\" \/><\/figure><\/div>\n\n\n<p><\/p>\n\n\n\n<p>Desde la Secretar\u00eda de Miner\u00eda e Hidrocarburos, y \u00e1reas a cargo \u2013Direcci\u00f3n provincial de Miner\u00eda y Juzgado Administrativo de Minas-, interactuamos con otras \u00e1reas del Ministerio de Desarrollo Econ\u00f3mico y Producci\u00f3n, para <strong>trabajar en desarrollo de proveedores, cadena de industrializaci\u00f3n, f\u00e1brica de bater\u00edas de litio, Parques Industriales y Zonas Francas;<\/strong> trabajando en conjunto con el Ministerio de Ambiente y Cambio Clim\u00e1tico en todos los temas ambientales en com\u00fan, y as\u00ed con otros Ministerios del Gobierno de Jujuy.<\/p>\n\n\n\n<p>En lo referido a temas ambientales mineros, el Secretario destac\u00f3 que<strong> la provincia es un ejemplo en su gesti\u00f3n ambiental minera y control<\/strong>, comentando que por ejemplo en \u201cen la cuenca del salar de Olaroz-Cauchari, donde se desarrollan los dos principales proyectos productivos de litio,<strong> hay m\u00e1s de 350 puntos de monitoreo ambiental<\/strong> registrando caudal y volumen de agua extra\u00eddos, flora, fauna, calidad de suelo y calidad de aire. Esto nos permite decir, entre otras cosas, que a la fecha ha aumentado la cantidad de vicu\u00f1as y flamencos en la zona, y que los niveles piezom\u00e9tricos de agua industrial a la vuelta del salar se mantienen estables\u201d.<\/p>\n\n\n\n<p>Para culminar con su participaci\u00f3n como autoridad minera de Jujuy, el funcionario se refiri\u00f3 a la<strong> trascendencia que tiene la exploraci\u00f3n de la zona para la creaci\u00f3n de nuevos proyectos y contribuir a la sustentabilidad de la actividad minera, y a la proyecci\u00f3n para afianzar y desarrollar proveedores y nuevos trabajadores y trabajadoras relacionados a la industria minera<\/strong>: \u201cLa exploraci\u00f3n es base para encontrar y llevar a la factibilidad nuevos recursos. En la provincia de Jujuy, estamos levantando a\u00f1o a a\u00f1o la actividad de exploraci\u00f3n: tenemos en \u201cevaluaci\u00f3n\u201d 113 informes de impacto ambiental por exploraci\u00f3n y 33 por producci\u00f3n; 24 IIA por producci\u00f3n aprobados y 41 en evaluaci\u00f3n (que incluyen actualizaciones de los anteriores principalmente)\u201d.<\/p>\n\n\n\n<p>En su exposici\u00f3n como presidente del COFEMIN, el Dr. Soler asegur\u00f3 que<strong> \u201cdesde la instituci\u00f3n respetamos y trabajamos por el federalismo, contribuyendo para que haya desarrollo industrial minero en todas y cada una de las provincias como se puede ya ver\u201d<\/strong>, y, adem\u00e1s, destac\u00f3 que: <strong>\u201cEl litio y el cobre son minerales de importancia econ\u00f3mica estrat\u00e9gica\u201d.<\/strong><\/p>\n","protected":false},"excerpt":{"rendered":"<p>El secretario de Miner\u00eda e Hidrocarburos, Miguel Soler, particip\u00f3 en una reuni\u00f3n de comisi\u00f3n para informar sobre la actividad minera de Jujuy. Se reuni\u00f3 la Comisi\u00f3n de Miner\u00eda de la C\u00e1mara de Diputados de la Naci\u00f3n, a fin de informarse y dialogar con representantes provinciales y del COFEMIN, sobre la actividad en el a\u00f1o 2022 [&hellip;]<\/p>\n","protected":false},"author":37,"featured_media":371395,"comment_status":"open","ping_status":"open","sticky":false,"template":"","format":"standard","meta":{"_stopmodifiedupdate":false,"_modified_date":"","inline_featured_image":false,"spay_email":"","jetpack_publicize_message":""},"categories":[2,1158],"tags":[19,1205,215],"jetpack_featured_media_url":"https:\/\/notinor.com\/jujuy\/wp-content\/uploads\/2023\/02\/image-262.png","jetpack_publicize_connections":[],"_links":{"self":[{"href":"https:\/\/notinor.com\/jujuy\/wp-json\/wp\/v2\/posts\/371394"}],"collection":[{"href":"https:\/\/notinor.com\/jujuy\/wp-json\/wp\/v2\/posts"}],"about":[{"href":"https:\/\/notinor.com\/jujuy\/wp-json\/wp\/v2\/types\/post"}],"author":[{"embeddable":true,"href":"https:\/\/notinor.com\/jujuy\/wp-json\/wp\/v2\/users\/37"}],"replies":[{"embeddable":true,"href":"https:\/\/notinor.com\/jujuy\/wp-json\/wp\/v2\/comments?post=371394"}],"version-history":[{"count":1,"href":"https:\/\/notinor.com\/jujuy\/wp-json\/wp\/v2\/posts\/371394\/revisions"}],"predecessor-version":[{"id":371399,"href":"https:\/\/notinor.com\/jujuy\/wp-json\/wp\/v2\/posts\/371394\/revisions\/371399"}],"wp:featuredmedia":[{"embeddable":true,"href":"https:\/\/notinor.com\/jujuy\/wp-json\/wp\/v2\/media\/371395"}],"wp:attachment":[{"href":"https:\/\/notinor.com\/jujuy\/wp-json\/wp\/v2\/media?parent=371394"}],"wp:term":[{"taxonomy":"category","embeddable":true,"href":"https:\/\/notinor.com\/jujuy\/wp-json\/wp\/v2\/categories?post=371394"},{"taxonomy":"post_tag","embeddable":true,"href":"https:\/\/notinor.com\/jujuy\/wp-json\/wp\/v2\/tags?post=371394"}],"curies":[{"name":"wp","href":"https:\/\/api.w.org\/{rel}","templated":true}]}}