{"id":371380,"date":"2023-02-22T09:05:10","date_gmt":"2023-02-22T12:05:10","guid":{"rendered":"https:\/\/notinor.com\/jujuy\/?p=371380"},"modified":"2023-02-22T09:05:15","modified_gmt":"2023-02-22T12:05:15","slug":"alberto-fernandez-ya-esta-en-ushuaia-paso-previo-a-su-visita-a-la-antartida","status":"publish","type":"post","link":"https:\/\/notinor.com\/jujuy\/alberto-fernandez-ya-esta-en-ushuaia-paso-previo-a-su-visita-a-la-antartida\/","title":{"rendered":"Alberto Fern\u00e1ndez ya est\u00e1 en Ushuaia, paso previo a su visita a la Ant\u00e1rtida"},"content":{"rendered":"\n<p class=\"has-medium-font-size\"><strong><em>El Presidente lleg\u00f3 el martes por la noche a Tierra del Fuego, donde inaugurar\u00e1 una sede universitaria. Para esta jornada tambi\u00e9n est\u00e1 previsto que, cuando las condiciones clim\u00e1ticas lo permitan, se traslade hasta la Base Marambio por el D\u00eda de la Ant\u00e1rtida Argentina.<\/em><\/strong><\/p>\n\n\n<div class=\"wp-block-image\">\n<figure class=\"aligncenter size-full\"><img decoding=\"async\" loading=\"lazy\" width=\"722\" height=\"411\" src=\"https:\/\/notinor.com\/jujuy\/wp-content\/uploads\/2023\/02\/ALBERTO.jpg\" alt=\"\" class=\"wp-image-371381\" srcset=\"https:\/\/notinor.com\/jujuy\/wp-content\/uploads\/2023\/02\/ALBERTO.jpg 722w, https:\/\/notinor.com\/jujuy\/wp-content\/uploads\/2023\/02\/ALBERTO-641x365.jpg 641w\" sizes=\"(max-width: 722px) 100vw, 722px\" \/><\/figure><\/div>\n\n\n<p><strong>Alberto Fern\u00e1ndez inaugurar\u00e1 este mi\u00e9rcoles en Ushuaia el primer edificio propio de la Universidad Nacional de Tierra del Fuego, Ant\u00e1rtida e Islas del Atl\u00e1ntico Sur y luego viajar\u00e1 la Ant\u00e1rtida para visitar la Base Marambio con motivo de la conmemoraci\u00f3n del D\u00eda de la Ant\u00e1rtida Argentina.<\/strong><\/p>\n\n\n\n<p>El Presidente estar\u00e1 acompa\u00f1ado por el canciller Santiago Cafiero, los ministros de Defensa, Jorge Taiana; de Desarrollo Social, Victoria Tolosa Paz; y de Ciencia, Tecnolog\u00eda e Innovaci\u00f3n, Daniel Filmus; el secretario de Malvinas, Ant\u00e1rtida y Atl\u00e1ntico Sur, Guillermo Carmona; y la portavoz de la Presidencia, Gabriela Cerruti.<\/p>\n\n\n\n<p><strong>El avi\u00f3n que trasladaba a la comitiva aterriz\u00f3 a las 20.20 del martes en Tierra del Fuego <\/strong>y fue escoltado por aviones Pampa de la Fuerza A\u00e9rea en su descenso en el Aeropuerto Internacional de Ushuaia Malvinas Argentinas.<\/p>\n\n\n\n<p>\" En vuelo a Ushuaia fuimos escoltados por dos aviones Pampa III como muestra de reconocimiento y respeto institucional, dispuestos por el jefe del Estado Mayor General de la Fuerza Aerea Argentina, brigadier general Xavier Juli\u00e1n Isaac\", escribi\u00f3 el presidente Fern\u00e1ndez en su cuenta de Twitter, y complet\u00f3 con el hashtag \"#DemocraciaParaSiempre\".<\/p>\n\n\n\n<p><strong>Los horarios de las actividades en Ushuaia y la Ant\u00e1rtida no est\u00e1n definidos a\u00fan<\/strong>, ya que depender\u00e1n del clima en la zona, por lo que hasta podr\u00eda darse primero el acto en el continente blanco y luego en la ciudad de Tierra del Fuego.<\/p>\n\n\n\n<p>Horas antes, <strong>Cafiero hab\u00eda dicho en declaraciones a T\u00e9lam que \"la visita del Presidente a la Ant\u00e1rtida Argentina ha puesto en valor el car\u00e1cter de pionera que tiene la Rep\u00fablica Argentina en el continente ant\u00e1rtico\"<\/strong>, pero \"adem\u00e1s expresa con su presencia el objetivo de la Argentina de constituirse en la vanguardia ant\u00e1rtica\".<\/p>\n\n\n\n<p>El canciller explic\u00f3 que desde todas las \u00e1reas del Gobierno nacional se trabaja para \"ser la vanguardia cient\u00edfica, haciendo de la Argentina el pa\u00eds con m\u00e1s y mejor ciencia ant\u00e1rtica\".&nbsp; \"Queremos tambi\u00e9n estar en la vanguardia en materia de cooperaci\u00f3n internacional, poniendo a disposici\u00f3n nuestro conocimiento desarrollado a lo largo de casi 120 a\u00f1os y a nuestra log\u00edstica ant\u00e1rtica y, tambi\u00e9n, en la preservaci\u00f3n del ambiente ant\u00e1rtico y en el compromiso en la lucha contra el cambio clim\u00e1tico\", sostuvo el funcionario.<\/p>\n\n\n\n<p><strong>Se trata de la cuarta visita de una presidente argentino a la Ant\u00e1rtida<\/strong>. Los anteriores mandatarios nacionales que estuvieron all\u00ed fueron Arturo Frondizi, Ra\u00fal Lastiri y Carlos Sa\u00fal Menem.<\/p>\n\n\n\n<p>Por qu\u00e9 se celebra el D\u00eda de la Ant\u00e1rtida Argentina<\/p>\n\n\n\n<p><strong>El 22 de febrero se recuerda la inauguraci\u00f3n, en 1904, del Observatorio Meteorol\u00f3gico en la Isla Laurie, Orcadas del Sur, que luego ser\u00eda la Base Orcadas, un hito hist\u00f3rico que marc\u00f3 el inicio de la permanencia ininterrumpida de la Argentina en la Ant\u00e1rtida.<\/strong><\/p>\n\n\n\n<p>La Base Marambio, dependiente de la Fuerza A\u00e9rea Argentina, es la principal puerta de entrada de la log\u00edstica argentina en la Ant\u00e1rtida y desde 1947 se despliega desde all\u00ed el mayor n\u00famero de campamentos cient\u00edficos durante la Campa\u00f1a Ant\u00e1rtica de Verano.<\/p>\n\n\n\n<p>Est\u00e1 ubicada sobre el mar de Weddell, a 3.304 kil\u00f3metros de la ciudad de Buenos Aires. El ex presidente Juan Domingo Per\u00f3n, a trav\u00e9s del decreto 17.040 del 9 de junio de 1948, cre\u00f3 la Divisi\u00f3n Ant\u00e1rtida y Malvinas, bajo la dependencia de la Canciller\u00eda argentina, con la funci\u00f3n de entender en todo lo \" relacionado con la defensa de los derechos jur\u00eddicos argentinos sobre la Ant\u00e1rtida Argentina, Malvinas, Georgias del Sur y Sandwich del Sur\".<\/p>\n\n\n\n<p>El 12 de febrero de 1951, Per\u00f3n y Evita despidieron el buque con la primera expedici\u00f3n cient\u00edfica hacia la Ant\u00e1rtida continental argentina. En la actualidad, el Programa Ant\u00e1rtico Argentino posee como actores centrales a la Canciller\u00eda y al Ministerio de Defensa.<\/p>\n\n\n\n<p>De Canciller\u00eda depende la Secretar\u00eda de Malvinas, Ant\u00e1rtida y Atl\u00e1ntico Sur, y de ella la Direcci\u00f3n Nacional del Ant\u00e1rtico\/Instituto Ant\u00e1rtico Argentino (DNA\/IAA) y la Direcci\u00f3n Nacional de Pol\u00edtica Exterior Ant\u00e1rtica. En tanto, del Ministerio de Defensa depende el Comando Conjunto Ant\u00e1rtico (Cocoantar), la log\u00edstica ant\u00e1rtica que llevan adelante integrantes de las Fuerzas Armadas.<\/p>\n","protected":false},"excerpt":{"rendered":"<p>El Presidente lleg\u00f3 el martes por la noche a Tierra del Fuego, donde inaugurar\u00e1 una sede universitaria. Para esta jornada tambi\u00e9n est\u00e1 previsto que, cuando las condiciones clim\u00e1ticas lo permitan, se traslade hasta la Base Marambio por el D\u00eda de la Ant\u00e1rtida Argentina. Alberto Fern\u00e1ndez inaugurar\u00e1 este mi\u00e9rcoles en Ushuaia el primer edificio propio de [&hellip;]<\/p>\n","protected":false},"author":5,"featured_media":371381,"comment_status":"open","ping_status":"open","sticky":false,"template":"","format":"standard","meta":{"_stopmodifiedupdate":false,"_modified_date":"","inline_featured_image":false,"spay_email":"","jetpack_publicize_message":""},"categories":[5],"tags":[],"jetpack_featured_media_url":"https:\/\/notinor.com\/jujuy\/wp-content\/uploads\/2023\/02\/ALBERTO.jpg","jetpack_publicize_connections":[],"_links":{"self":[{"href":"https:\/\/notinor.com\/jujuy\/wp-json\/wp\/v2\/posts\/371380"}],"collection":[{"href":"https:\/\/notinor.com\/jujuy\/wp-json\/wp\/v2\/posts"}],"about":[{"href":"https:\/\/notinor.com\/jujuy\/wp-json\/wp\/v2\/types\/post"}],"author":[{"embeddable":true,"href":"https:\/\/notinor.com\/jujuy\/wp-json\/wp\/v2\/users\/5"}],"replies":[{"embeddable":true,"href":"https:\/\/notinor.com\/jujuy\/wp-json\/wp\/v2\/comments?post=371380"}],"version-history":[{"count":1,"href":"https:\/\/notinor.com\/jujuy\/wp-json\/wp\/v2\/posts\/371380\/revisions"}],"predecessor-version":[{"id":371382,"href":"https:\/\/notinor.com\/jujuy\/wp-json\/wp\/v2\/posts\/371380\/revisions\/371382"}],"wp:featuredmedia":[{"embeddable":true,"href":"https:\/\/notinor.com\/jujuy\/wp-json\/wp\/v2\/media\/371381"}],"wp:attachment":[{"href":"https:\/\/notinor.com\/jujuy\/wp-json\/wp\/v2\/media?parent=371380"}],"wp:term":[{"taxonomy":"category","embeddable":true,"href":"https:\/\/notinor.com\/jujuy\/wp-json\/wp\/v2\/categories?post=371380"},{"taxonomy":"post_tag","embeddable":true,"href":"https:\/\/notinor.com\/jujuy\/wp-json\/wp\/v2\/tags?post=371380"}],"curies":[{"name":"wp","href":"https:\/\/api.w.org\/{rel}","templated":true}]}}