{"id":371374,"date":"2023-02-21T17:56:00","date_gmt":"2023-02-21T20:56:00","guid":{"rendered":"https:\/\/notinor.com\/jujuy\/?p=371374"},"modified":"2023-02-22T22:14:08","modified_gmt":"2023-02-23T01:14:08","slug":"desarticularon-una-banda-narco-en-rosario-era-liderada-desde-una-carcel-de-neuquen","status":"publish","type":"post","link":"https:\/\/notinor.com\/jujuy\/desarticularon-una-banda-narco-en-rosario-era-liderada-desde-una-carcel-de-neuquen\/","title":{"rendered":"Desarticularon una banda narco en Rosario: era liderada desde una c\u00e1rcel de Neuqu\u00e9n"},"content":{"rendered":"\n<p class=\"has-medium-font-size\"><strong><em>Tras los 15 allanamientos realizados, se secuestr\u00f3 marihuana, coca\u00edna, municiones y diferentes elementos probatorios. Tres miembros del clan Funes quedaron detenidos.<\/em><\/strong><\/p>\n\n\n\n<p><\/p>\n\n\n<div class=\"wp-block-image\">\n<figure class=\"aligncenter size-full\"><img decoding=\"async\" loading=\"lazy\" width=\"800\" height=\"450\" src=\"https:\/\/notinor.com\/jujuy\/wp-content\/uploads\/2023\/02\/banda-narco.jpg\" alt=\"\" class=\"wp-image-371375\" srcset=\"https:\/\/notinor.com\/jujuy\/wp-content\/uploads\/2023\/02\/banda-narco.jpg 800w, https:\/\/notinor.com\/jujuy\/wp-content\/uploads\/2023\/02\/banda-narco-649x365.jpg 649w, https:\/\/notinor.com\/jujuy\/wp-content\/uploads\/2023\/02\/banda-narco-500x280.jpg 500w, https:\/\/notinor.com\/jujuy\/wp-content\/uploads\/2023\/02\/banda-narco-768x432.jpg 768w, https:\/\/notinor.com\/jujuy\/wp-content\/uploads\/2023\/02\/banda-narco-750x422.jpg 750w\" sizes=\"(max-width: 800px) 100vw, 800px\" \/><\/figure><\/div>\n\n\n<p><\/p>\n\n\n\n<p><strong>En medio de la lucha contra el narcotr\u00e1fico en Rosario, la Polic\u00eda Federal desbarat\u00f3 una banda criminal <\/strong>en el barrio de Tablada, cuyo l\u00edder manejaba la organizaci\u00f3n desde una c\u00e1rcel de Neuqu\u00e9n. Se trata del clan Funes, quienes iniciaron hace un tiempo una sangrienta lucha por el territorio contra los Caminos.<\/p>\n\n\n\n<p><strong>El fiscal federal Javier Arzubi Calvo orden\u00f3 15 allanamientos en el barrio, as\u00ed como tambi\u00e9n solicit\u00f3 que se haga lo mismo en el Complejo Penitenciario V de Neuqu\u00e9n, <\/strong>donde cumple condena el capo narco Lautaro \u201cLamparita\u201d Funes.<\/p>\n\n\n\n<p><strong>Uno de los lugares allanados es el domicilio que funcion\u00f3 como sitio de acopio de estupefacientes.<\/strong> Durante la investigaci\u00f3n, logr\u00f3 comprobarse que la banda se dedicaba a la comercializaci\u00f3n de drogas en Tablada, y que el hombre cont\u00f3 con la colaboraci\u00f3n de su madre y su hermana para abastecer a los diferentes puntos en los que se vend\u00edan sustancias al menudeo. <strong>Por esto mismo, ambas mujeres quedaron detenidas, junto con el t\u00edo del l\u00edder narco. <\/strong>Adem\u00e1s, se levantar\u00edan nuevos cargos contra \u201cLamparita\u201d Funes.<\/p>\n\n\n\n<p><strong>En los allanamientos, se secuestr\u00f3 coca\u00edna, marihuana, balanzas, municiones y dem\u00e1s elementos <\/strong>que ser\u00e1n utilizados como probatorios por la Fiscal\u00eda. La investigaci\u00f3n requiri\u00f3 tambi\u00e9n de intervenciones telef\u00f3nicas, inform\u00f3 diario La Capital.<\/p>\n\n\n\n<p><strong>El clan Funes fue el que inici\u00f3 hace unos a\u00f1os la guerra sangrienta contra los Caminos por el territorio en Tablada, Parque Mercado y Municipal.<\/strong> Lautaro es uno de los cuatro hijos de Jorge \u201cEl Gordo\u201d Funes, conocido por sus antecedentes penales.<\/p>\n\n\n\n<p><strong>\u201cLamparita\u201d fue detenido en 2017 y, luego de recibir su condena, fue trasladado al penal federal de Neuqu\u00e9n, donde cumple con una pena de siete a\u00f1os de prisi\u00f3n por perpetrar ataques contra personas, viviendas y comercios, <\/strong>adem\u00e1s de la causa por narcotr\u00e1fico que enfrenta con la Justicia Federal.<\/p>\n\n\n\n<p><strong>Estos allanamientos tienen lugar en medio de una fuerte pol\u00edtica de combatir el narcotr\u00e1fico no solo en Rosario, sino en toda la provincia de Santa Fe.<\/strong> En ese sentido, el intendente rosarino, Pablo Javkin, y el gobernador Omar Perotti, se reunieron para trazar un plan para hacer frente a las organizaciones criminales que atemorizan a los ciudadanos y convierten al territorio en tierra de nadie.<\/p>\n\n\n\n<p>De esta manera, <strong>decidieron fortalecer los controles en las c\u00e1rceles provinciales para evitar que los capos narcos que cumplen condenas puedan continuar con sus negocios delictivos desde los penales, tal como lo hac\u00eda \u201cLamparita\u201d Funes<\/strong> o Julio Rodr\u00edguez Granthon, conocido como \u201cEl Peruano\u201d. Este hombre dirig\u00eda su banda narco desde la c\u00e1rcel a trav\u00e9s de su esposa y tramaba delitos contra las personas, la propiedad y la administraci\u00f3n p\u00fablica en Rosario, Arroyo, Seco y Funes.<\/p>\n\n\n\n<p>Perotti y Javkin coincidieron en que es necesaria una fuerte presencia de las fuerzas de seguridad federales para poder hacer frente a las organizaciones delictivas, algo con lo que se comprometi\u00f3 el presidente Alberto Fern\u00e1ndez. Adem\u00e1s, resaltaron que <strong>debe fortalecerse y mejorarse la tecnolog\u00eda con la que cuentan las fuerzas para realizar un abordaje integral del problema.<\/strong> A su vez, insistieron con la reforma judicial que permitir\u00eda fortalecer a la Justicia federal de la provincia.<\/p>\n\n\n\n<p>Pese a los acuerdos alcanzados entre Naci\u00f3n, la Gobernaci\u00f3n y el Municipio, el ministro de Gesti\u00f3n P\u00fablica de Santa Fe, Marcos Corach, reclam\u00f3 el martes la ayuda federal, ya que dedfini\u00f3 a la situaci\u00f3n como \u201cgrave\u201d y \u201curgente\u201d. Al respecto, advirti\u00f3 que <strong>\u201cno es un problema solo de Rosario, tampoco de Santa Fe, es un problema que crece en Argentina\u201d.<\/strong><\/p>\n\n\n\n<p><strong>En lo que va del a\u00f1o, Rosario ya registr\u00f3 47 homicidios dolosos, seg\u00fan el Observatorio de Seguridad P\u00fablica. <\/strong>En ese sentido, los familiares de las v\u00edctimas realizar\u00e1n este mi\u00e9rcoles una movilizaci\u00f3n frente al Monumento Nacional a la Bandera con la intenci\u00f3n de exigir justicia y terminar con la inseguridad.<\/p>\n","protected":false},"excerpt":{"rendered":"<p>Tras los 15 allanamientos realizados, se secuestr\u00f3 marihuana, coca\u00edna, municiones y diferentes elementos probatorios. Tres miembros del clan Funes quedaron detenidos. En medio de la lucha contra el narcotr\u00e1fico en Rosario, la Polic\u00eda Federal desbarat\u00f3 una banda criminal en el barrio de Tablada, cuyo l\u00edder manejaba la organizaci\u00f3n desde una c\u00e1rcel de Neuqu\u00e9n. Se trata [&hellip;]<\/p>\n","protected":false},"author":49,"featured_media":371375,"comment_status":"open","ping_status":"open","sticky":false,"template":"","format":"standard","meta":{"_stopmodifiedupdate":false,"_modified_date":"","inline_featured_image":false,"spay_email":"","jetpack_publicize_message":""},"categories":[5,3],"tags":[],"jetpack_featured_media_url":"https:\/\/notinor.com\/jujuy\/wp-content\/uploads\/2023\/02\/banda-narco.jpg","jetpack_publicize_connections":[],"_links":{"self":[{"href":"https:\/\/notinor.com\/jujuy\/wp-json\/wp\/v2\/posts\/371374"}],"collection":[{"href":"https:\/\/notinor.com\/jujuy\/wp-json\/wp\/v2\/posts"}],"about":[{"href":"https:\/\/notinor.com\/jujuy\/wp-json\/wp\/v2\/types\/post"}],"author":[{"embeddable":true,"href":"https:\/\/notinor.com\/jujuy\/wp-json\/wp\/v2\/users\/49"}],"replies":[{"embeddable":true,"href":"https:\/\/notinor.com\/jujuy\/wp-json\/wp\/v2\/comments?post=371374"}],"version-history":[{"count":2,"href":"https:\/\/notinor.com\/jujuy\/wp-json\/wp\/v2\/posts\/371374\/revisions"}],"predecessor-version":[{"id":371463,"href":"https:\/\/notinor.com\/jujuy\/wp-json\/wp\/v2\/posts\/371374\/revisions\/371463"}],"wp:featuredmedia":[{"embeddable":true,"href":"https:\/\/notinor.com\/jujuy\/wp-json\/wp\/v2\/media\/371375"}],"wp:attachment":[{"href":"https:\/\/notinor.com\/jujuy\/wp-json\/wp\/v2\/media?parent=371374"}],"wp:term":[{"taxonomy":"category","embeddable":true,"href":"https:\/\/notinor.com\/jujuy\/wp-json\/wp\/v2\/categories?post=371374"},{"taxonomy":"post_tag","embeddable":true,"href":"https:\/\/notinor.com\/jujuy\/wp-json\/wp\/v2\/tags?post=371374"}],"curies":[{"name":"wp","href":"https:\/\/api.w.org\/{rel}","templated":true}]}}