{"id":371371,"date":"2023-02-21T17:15:00","date_gmt":"2023-02-21T20:15:00","guid":{"rendered":"https:\/\/notinor.com\/jujuy\/?p=371371"},"modified":"2023-02-22T23:32:50","modified_gmt":"2023-02-23T02:32:50","slug":"en-abril-se-inaugurara-el-moderno-edificio-del-registro-civil-en-san-pedro","status":"publish","type":"post","link":"https:\/\/notinor.com\/jujuy\/en-abril-se-inaugurara-el-moderno-edificio-del-registro-civil-en-san-pedro\/","title":{"rendered":"En abril se inaugurar\u00e1 el moderno edificio del Registro Civil en San Pedro"},"content":{"rendered":"\n<p class=\"has-medium-font-size\"><strong><em>Los vecinos de San Pedro contar\u00e1n con confortables espacios en el nuevo edificio del Registro Civil, donde acceder\u00e1n a eficientes servicios, salas de matrimonio y oficinas administrativas. Su inauguraci\u00f3n est\u00e1 prevista para abril pr\u00f3ximo.<\/em><\/strong><\/p>\n\n\n\n<p><\/p>\n\n\n<div class=\"wp-block-image\">\n<figure class=\"aligncenter size-full\"><img decoding=\"async\" loading=\"lazy\" width=\"800\" height=\"450\" src=\"https:\/\/notinor.com\/jujuy\/wp-content\/uploads\/2023\/02\/registro-civil-san-pedro.jpg\" alt=\"\" class=\"wp-image-371372\" srcset=\"https:\/\/notinor.com\/jujuy\/wp-content\/uploads\/2023\/02\/registro-civil-san-pedro.jpg 800w, https:\/\/notinor.com\/jujuy\/wp-content\/uploads\/2023\/02\/registro-civil-san-pedro-649x365.jpg 649w, https:\/\/notinor.com\/jujuy\/wp-content\/uploads\/2023\/02\/registro-civil-san-pedro-500x280.jpg 500w, https:\/\/notinor.com\/jujuy\/wp-content\/uploads\/2023\/02\/registro-civil-san-pedro-768x432.jpg 768w, https:\/\/notinor.com\/jujuy\/wp-content\/uploads\/2023\/02\/registro-civil-san-pedro-750x422.jpg 750w\" sizes=\"(max-width: 800px) 100vw, 800px\" \/><\/figure><\/div>\n\n\n<p><\/p>\n\n\n\n<p>El ministro de Gobierno y Justicia, Normando \u00c1lvarez Garc\u00eda, verific\u00f3 el avance de obras del moderno edificio del Registro Civil de San Pedro, el cual <strong>se traducir\u00e1 en una mejor atenci\u00f3n a los vecinos de esa ciudad.<\/strong><\/p>\n\n\n\n<p>Tambi\u00e9n participaron de la recorrida m\u00e1s funcionarios, el director del Registro Civil, Octavio Rivas; el intendente de San Pedro, Julio Bravo; la directora de Asistencia T\u00e9cnica de los Municipios, Jimena S\u00e1nchez de Bustamante; y su par de Culto, Elisa Gianuzzi.<\/p>\n\n\n\n<p>En la oportunidad, \u00c1lvarez Garc\u00eda expres\u00f3 que <strong>\u201cpor decisi\u00f3n pol\u00edtica del gobernador Gerardo Morales, acercamos servicios registrales a todos los habitantes de San Pedro y vecinos de localidades cercanas\u201d y apunt\u00f3 que \u201cel documento es la puerta de entrada a otros derechos\u201d.<\/strong><\/p>\n\n\n\n<p>Confirm\u00f3 que <strong>en el curso de los primeros d\u00edas del mes de abril, se proceder\u00e1 a la inauguraci\u00f3n del moderno edificio,<\/strong> el cual es producto de \u201cesfuerzos compartidos\u201d con el intendente. En este sentido, dedic\u00f3 elogiosos conceptos a la gesti\u00f3n de Bravo, que se materializa en \u201cmuchas obras\u201d para la gente y, sobre todo, en \u201cprogreso y ascenso social\u201d. <\/p>\n\n\n\n<p>Rivas, por su parte, enfatiz\u00f3 que <strong>el edificio responde a \u201ca las necesidades de San Pedro\u201d, definidas por \u201cel crecimiento demogr\u00e1fico que experiment\u00f3 en el \u00faltimo tiempo\u201d.<\/strong><\/p>\n\n\n\n<p>\u201cLos vecinos de San Pedro definitivamente tendr\u00e1n un edificio acorde a sus necesidades registrales\u201d, se\u00f1al\u00f3. Bravo, a su turno, agradeci\u00f3 al gobernador Morales y al ministro \u00c1lvarez Garc\u00eda por su \u201cinter\u00e9s y trabajo\u201d a favor del desarrollo de los pueblos, resaltando que <strong>\u201cSan Pedro necesitaba contar con un moderno edificio para tr\u00e1mites registrales, como as\u00ed tambi\u00e9n reforzar la planta de personal para mejorar la atenci\u00f3n a la gente\u201d,<\/strong> sostuvo. <\/p>\n\n\n\n<p>Asimismo, puso en valor la multiplicidad de obras que se ejecutan en esa ciudad, citando la inminente inauguraci\u00f3n de una sala maternal, refacciones en escuelas y refacci\u00f3n del mercado municipal, entre otros proyectos en ejecuci\u00f3n. <strong>\u201cSigamos con este modelo de trabajo, para que nuestra comunidad resulte m\u00e1s beneficiada\u201d, <\/strong>exhort\u00f3 finalmente.<\/p>\n","protected":false},"excerpt":{"rendered":"<p>Los vecinos de San Pedro contar\u00e1n con confortables espacios en el nuevo edificio del Registro Civil, donde acceder\u00e1n a eficientes servicios, salas de matrimonio y oficinas administrativas. Su inauguraci\u00f3n est\u00e1 prevista para abril pr\u00f3ximo. El ministro de Gobierno y Justicia, Normando \u00c1lvarez Garc\u00eda, verific\u00f3 el avance de obras del moderno edificio del Registro Civil de [&hellip;]<\/p>\n","protected":false},"author":49,"featured_media":371372,"comment_status":"open","ping_status":"open","sticky":false,"template":"","format":"standard","meta":{"_stopmodifiedupdate":false,"_modified_date":"","inline_featured_image":false,"spay_email":"","jetpack_publicize_message":""},"categories":[2,4],"tags":[],"jetpack_featured_media_url":"https:\/\/notinor.com\/jujuy\/wp-content\/uploads\/2023\/02\/registro-civil-san-pedro.jpg","jetpack_publicize_connections":[],"_links":{"self":[{"href":"https:\/\/notinor.com\/jujuy\/wp-json\/wp\/v2\/posts\/371371"}],"collection":[{"href":"https:\/\/notinor.com\/jujuy\/wp-json\/wp\/v2\/posts"}],"about":[{"href":"https:\/\/notinor.com\/jujuy\/wp-json\/wp\/v2\/types\/post"}],"author":[{"embeddable":true,"href":"https:\/\/notinor.com\/jujuy\/wp-json\/wp\/v2\/users\/49"}],"replies":[{"embeddable":true,"href":"https:\/\/notinor.com\/jujuy\/wp-json\/wp\/v2\/comments?post=371371"}],"version-history":[{"count":2,"href":"https:\/\/notinor.com\/jujuy\/wp-json\/wp\/v2\/posts\/371371\/revisions"}],"predecessor-version":[{"id":371490,"href":"https:\/\/notinor.com\/jujuy\/wp-json\/wp\/v2\/posts\/371371\/revisions\/371490"}],"wp:featuredmedia":[{"embeddable":true,"href":"https:\/\/notinor.com\/jujuy\/wp-json\/wp\/v2\/media\/371372"}],"wp:attachment":[{"href":"https:\/\/notinor.com\/jujuy\/wp-json\/wp\/v2\/media?parent=371371"}],"wp:term":[{"taxonomy":"category","embeddable":true,"href":"https:\/\/notinor.com\/jujuy\/wp-json\/wp\/v2\/categories?post=371371"},{"taxonomy":"post_tag","embeddable":true,"href":"https:\/\/notinor.com\/jujuy\/wp-json\/wp\/v2\/tags?post=371371"}],"curies":[{"name":"wp","href":"https:\/\/api.w.org\/{rel}","templated":true}]}}