{"id":371362,"date":"2023-02-21T15:34:00","date_gmt":"2023-02-21T18:34:00","guid":{"rendered":"https:\/\/notinor.com\/jujuy\/?p=371362"},"modified":"2023-02-21T13:16:17","modified_gmt":"2023-02-21T16:16:17","slug":"alberto-fernandez-viaja-a-la-antartida-y-prepara-un-mensaje-en-cadena-nacional","status":"publish","type":"post","link":"https:\/\/notinor.com\/jujuy\/alberto-fernandez-viaja-a-la-antartida-y-prepara-un-mensaje-en-cadena-nacional\/","title":{"rendered":"Alberto Fern\u00e1ndez\u00a0viaja a la Ant\u00e1rtida y prepara un mensaje en cadena nacional"},"content":{"rendered":"\n<p class=\"has-medium-font-size\"><strong><em>El Presidente viajar\u00e1 en la tarde de hoy al sur y, si las condiciones clim\u00e1ticas son favorables para volar, se trasladar\u00e1 hacia la Ant\u00e1rtida para visitar la base Marambio.<\/em><\/strong><\/p>\n\n\n\n<p><\/p>\n\n\n<div class=\"wp-block-image\">\n<figure class=\"aligncenter size-full\"><img decoding=\"async\" loading=\"lazy\" width=\"800\" height=\"450\" src=\"https:\/\/notinor.com\/jujuy\/wp-content\/uploads\/2023\/02\/alberto-fernandez-1.jpg\" alt=\"\" class=\"wp-image-371363\" srcset=\"https:\/\/notinor.com\/jujuy\/wp-content\/uploads\/2023\/02\/alberto-fernandez-1.jpg 800w, https:\/\/notinor.com\/jujuy\/wp-content\/uploads\/2023\/02\/alberto-fernandez-1-649x365.jpg 649w, https:\/\/notinor.com\/jujuy\/wp-content\/uploads\/2023\/02\/alberto-fernandez-1-500x280.jpg 500w, https:\/\/notinor.com\/jujuy\/wp-content\/uploads\/2023\/02\/alberto-fernandez-1-768x432.jpg 768w, https:\/\/notinor.com\/jujuy\/wp-content\/uploads\/2023\/02\/alberto-fernandez-1-750x422.jpg 750w\" sizes=\"(max-width: 800px) 100vw, 800px\" \/><\/figure><\/div>\n\n\n<p><\/p>\n\n\n\n<p>El presidente Alberto Fern\u00e1ndez estar\u00e1 viajando despu\u00e9s del mediod\u00eda hacia el extremo austral del pa\u00eds con una agenda oficial vinculada a la ciencia y la soberan\u00eda nacional. <strong>Desde Ushuaia, inaugurar\u00e1 una sede universitaria en junto al gobernador fueguino Gustavo Melella e intentar\u00e1 visitar este mi\u00e9rcoles la Base Marambio -si el clima colabora- para conmemorar los 118 a\u00f1os de permanencia en el continente blanco<\/strong> y dar un mensaje en cadena nacional en medio de las especulaciones electorales del Frente de Todos.<\/p>\n\n\n\n<p>Con el acto de este martes, el Gobierno <strong>inaugurar\u00e1 la cuarta sede universitaria en una semana y tiene previsto abrir otros dos casas de estudios m\u00e1s antes del comienzo de las clases,<\/strong> indicaron fuentes de Casa Rosada. Hace d\u00edas, el Presidente estuvo en actos universitarios de los municipios bonaerenses de Florencio Varela y San Mart\u00edn y en Posadas (Misiones).<\/p>\n\n\n\n<p>En tierra patag\u00f3nica, <strong>el proyecto que se presentar\u00e1 hoy involucra al nuevo edificio de la Universidad Nacional de Tierra del Fuego, que implica nuevas aulas y oficinas administras y un SUM para 150 estudiantes.<\/strong> Es una inversi\u00f3n con financiamiento del Banco de Desarrollo de Am\u00e9rica Latina (CAF) de 452 millones de pesos.<\/p>\n\n\n\n<p>Al d\u00eda siguiente, Alberto Fern\u00e1ndez tiene previsto volar 1.500 kil\u00f3metros en un H\u00e9rcules 130 de la Fuerza A\u00e9rea para arribar al continente blanco, si la \u201cventana de tiempo\u201d clim\u00e1tica lo dispone. All\u00ed dar\u00e1 un discurso por cadena nacional desde la base cient\u00edfico militar Marambio. <strong>De concretarse, ser\u00e1 el cuarto presidente argentino que pise suelo ant\u00e1rtico y el primero que lo hace en el Siglo XXI.<\/strong><\/p>\n\n\n\n<p>En Casa Rosada buscan un acto de alto perfil ya que ning\u00fan jefe de Estado estuvo en las inh\u00f3spitas tierras blancas en los \u00faltimos 20 a\u00f1os. <strong>El 25 de mayo del a\u00f1o pasado Fern\u00e1ndez hab\u00eda intentado una actividad similar, pero se frustr\u00f3 por el mal tiempo. <\/strong>El eje del mensaje de este mi\u00e9rcoles estar\u00e1 puesto en la idea de \u201clevantar una nueva argentina desde la Quiaca a la Ant\u00e1rtida\u201d bajo \u201cla utop\u00eda de la igualdad, reivindicando el norte y el sur del pa\u00eds\u201d, se\u00f1alaron desde el entorno presidencial.<\/p>\n\n\n\n<p>Fern\u00e1ndez viajar\u00e1 acompa\u00f1ado por una comitiva integrada por el canciller Santiago Cafiero, por los ministros de Defensa, Jorge Taiana; de Desarrollo Social, Victoria Tolosa Paz; y de Ciencia, Tecnolog\u00eda e Innovaci\u00f3n, Daniel Filmus, como as\u00ed tambi\u00e9n por el secretario de Malvinas, Ant\u00e1rtida y Atl\u00e1ntico Sur, Guillermo Carmona; y la portavoz de la Presidencia, Gabriela Cerruti.<\/p>\n\n\n\n<p>La expectativa oficial es que, una vez concretado el viaje, se produzca el regreso el mismo mi\u00e9rcoles desde Marambio a Ushuaia. <strong>El vuelo estimado es de dos horas, y desde ah\u00ed, partir hacia Buenos Aires. Es un trayecto que supera los 30 mil kil\u00f3metros de distancia.<\/strong><\/p>\n\n\n\n<p><strong>El Gobierno hizo una bandera de gesti\u00f3n el car\u00e1cter \u201cbicontinental\u201d del pa\u00eds y la proyecci\u00f3n atl\u00e1ntica de la Rep\u00fablica Argentina. Hace semanas, reinaugur\u00f3 una base militar en R\u00edo Gallegos, en una posici\u00f3n estrat\u00e9gica para la disputa por la soberan\u00eda de las Islas Malvinas.<\/strong> Ahora, la efem\u00e9ride del 22 de febrero coincide con la agenda de la soberan\u00eda argentina en el territorio blanco y la denominada \u201cciencia ant\u00e1rtica\u201d. Ese mismo d\u00eda, en 1904, se inaugur\u00f3 el Observatorio Meteorol\u00f3gico en la Isla Laurie, Orcadas del Sur, que luego ser\u00eda la Base Orcadas, un hito para permanencia ininterrumpida de la soberan\u00eda en la Ant\u00e1rtida.<\/p>\n\n\n\n<p><strong>La visita del mandatario busca dar a conocer los laboratorios multidisciplinarios de 120 metros cuadrados que se instalar\u00e1n en las bases ant\u00e1rticas San Mart\u00edn, Orcadas y Esperanza, con una inversi\u00f3n de 260 millones de pesos implementada en el marco del programa \u201cConstruir Ciencia\u201d del Ministerio de Ciencia y T\u00e9cnica. <\/strong>A ello se sumar\u00e1n dos refugios destinados a glaciolog\u00eda y el estudio de ping\u00fcinos emperador. En total, Argentina tiene 13 bases en la Ant\u00e1rtida, de las cuales siete son permanentes y el resto operan solo en verano.<\/p>\n\n\n\n<p>En la misma direcci\u00f3n, el Poder Ejecutivo anunci\u00f3 a fines de enero otra inversi\u00f3n de $973.706.400 millones de pesos para la construcci\u00f3n del edificio que albergar\u00e1 al Centro Interinstitucional en Temas Estrat\u00e9gicos Ant\u00e1rticos y Subant\u00e1rticos (CITEAS). <strong>Con estas acciones, el Poder Ejecutivo quiere consolidar a Argentina como uno de los pa\u00edses que m\u00e1s investiga en la Ant\u00e1rtida.<\/strong><\/p>\n\n\n\n<p>En paralelo a este cronograma, el Gobierno apuntala para definir en el primer semestre el Programa Ant\u00e1rtico Argentino, que depende de Canciller\u00eda y al Ministerio de Defensa. <strong>Desde que se promulg\u00f3 la ley en 1969 que regula la planificaci\u00f3n ant\u00e1rtica, nunca se formularon los ejes directrices de este programa en el corto, mediano y largo plazo. Por lo tanto, se avanzar\u00e1 por primera vez con el mandato legislativo.<\/strong><\/p>\n\n\n\n<p>Fuentes oficiales indicaron a este medio que el Programa Ant\u00e1rtico Argentino tendr\u00e1 como pilares \u201cineludibles\u201d a la<strong> \u201cpol\u00edtica exterior ant\u00e1rtica, la cooperaci\u00f3n internacional, ciencia ant\u00e1rtica, la protecci\u00f3n del ambiente ant\u00e1rtico y la log\u00edstica\u201d.<\/strong><\/p>\n\n\n\n<p>Con este tipo de actividades, Alberto Fern\u00e1ndez busca defender su gesti\u00f3n y apunta a exponer resultados en medio de la fuerte dura interna del Frente de Todos. <strong>El Presidente ratific\u00f3 su candidatura la semana pasada y est\u00e1 confiado que puede disputar la reelecci\u00f3n.<\/strong><\/p>\n\n\n\n<p>Sin embargo, <strong>en el kirchnerismo y otros sectores del oficialismo son cr\u00edticos del balance del per\u00edodo 2019-2023, y le reclaman a Fern\u00e1ndez que decline sus aspiraciones presidenciales.<\/strong> En su lugar, impulsan que la vicepresidenta Cristina Kirchner - autoexcluida por el momento como candidata tras denunciar una proscripci\u00f3n electoral de parte del Poder Judicial- sea la figura definitoria de la campa\u00f1a que se avecina.<\/p>\n","protected":false},"excerpt":{"rendered":"<p>El Presidente viajar\u00e1 en la tarde de hoy al sur y, si las condiciones clim\u00e1ticas son favorables para volar, se trasladar\u00e1 hacia la Ant\u00e1rtida para visitar la base Marambio. El presidente Alberto Fern\u00e1ndez estar\u00e1 viajando despu\u00e9s del mediod\u00eda hacia el extremo austral del pa\u00eds con una agenda oficial vinculada a la ciencia y la soberan\u00eda [&hellip;]<\/p>\n","protected":false},"author":49,"featured_media":371363,"comment_status":"open","ping_status":"open","sticky":false,"template":"","format":"standard","meta":{"_stopmodifiedupdate":false,"_modified_date":"","inline_featured_image":false,"spay_email":"","jetpack_publicize_message":""},"categories":[2,501],"tags":[],"jetpack_featured_media_url":"https:\/\/notinor.com\/jujuy\/wp-content\/uploads\/2023\/02\/alberto-fernandez-1.jpg","jetpack_publicize_connections":[],"_links":{"self":[{"href":"https:\/\/notinor.com\/jujuy\/wp-json\/wp\/v2\/posts\/371362"}],"collection":[{"href":"https:\/\/notinor.com\/jujuy\/wp-json\/wp\/v2\/posts"}],"about":[{"href":"https:\/\/notinor.com\/jujuy\/wp-json\/wp\/v2\/types\/post"}],"author":[{"embeddable":true,"href":"https:\/\/notinor.com\/jujuy\/wp-json\/wp\/v2\/users\/49"}],"replies":[{"embeddable":true,"href":"https:\/\/notinor.com\/jujuy\/wp-json\/wp\/v2\/comments?post=371362"}],"version-history":[{"count":1,"href":"https:\/\/notinor.com\/jujuy\/wp-json\/wp\/v2\/posts\/371362\/revisions"}],"predecessor-version":[{"id":371364,"href":"https:\/\/notinor.com\/jujuy\/wp-json\/wp\/v2\/posts\/371362\/revisions\/371364"}],"wp:featuredmedia":[{"embeddable":true,"href":"https:\/\/notinor.com\/jujuy\/wp-json\/wp\/v2\/media\/371363"}],"wp:attachment":[{"href":"https:\/\/notinor.com\/jujuy\/wp-json\/wp\/v2\/media?parent=371362"}],"wp:term":[{"taxonomy":"category","embeddable":true,"href":"https:\/\/notinor.com\/jujuy\/wp-json\/wp\/v2\/categories?post=371362"},{"taxonomy":"post_tag","embeddable":true,"href":"https:\/\/notinor.com\/jujuy\/wp-json\/wp\/v2\/tags?post=371362"}],"curies":[{"name":"wp","href":"https:\/\/api.w.org\/{rel}","templated":true}]}}