{"id":371351,"date":"2023-02-21T11:49:16","date_gmt":"2023-02-21T14:49:16","guid":{"rendered":"https:\/\/notinor.com\/jujuy\/?p=371351"},"modified":"2023-02-21T11:49:21","modified_gmt":"2023-02-21T14:49:21","slug":"el-quilmes-de-mario-sciacqua-espera-por-el-lobo","status":"publish","type":"post","link":"https:\/\/notinor.com\/jujuy\/el-quilmes-de-mario-sciacqua-espera-por-el-lobo\/","title":{"rendered":"El Quilmes de Mario Sciacqua espera por el Lobo"},"content":{"rendered":"\n<p><em><a href=\"https:\/\/www.instagram.com\/rocioroj_\/\">Por Roc\u00edo Rojas<\/a><\/em><\/p>\n\n\n\n<p class=\"has-medium-font-size\"><strong><em>El puntero de la Zona B y uno de los principales candidatos al ascenso, que adem\u00e1s conoce muy bien el mundo Lobo, recibe este s\u00e1bado a los dirigidos por Dar\u00edo Franco<\/em><\/strong><\/p>\n\n\n\n<p><\/p>\n\n\n<div class=\"wp-block-image\">\n<figure class=\"aligncenter size-full\"><img decoding=\"async\" loading=\"lazy\" width=\"608\" height=\"342\" src=\"https:\/\/notinor.com\/jujuy\/wp-content\/uploads\/2023\/02\/image-257.png\" alt=\"\" class=\"wp-image-371352\" srcset=\"https:\/\/notinor.com\/jujuy\/wp-content\/uploads\/2023\/02\/image-257.png 608w, https:\/\/notinor.com\/jujuy\/wp-content\/uploads\/2023\/02\/image-257-500x280.png 500w\" sizes=\"(max-width: 608px) 100vw, 608px\" \/><\/figure><\/div>\n\n\n<p><\/p>\n\n\n\n<p>Luego de la gran victoria en Caballito frente a Ferro Carril Oeste,<strong> Quilmes comenz\u00f3 este lunes por la tarde la preparaci\u00f3n del pr\u00f3ximo encuentro de la Zona B de la Primera Nacional, cuando se enfrente el s\u00e1bado a las 17 horas ante el <em>Lobo<\/em><\/strong>. <\/p>\n\n\n\n<p>\u201c<strong>El hincha debe estar con una felicidad terrible\u201d dijo Mario Sciacqua <\/strong>tras el triunfazo contra el<em> Verde<\/em>, que cultiv\u00f3 a\u00fan m\u00e1s las ilusiones de los hinchas en el comienzo de una larga temporada. <\/p>\n\n\n\n<p>Despu\u00e9s de arrancar 0 - 2 en el marcador, Quilmes se repuso en la adversidad y dio vuelta un partidazo para quedarse con los tres puntos y <strong>ser uno de los l\u00edderes de la Zona B,<\/strong> el otro es Estudiantes de Caseros, con puntaje perfecto.<\/p>\n\n\n\n<p>Por su parte,<strong> Gimnasia y Esgrima de Jujuy se reencontr\u00f3 este martes en el Complejo Deportivo Papel NOA tras el fin de semana libre<\/strong>, con el objetivo de trabajar para sumar en el estadio <em>Centenario<\/em> su primer triunfo. En sus dos presentaciones el Lobo sac\u00f3 dos empates, ante Ferro y Aldosivi. <\/p>\n\n\n\n<p><strong>Mario Sciacqua, que conoce muy bien al <em>albiceleste<\/em>,<\/strong> no optar\u00eda por variantes en el equipo que viene de jugar de entrada y ganar en los dos primeros partidos del torneo, aunque todo depender\u00e1 de la evoluci\u00f3n de la semana.<\/p>\n\n\n\n<p>En tanto, Dar\u00edo Franco, <strong>apost\u00f3 por el mismo once inicial en sus dos primeras presentaciones<\/strong>, aunque habr\u00e1 que esperar para ver cu\u00e1l ser\u00e1 el planteo ante un equipo complicado como el<em> Cervecero. <\/em><\/p>\n\n\n\n<p><\/p>\n\n\n<div class=\"wp-block-image\">\n<figure class=\"aligncenter size-large\"><img decoding=\"async\" loading=\"lazy\" width=\"640\" height=\"480\" src=\"https:\/\/notinor.com\/jujuy\/wp-content\/uploads\/2023\/02\/image-258-640x480.png\" alt=\"\" class=\"wp-image-371353\" srcset=\"https:\/\/notinor.com\/jujuy\/wp-content\/uploads\/2023\/02\/image-258-640x480.png 640w, https:\/\/notinor.com\/jujuy\/wp-content\/uploads\/2023\/02\/image-258-487x365.png 487w, https:\/\/notinor.com\/jujuy\/wp-content\/uploads\/2023\/02\/image-258-768x576.png 768w, https:\/\/notinor.com\/jujuy\/wp-content\/uploads\/2023\/02\/image-258-750x563.png 750w, https:\/\/notinor.com\/jujuy\/wp-content\/uploads\/2023\/02\/image-258.png 960w\" sizes=\"(max-width: 640px) 100vw, 640px\" \/><\/figure><\/div>","protected":false},"excerpt":{"rendered":"<p>Por Roc\u00edo Rojas El puntero de la Zona B y uno de los principales candidatos al ascenso, que adem\u00e1s conoce muy bien el mundo Lobo, recibe este s\u00e1bado a los dirigidos por Dar\u00edo Franco Luego de la gran victoria en Caballito frente a Ferro Carril Oeste, Quilmes comenz\u00f3 este lunes por la tarde la preparaci\u00f3n [&hellip;]<\/p>\n","protected":false},"author":37,"featured_media":371352,"comment_status":"open","ping_status":"open","sticky":false,"template":"","format":"standard","meta":{"_stopmodifiedupdate":false,"_modified_date":"","inline_featured_image":false,"spay_email":"","jetpack_publicize_message":""},"categories":[7],"tags":[1088,2751,2757,545,1963,19,2744,2750,2756,2745,1867],"jetpack_featured_media_url":"https:\/\/notinor.com\/jujuy\/wp-content\/uploads\/2023\/02\/image-257.png","jetpack_publicize_connections":[],"_links":{"self":[{"href":"https:\/\/notinor.com\/jujuy\/wp-json\/wp\/v2\/posts\/371351"}],"collection":[{"href":"https:\/\/notinor.com\/jujuy\/wp-json\/wp\/v2\/posts"}],"about":[{"href":"https:\/\/notinor.com\/jujuy\/wp-json\/wp\/v2\/types\/post"}],"author":[{"embeddable":true,"href":"https:\/\/notinor.com\/jujuy\/wp-json\/wp\/v2\/users\/37"}],"replies":[{"embeddable":true,"href":"https:\/\/notinor.com\/jujuy\/wp-json\/wp\/v2\/comments?post=371351"}],"version-history":[{"count":1,"href":"https:\/\/notinor.com\/jujuy\/wp-json\/wp\/v2\/posts\/371351\/revisions"}],"predecessor-version":[{"id":371354,"href":"https:\/\/notinor.com\/jujuy\/wp-json\/wp\/v2\/posts\/371351\/revisions\/371354"}],"wp:featuredmedia":[{"embeddable":true,"href":"https:\/\/notinor.com\/jujuy\/wp-json\/wp\/v2\/media\/371352"}],"wp:attachment":[{"href":"https:\/\/notinor.com\/jujuy\/wp-json\/wp\/v2\/media?parent=371351"}],"wp:term":[{"taxonomy":"category","embeddable":true,"href":"https:\/\/notinor.com\/jujuy\/wp-json\/wp\/v2\/categories?post=371351"},{"taxonomy":"post_tag","embeddable":true,"href":"https:\/\/notinor.com\/jujuy\/wp-json\/wp\/v2\/tags?post=371351"}],"curies":[{"name":"wp","href":"https:\/\/api.w.org\/{rel}","templated":true}]}}