{"id":371043,"date":"2023-02-16T11:23:38","date_gmt":"2023-02-16T14:23:38","guid":{"rendered":"https:\/\/notinor.com\/jujuy\/?p=371043"},"modified":"2023-02-16T11:23:41","modified_gmt":"2023-02-16T14:23:41","slug":"lionel-messi-no-llego-a-un-acuerdo-con-el-psg-y-su-representante-viajo-a-barcelona","status":"publish","type":"post","link":"https:\/\/notinor.com\/jujuy\/lionel-messi-no-llego-a-un-acuerdo-con-el-psg-y-su-representante-viajo-a-barcelona\/","title":{"rendered":"Lionel Messi no lleg\u00f3 a un acuerdo con el PSG y su representante viaj\u00f3 a Barcelona"},"content":{"rendered":"\n<p class=\"has-medium-font-size\"><strong><em>Jorge Messi, padre y representante del astro del f\u00fatbol, lleg\u00f3 a la ciudad de Catalu\u00f1a. M\u00e1s all\u00e1 de eso, no tiene intenciones de reunirse con ning\u00fan dirigente del club Cul\u00e9. Mientras, la definici\u00f3n por una posible renovaci\u00f3n de la Pulga en PSG se posterg\u00f3 por la Champions League.<\/em><\/strong><\/p>\n\n\n\n<p><\/p>\n\n\n<div class=\"wp-block-image\">\n<figure class=\"aligncenter size-large\"><img decoding=\"async\" loading=\"lazy\" width=\"640\" height=\"480\" src=\"https:\/\/notinor.com\/jujuy\/wp-content\/uploads\/2023\/02\/image-232-640x480.png\" alt=\"\" class=\"wp-image-371044\" srcset=\"https:\/\/notinor.com\/jujuy\/wp-content\/uploads\/2023\/02\/image-232-640x480.png 640w, https:\/\/notinor.com\/jujuy\/wp-content\/uploads\/2023\/02\/image-232-487x365.png 487w, https:\/\/notinor.com\/jujuy\/wp-content\/uploads\/2023\/02\/image-232-768x576.png 768w, https:\/\/notinor.com\/jujuy\/wp-content\/uploads\/2023\/02\/image-232-750x563.png 750w, https:\/\/notinor.com\/jujuy\/wp-content\/uploads\/2023\/02\/image-232-1140x855.png 1140w, https:\/\/notinor.com\/jujuy\/wp-content\/uploads\/2023\/02\/image-232.png 1200w\" sizes=\"(max-width: 640px) 100vw, 640px\" \/><\/figure><\/div>\n\n\n<p><\/p>\n\n\n\n<p>Jorge Messi, padre de Lionel Messi, est\u00e1 en Barcelona:<strong>\u00a0viaj\u00f3 para Catalu\u00f1a, justo al d\u00eda siguiente del duro golpe que sufri\u00f3 el PSG en la derrota por 1-0 frente a Bayern Munich<\/strong>, en condici\u00f3n de local, por el duelo de ida de los octavos de final de la Champions League.<\/p>\n\n\n\n<p>El pap\u00e1 y representante del capit\u00e1n de la Selecci\u00f3n Argentina lleg\u00f3 a la ciudad catalana por la noche de este lunes. En el aeropuerto,&nbsp;<strong>evit\u00f3 responder a las preguntas de los periodistas que lo esperaron para consultarle sobre el futuro de su hijo.<\/strong><\/p>\n\n\n\n<p>M\u00e1s all\u00e1 de la expectativa que despert\u00f3, <strong>Jorge Messi no tiene intenciones de reunirse con Joan Laporta (presidente de la instituci\u00f3n) ni ning\u00fan directivo del Barcelona<\/strong>\u00a0para discutir un posible regreso del astro rosarino al club, seg\u00fan confiaron fuentes cercanas.<\/p>\n\n\n\n<h2 class=\"has-medium-font-size\"><strong>El futuro de Messi en PSG: hubo una primera charla, pero continuar\u00e1n despu\u00e9s de la Champions<\/strong><\/h2>\n\n\n\n<p>Messi tiene contrato firmado con el PSG hasta junio y, por el momento, con el \u00fanico club con el que tiene pensado sentarse a dialogar sobre lo que vendr\u00e1 a partir de la pr\u00f3xima temporada es justamente el elenco parisino.&nbsp;<strong>El padre del capit\u00e1n de la Selecci\u00f3n Argentina ya se reuni\u00f3 con los directivos, seg\u00fan supo TyC Sports<\/strong>. M\u00e1s all\u00e1 de eso, quedaron en esperar&nbsp;<strong>a que pase la serie con Bayern Munich&nbsp;<\/strong>por los octavos de final de la Champions League para tener una nueva reuni\u00f3n.<\/p>\n\n\n\n<h2 class=\"has-medium-font-size\"><strong>Las bombas del hermano de Messi: \u201cechar a Laporta\u201d, \u201cBarcelona se conoci\u00f3 por Leo\u201d y \u201clos traidores\u201d<\/strong><\/h2>\n\n\n\n<p>\u201cNo vamos a volver a Barcelona y si lo hacemos, vamos a hacer una buena limpieza. Entre ellos, echar a Joan Laporta, desagradecido, con todo lo que le dio Messi a Barcelona\u201d, expres\u00f3 Mat\u00edas Messi, hermano de la Pulga, hace unos d\u00edas\u00a0durante una transmisi\u00f3n de Twitch.<\/p>\n\n\n\n<p>A su vez, tambi\u00e9n asegur\u00f3 que la gente no se moviliz\u00f3 para pedir que el astro argentino se quede en el club. \"La gente no lo banc\u00f3, la gente tendr\u00eda que haber salido a hacer una marcha.&nbsp;<strong>Que se vaya Laporta y que se quede Messi. Los catalanes son traidores\",<\/strong>&nbsp;afirm\u00f3 el hermano de Messi y compar\u00f3 lo que pas\u00f3 con Leo con la situaci\u00f3n que vivi\u00f3 Ronaldinho.<\/p>\n","protected":false},"excerpt":{"rendered":"<p>Jorge Messi, padre y representante del astro del f\u00fatbol, lleg\u00f3 a la ciudad de Catalu\u00f1a. M\u00e1s all\u00e1 de eso, no tiene intenciones de reunirse con ning\u00fan dirigente del club Cul\u00e9. Mientras, la definici\u00f3n por una posible renovaci\u00f3n de la Pulga en PSG se posterg\u00f3 por la Champions League. Jorge Messi, padre de Lionel Messi, est\u00e1 [&hellip;]<\/p>\n","protected":false},"author":37,"featured_media":371044,"comment_status":"open","ping_status":"open","sticky":false,"template":"","format":"standard","meta":{"_stopmodifiedupdate":false,"_modified_date":"","inline_featured_image":false,"spay_email":"","jetpack_publicize_message":""},"categories":[7],"tags":[],"jetpack_featured_media_url":"https:\/\/notinor.com\/jujuy\/wp-content\/uploads\/2023\/02\/image-232.png","jetpack_publicize_connections":[],"_links":{"self":[{"href":"https:\/\/notinor.com\/jujuy\/wp-json\/wp\/v2\/posts\/371043"}],"collection":[{"href":"https:\/\/notinor.com\/jujuy\/wp-json\/wp\/v2\/posts"}],"about":[{"href":"https:\/\/notinor.com\/jujuy\/wp-json\/wp\/v2\/types\/post"}],"author":[{"embeddable":true,"href":"https:\/\/notinor.com\/jujuy\/wp-json\/wp\/v2\/users\/37"}],"replies":[{"embeddable":true,"href":"https:\/\/notinor.com\/jujuy\/wp-json\/wp\/v2\/comments?post=371043"}],"version-history":[{"count":1,"href":"https:\/\/notinor.com\/jujuy\/wp-json\/wp\/v2\/posts\/371043\/revisions"}],"predecessor-version":[{"id":371046,"href":"https:\/\/notinor.com\/jujuy\/wp-json\/wp\/v2\/posts\/371043\/revisions\/371046"}],"wp:featuredmedia":[{"embeddable":true,"href":"https:\/\/notinor.com\/jujuy\/wp-json\/wp\/v2\/media\/371044"}],"wp:attachment":[{"href":"https:\/\/notinor.com\/jujuy\/wp-json\/wp\/v2\/media?parent=371043"}],"wp:term":[{"taxonomy":"category","embeddable":true,"href":"https:\/\/notinor.com\/jujuy\/wp-json\/wp\/v2\/categories?post=371043"},{"taxonomy":"post_tag","embeddable":true,"href":"https:\/\/notinor.com\/jujuy\/wp-json\/wp\/v2\/tags?post=371043"}],"curies":[{"name":"wp","href":"https:\/\/api.w.org\/{rel}","templated":true}]}}