{"id":371035,"date":"2023-02-16T08:55:00","date_gmt":"2023-02-16T11:55:00","guid":{"rendered":"https:\/\/notinor.com\/jujuy\/?p=371035"},"modified":"2023-02-16T10:58:55","modified_gmt":"2023-02-16T13:58:55","slug":"aizama-pascual","status":"publish","type":"post","link":"https:\/\/notinor.com\/jujuy\/aizama-pascual\/","title":{"rendered":"AIZAMA, Pascual"},"content":{"rendered":"\n<p><strong>Falleci\u00f3 el d\u00eda 14 de febrero de 2023, a hs. 17:20. C.A.S.R. y B.P., a la edad de 91 a\u00f1os. Sus hijos: Nora Cristina, Juan Carlos y Jorge Luis Aizama; sus hijos pol\u00edticos: Hugo Janco, Norma Caz\u00f3n y Elisa Ellesca; sus nietos: Sof\u00eda, Martin, Ramiro, Mat\u00edas, Brenda, Amira, Hugo, Cecilia, Agostina, Anabela y dem\u00e1s familiares participan con profundo dolor su fallecimiento y comunican que sus restos fueron inhumados ayer 15 de febrero  en el cementerio El Salvador. FAE. Casa de duelo Jos\u00e9 de La Iglesia 1263 de empresa La Piedad. Servicio empresa La Piedad SA. Salta 727 San Salvador de Jujuy, Jujuy. Tel. 0388- 4222487. L\u00ednea gratuita 0800-444- 5274.<\/strong><\/p>\n","protected":false},"excerpt":{"rendered":"<p>Falleci\u00f3 el d\u00eda 14 de febrero de 2023, a hs. 17:20. C.A.S.R. y B.P., a la edad de 91 a\u00f1os. Sus hijos: Nora Cristina, Juan Carlos y Jorge Luis Aizama; sus hijos pol\u00edticos: Hugo Janco, Norma Caz\u00f3n y Elisa Ellesca; sus nietos: Sof\u00eda, Martin, Ramiro, Mat\u00edas, Brenda, Amira, Hugo, Cecilia, Agostina, Anabela y dem\u00e1s familiares [&hellip;]<\/p>\n","protected":false},"author":5,"featured_media":129720,"comment_status":"open","ping_status":"open","sticky":false,"template":"","format":"standard","meta":{"_stopmodifiedupdate":false,"_modified_date":"","inline_featured_image":false,"spay_email":"","jetpack_publicize_message":""},"categories":[523],"tags":[],"jetpack_featured_media_url":"https:\/\/notinor.com\/jujuy\/wp-content\/uploads\/2017\/08\/Obituarios1.jpg","jetpack_publicize_connections":[],"_links":{"self":[{"href":"https:\/\/notinor.com\/jujuy\/wp-json\/wp\/v2\/posts\/371035"}],"collection":[{"href":"https:\/\/notinor.com\/jujuy\/wp-json\/wp\/v2\/posts"}],"about":[{"href":"https:\/\/notinor.com\/jujuy\/wp-json\/wp\/v2\/types\/post"}],"author":[{"embeddable":true,"href":"https:\/\/notinor.com\/jujuy\/wp-json\/wp\/v2\/users\/5"}],"replies":[{"embeddable":true,"href":"https:\/\/notinor.com\/jujuy\/wp-json\/wp\/v2\/comments?post=371035"}],"version-history":[{"count":1,"href":"https:\/\/notinor.com\/jujuy\/wp-json\/wp\/v2\/posts\/371035\/revisions"}],"predecessor-version":[{"id":371039,"href":"https:\/\/notinor.com\/jujuy\/wp-json\/wp\/v2\/posts\/371035\/revisions\/371039"}],"wp:featuredmedia":[{"embeddable":true,"href":"https:\/\/notinor.com\/jujuy\/wp-json\/wp\/v2\/media\/129720"}],"wp:attachment":[{"href":"https:\/\/notinor.com\/jujuy\/wp-json\/wp\/v2\/media?parent=371035"}],"wp:term":[{"taxonomy":"category","embeddable":true,"href":"https:\/\/notinor.com\/jujuy\/wp-json\/wp\/v2\/categories?post=371035"},{"taxonomy":"post_tag","embeddable":true,"href":"https:\/\/notinor.com\/jujuy\/wp-json\/wp\/v2\/tags?post=371035"}],"curies":[{"name":"wp","href":"https:\/\/api.w.org\/{rel}","templated":true}]}}