{"id":371028,"date":"2023-02-16T10:52:48","date_gmt":"2023-02-16T13:52:48","guid":{"rendered":"https:\/\/notinor.com\/jujuy\/?p=371028"},"modified":"2023-02-16T10:52:51","modified_gmt":"2023-02-16T13:52:51","slug":"el-gobierno-no-descarta-la-expropiacion-de-edesur-todas-las-posibilidades-son-analizadas","status":"publish","type":"post","link":"https:\/\/notinor.com\/jujuy\/el-gobierno-no-descarta-la-expropiacion-de-edesur-todas-las-posibilidades-son-analizadas\/","title":{"rendered":"El Gobierno no descarta la expropiaci\u00f3n de Edesur: \u201cTodas las posibilidades son analizadas\u201d"},"content":{"rendered":"\n<p class=\"has-medium-font-size\"><strong><em>La portavoz Gabriela Cerruti se refiri\u00f3 a la intervenci\u00f3n de la distribuidora el\u00e9ctrica dispuesta por el gobierno nacional. Adem\u00e1s, deslind\u00f3 al Ejecutivo de los inconvenientes: \u201cNo hay ninguna crisis energ\u00e9tica en la Argentina\u201d. Anticip\u00f3 que el Presidente ir\u00e1 a la Ant\u00e1rtida<\/em><\/strong><\/p>\n\n\n\n<p><\/p>\n\n\n<div class=\"wp-block-image\">\n<figure class=\"aligncenter size-large\"><img decoding=\"async\" loading=\"lazy\" width=\"840\" height=\"473\" src=\"https:\/\/notinor.com\/jujuy\/wp-content\/uploads\/2023\/02\/image-227-840x473.png\" alt=\"\" class=\"wp-image-371030\" srcset=\"https:\/\/notinor.com\/jujuy\/wp-content\/uploads\/2023\/02\/image-227-840x473.png 840w, https:\/\/notinor.com\/jujuy\/wp-content\/uploads\/2023\/02\/image-227-649x365.png 649w, https:\/\/notinor.com\/jujuy\/wp-content\/uploads\/2023\/02\/image-227-768x432.png 768w, https:\/\/notinor.com\/jujuy\/wp-content\/uploads\/2023\/02\/image-227-750x422.png 750w, https:\/\/notinor.com\/jujuy\/wp-content\/uploads\/2023\/02\/image-227.png 880w\" sizes=\"(max-width: 840px) 100vw, 840px\" \/><\/figure><\/div>\n\n\n<p><\/p>\n\n\n\n<p>La portavoz de la Presidencia,\u00a0Gabriela Cerruti, <strong>no descart\u00f3 la expropiaci\u00f3n de la distribuidora el\u00e9ctrica Edesur<\/strong>, que ayer <a href=\"https:\/\/notinor.com\/jujuy\/el-gobierno-multo-por-1-000-millones-a-edesur-por-los-cortes-de-luz-en-buenos-aires-y-designo-veedores\/\">fue multada por los reiterativos cortes en el suministro<\/a> producidos la \u00faltima semana e intervenida con veedores del gobierno nacional.<\/p>\n\n\n\n<p>\u201cEl Gobierno analiza todas las variables siempre que legalmente existen y son posibles para <strong>cuidar lo que tiene que cuidar,<\/strong> que son los usuarios, los ciudadanos argentinos\u201d, introdujo la funcionaria ante una consulta en la habitual rueda de prensa que encabeza los jueves.<\/p>\n\n\n\n<p>Y desarroll\u00f3: \u201c<strong>En el caso de Edesur, el nivel de maltrato a los consumidores lo venimos viendo durante los \u00faltimos a\u00f1os<\/strong>&nbsp;y ayer se tom\u00f3 una medida muy contundente que tiene que ver con la multa y la intervenci\u00f3n para poder ver exactamente qu\u00e9 es lo que est\u00e1 haciendo, qu\u00e9 inversiones est\u00e1n haciendo y cu\u00e1l es la responsabilidad de la empresa\u201d.<\/p>\n\n\n\n<p>\u201c<strong>En ese marco, todas las posibilidades son analizadas<\/strong>\u201d, explic\u00f3.<\/p>\n\n\n\n<p>Anoche, luego de una reuni\u00f3n con representantes de la compa\u00f1\u00eda, el ministro de Econom\u00eda, Sergio Massa,<strong> instruy\u00f3 a la Secretar\u00eda de Energ\u00eda a\u00a0adoptar una serie de medidas <\/strong>como consecuencia de los cortes de luz\u00a0que afectan a los usuarios de Edesur, entre ellas la de habilitar una veedur\u00eda con auditor\u00eda de la Universidad de Buenos Aires para revisar el cumplimiento del r\u00e9gimen de inversiones, los tiempos de respuesta a los usuarios y la calidad en el servicio de transmisi\u00f3n de toda el \u00e1rea.<\/p>\n\n\n\n<p>En una segunda instancia, Cerruti fue consultada sobre la responsabilidad del Ejecutivo en los inconvenientes que sufren los usuarios de la red el\u00e9ctrica en virtud de la <strong>pol\u00edtica tarifaria, los subsidios y la imposibilidad de las compa\u00f1\u00edas de girar dividendos a sus casas matrices.<\/strong><\/p>\n\n\n\n<p>\u201c<strong>No hay ninguna crisis energ\u00e9tica en la Argentina<\/strong>, no tiene sentido responder esa pregunta. La Argentina es uno de los pocos pa\u00edses del mundo donde habiendo subido el precio de la energ\u00eda como subi\u00f3 en todo el mundo, no hubo crisis energ\u00e9tica, no hubo desabastecimiento en las empresas... Hay una cuesti\u00f3n puntual con los usuarios de una empresa puntual y esa es la empresa que ha intervenido esa empresa. Si intervenimos esa empresa es porque creemos que el problema es de esa empresa; el resto de las empresas no tienen ese problema\u201d, contest\u00f3 Cerruti.<\/p>\n\n\n\n<p>\u201c<strong>No hay una crisis energ\u00e9tica<\/strong>, eso forma parte del mismo paquete (que repite la oposici\u00f3n)\u201d, complet\u00f3.<\/p>\n\n\n\n<h2 class=\"has-medium-font-size\"><strong>\u00bfCristina Kirchner proscripta?<\/strong><\/h2>\n\n\n\n<p>En la previa de la reuni\u00f3n nacional del Frente de Todos, Cerruti fue consultada adem\u00e1s por la situaci\u00f3n judicial de la vicepresidenta Cristina Kirchner. Los sectores que responden a la ex mandataria aseguran<strong> que fue proscripta por la Justicia para las elecciones de este a\u00f1o<\/strong>. Si bien es cierto que sobre la dirigente pol\u00edtica pesa una inhabilitaci\u00f3n para ejercer cargos p\u00fablicos en virtud de su condena en el caso Vialidad, la misma no es ejecutable hasta tanto la sentencia sea ratificada por la C\u00e1mara de Casaci\u00f3n.<\/p>\n\n\n\n<p>\u201c<strong>Lo que el gobierno entiende es que hay una persecuci\u00f3n judicial contra la vicepresidenta.<\/strong> La causa en la cual ha sido condenada es inventada, no tiene pies ni cabezas. Ella ha sido llevada a esa causa con la intenci\u00f3n firme de condenarla e inhabilitarla, que es proscribirla para participar de las pr\u00f3ximas elecciones. El Presidente cree absolutamente en que Cristina Kirchner no tiene nada que ver con todo aquello que se le imputa y el intento de inhabilitarla, que ahora no es firme pero puede ser firme en cualquier momento, es una herramienta que la Justicia puede usar en cualquier momento y busca que ella no pueda participar de las situaciones electorales de la Argentina\u201d, contest\u00f3 la vocera.<\/p>\n\n\n\n<h2 class=\"has-medium-font-size\"><strong>Alberto, a la Ant\u00e1rtida<\/strong><\/h2>\n\n\n\n<p>El presidente Alberto Fern\u00e1ndez viajar\u00e1 la pr\u00f3xima semana a la Ant\u00e1rtida, seg\u00fan anticip\u00f3 Cerruti. <strong>Es la primera vez en 20 a\u00f1os que un jefe de Estado visita el continente blanco.<\/strong> Ser\u00e1 el 22 de febrero, d\u00eda en el que se conmemora la soberan\u00eda de dicho espacio. Viajar\u00e1n junto a Fern\u00e1ndez varios ministros y est\u00e1 previsto que recorran tres laboratorios que est\u00e1n en desarrollo.<\/p>\n","protected":false},"excerpt":{"rendered":"<p>La portavoz Gabriela Cerruti se refiri\u00f3 a la intervenci\u00f3n de la distribuidora el\u00e9ctrica dispuesta por el gobierno nacional. Adem\u00e1s, deslind\u00f3 al Ejecutivo de los inconvenientes: \u201cNo hay ninguna crisis energ\u00e9tica en la Argentina\u201d. Anticip\u00f3 que el Presidente ir\u00e1 a la Ant\u00e1rtida La portavoz de la Presidencia,\u00a0Gabriela Cerruti, no descart\u00f3 la expropiaci\u00f3n de la distribuidora el\u00e9ctrica [&hellip;]<\/p>\n","protected":false},"author":37,"featured_media":371030,"comment_status":"open","ping_status":"open","sticky":false,"template":"","format":"standard","meta":{"_stopmodifiedupdate":false,"_modified_date":"","inline_featured_image":false,"spay_email":"","jetpack_publicize_message":""},"categories":[1158],"tags":[573,2746,1302],"jetpack_featured_media_url":"https:\/\/notinor.com\/jujuy\/wp-content\/uploads\/2023\/02\/image-227.png","jetpack_publicize_connections":[],"_links":{"self":[{"href":"https:\/\/notinor.com\/jujuy\/wp-json\/wp\/v2\/posts\/371028"}],"collection":[{"href":"https:\/\/notinor.com\/jujuy\/wp-json\/wp\/v2\/posts"}],"about":[{"href":"https:\/\/notinor.com\/jujuy\/wp-json\/wp\/v2\/types\/post"}],"author":[{"embeddable":true,"href":"https:\/\/notinor.com\/jujuy\/wp-json\/wp\/v2\/users\/37"}],"replies":[{"embeddable":true,"href":"https:\/\/notinor.com\/jujuy\/wp-json\/wp\/v2\/comments?post=371028"}],"version-history":[{"count":1,"href":"https:\/\/notinor.com\/jujuy\/wp-json\/wp\/v2\/posts\/371028\/revisions"}],"predecessor-version":[{"id":371031,"href":"https:\/\/notinor.com\/jujuy\/wp-json\/wp\/v2\/posts\/371028\/revisions\/371031"}],"wp:featuredmedia":[{"embeddable":true,"href":"https:\/\/notinor.com\/jujuy\/wp-json\/wp\/v2\/media\/371030"}],"wp:attachment":[{"href":"https:\/\/notinor.com\/jujuy\/wp-json\/wp\/v2\/media?parent=371028"}],"wp:term":[{"taxonomy":"category","embeddable":true,"href":"https:\/\/notinor.com\/jujuy\/wp-json\/wp\/v2\/categories?post=371028"},{"taxonomy":"post_tag","embeddable":true,"href":"https:\/\/notinor.com\/jujuy\/wp-json\/wp\/v2\/tags?post=371028"}],"curies":[{"name":"wp","href":"https:\/\/api.w.org\/{rel}","templated":true}]}}