{"id":371025,"date":"2023-02-16T10:00:28","date_gmt":"2023-02-16T13:00:28","guid":{"rendered":"https:\/\/notinor.com\/jujuy\/?p=371025"},"modified":"2023-02-16T10:00:32","modified_gmt":"2023-02-16T13:00:32","slug":"hospital-snopek-este-jueves-se-puso-en-funcionamiento-el-primer-retinografo-de-jujuy","status":"publish","type":"post","link":"https:\/\/notinor.com\/jujuy\/hospital-snopek-este-jueves-se-puso-en-funcionamiento-el-primer-retinografo-de-jujuy\/","title":{"rendered":"Hospital Snopek: este jueves se puso en funcionamiento el primer retin\u00f3grafo de Jujuy"},"content":{"rendered":"\n<p class=\"has-medium-font-size\"><strong><em>El equipo permite la detecci\u00f3n de patolog\u00edas de la retina, es fundamental para el seguimiento del glaucoma y la prevenci\u00f3n de la ceguera asociada a la diabetes.<\/em><\/strong><\/p>\n\n\n\n<p><\/p>\n\n\n<div class=\"wp-block-image\">\n<figure class=\"aligncenter size-large\"><img decoding=\"async\" loading=\"lazy\" width=\"667\" height=\"480\" src=\"https:\/\/notinor.com\/jujuy\/wp-content\/uploads\/2023\/02\/image-226-667x480.png\" alt=\"\" class=\"wp-image-371026\" srcset=\"https:\/\/notinor.com\/jujuy\/wp-content\/uploads\/2023\/02\/image-226-667x480.png 667w, https:\/\/notinor.com\/jujuy\/wp-content\/uploads\/2023\/02\/image-226-508x365.png 508w, https:\/\/notinor.com\/jujuy\/wp-content\/uploads\/2023\/02\/image-226-768x552.png 768w, https:\/\/notinor.com\/jujuy\/wp-content\/uploads\/2023\/02\/image-226-120x86.png 120w, https:\/\/notinor.com\/jujuy\/wp-content\/uploads\/2023\/02\/image-226-750x539.png 750w, https:\/\/notinor.com\/jujuy\/wp-content\/uploads\/2023\/02\/image-226-1140x820.png 1140w, https:\/\/notinor.com\/jujuy\/wp-content\/uploads\/2023\/02\/image-226.png 1200w\" sizes=\"(max-width: 667px) 100vw, 667px\" \/><\/figure><\/div>\n\n\n<p><\/p>\n\n\n\n<p>El Ministerio de Salud de Jujuy destac\u00f3 que <strong>este jueves entrar\u00e1 en funcionamiento el primer retin\u00f3grafo del sistema sanitario de la provincia, <\/strong>ya instalado en el Hospital \u201cDr. Carlos Snopek\u201d de Alto Comedero tras adquirirse con fondos del programa nacional Redes.<\/p>\n\n\n\n<p>El equipamiento gestionado por el gobierno y trav\u00e9s de Unidad Programas <strong>permite implementar en Jujuy por primera vez el Servicio de Teleoftalmolog\u00eda <\/strong>cuyo objetivo es asegurar cuidados adecuados a personas con enfermedades cr\u00f3nicas y facilitar acceso a los controles anuales que deben realizarse tal el caso del fondo de ojos para la detecci\u00f3n temprana de cualquier tipo de patolog\u00eda y evitar la ceguera asociada a la diabetes, segunda causa de discapacidad visual no traum\u00e1tica.<\/p>\n\n\n\n<p>El servicio vincula tecnolog\u00eda en equipamiento<strong>, telemedicina, gesti\u00f3n sanitaria y l\u00edneas de cuidado en primer y segundo nivel de atenci\u00f3n en un circuito que incluye el estudio en retin\u00f3grafo una vez al a\u00f1o,<\/strong> evaluaci\u00f3n de ese examen a trav\u00e9s de teleconsulta por el profesional oftalm\u00f3logo y desde all\u00ed, en caso de observar patolog\u00eda, derivaci\u00f3n para tratamiento u otras pr\u00e1cticas.<\/p>\n\n\n\n<p>Previo a la apertura a la comunidad, tambi\u00e9n se realiz\u00f3 la<strong> capacitaci\u00f3n a los profesionales a cargo.<\/strong><\/p>\n","protected":false},"excerpt":{"rendered":"<p>El equipo permite la detecci\u00f3n de patolog\u00edas de la retina, es fundamental para el seguimiento del glaucoma y la prevenci\u00f3n de la ceguera asociada a la diabetes. El Ministerio de Salud de Jujuy destac\u00f3 que este jueves entrar\u00e1 en funcionamiento el primer retin\u00f3grafo del sistema sanitario de la provincia, ya instalado en el Hospital \u201cDr. [&hellip;]<\/p>\n","protected":false},"author":37,"featured_media":371026,"comment_status":"open","ping_status":"open","sticky":false,"template":"","format":"standard","meta":{"_stopmodifiedupdate":false,"_modified_date":"","inline_featured_image":false,"spay_email":"","jetpack_publicize_message":""},"categories":[2],"tags":[19,98],"jetpack_featured_media_url":"https:\/\/notinor.com\/jujuy\/wp-content\/uploads\/2023\/02\/image-226.png","jetpack_publicize_connections":[],"_links":{"self":[{"href":"https:\/\/notinor.com\/jujuy\/wp-json\/wp\/v2\/posts\/371025"}],"collection":[{"href":"https:\/\/notinor.com\/jujuy\/wp-json\/wp\/v2\/posts"}],"about":[{"href":"https:\/\/notinor.com\/jujuy\/wp-json\/wp\/v2\/types\/post"}],"author":[{"embeddable":true,"href":"https:\/\/notinor.com\/jujuy\/wp-json\/wp\/v2\/users\/37"}],"replies":[{"embeddable":true,"href":"https:\/\/notinor.com\/jujuy\/wp-json\/wp\/v2\/comments?post=371025"}],"version-history":[{"count":1,"href":"https:\/\/notinor.com\/jujuy\/wp-json\/wp\/v2\/posts\/371025\/revisions"}],"predecessor-version":[{"id":371027,"href":"https:\/\/notinor.com\/jujuy\/wp-json\/wp\/v2\/posts\/371025\/revisions\/371027"}],"wp:featuredmedia":[{"embeddable":true,"href":"https:\/\/notinor.com\/jujuy\/wp-json\/wp\/v2\/media\/371026"}],"wp:attachment":[{"href":"https:\/\/notinor.com\/jujuy\/wp-json\/wp\/v2\/media?parent=371025"}],"wp:term":[{"taxonomy":"category","embeddable":true,"href":"https:\/\/notinor.com\/jujuy\/wp-json\/wp\/v2\/categories?post=371025"},{"taxonomy":"post_tag","embeddable":true,"href":"https:\/\/notinor.com\/jujuy\/wp-json\/wp\/v2\/tags?post=371025"}],"curies":[{"name":"wp","href":"https:\/\/api.w.org\/{rel}","templated":true}]}}