{"id":371020,"date":"2023-02-16T09:50:48","date_gmt":"2023-02-16T12:50:48","guid":{"rendered":"https:\/\/notinor.com\/jujuy\/?p=371020"},"modified":"2023-02-16T09:50:52","modified_gmt":"2023-02-16T12:50:52","slug":"ciudad-de-las-artes-docentes-y-directivos-recorrieron-la-obra","status":"publish","type":"post","link":"https:\/\/notinor.com\/jujuy\/ciudad-de-las-artes-docentes-y-directivos-recorrieron-la-obra\/","title":{"rendered":"Ciudad de las Artes: docentes y directivos recorrieron la obra"},"content":{"rendered":"\n<p class=\"has-medium-font-size\"><strong><em>Autoridades del IAAJ, del IES 4 y de las Escuelas de Danzas, de Teatro y de Artes recorrieron el predio donde se construye, con un 25% de avance a hoy, Ciudad de las Artes.<\/em><\/strong><\/p>\n\n\n\n<p><\/p>\n\n\n<div class=\"wp-block-image\">\n<figure class=\"aligncenter size-large\"><img decoding=\"async\" loading=\"lazy\" width=\"840\" height=\"473\" src=\"https:\/\/notinor.com\/jujuy\/wp-content\/uploads\/2023\/02\/image-223-840x473.png\" alt=\"\" class=\"wp-image-371021\" srcset=\"https:\/\/notinor.com\/jujuy\/wp-content\/uploads\/2023\/02\/image-223-840x473.png 840w, https:\/\/notinor.com\/jujuy\/wp-content\/uploads\/2023\/02\/image-223-649x365.png 649w, https:\/\/notinor.com\/jujuy\/wp-content\/uploads\/2023\/02\/image-223-768x432.png 768w, https:\/\/notinor.com\/jujuy\/wp-content\/uploads\/2023\/02\/image-223-750x422.png 750w, https:\/\/notinor.com\/jujuy\/wp-content\/uploads\/2023\/02\/image-223-1140x641.png 1140w, https:\/\/notinor.com\/jujuy\/wp-content\/uploads\/2023\/02\/image-223.png 1200w\" sizes=\"(max-width: 840px) 100vw, 840px\" \/><\/figure><\/div>\n\n\n<p><\/p>\n\n\n\n<p>El Gobierno de Jujuy avanza con las obras de Ciudad de las Artes en la capital provincial y convoc\u00f3 y recibi\u00f3 a autoridades de las instituciones de formaci\u00f3n y producci\u00f3n art\u00edstica que all\u00ed funcionar\u00e1n.<\/p>\n\n\n\n<p>Las autoridades fueron guiadas por el secretario de Planificaci\u00f3n, Ramiro Tejeda, quien en compa\u00f1\u00eda de la ministra de Educaci\u00f3n, Mar\u00eda Teresa Bovi, adentr\u00f3 a los educadores en detalles de avances de la gran obra <strong>iniciada en marzo pasado<\/strong>, se\u00f1alando en el terreno lo referido a los espacios de cada instituci\u00f3n.<\/p>\n\n\n\n<p><strong>\u201cCon la visita de las y los docentes y directores de las diferentes instituciones que le dar\u00e1n vida a Ciudad de las Artes en vistas al ciclo lectivo 2024, estamos logrando algo importante: que cada instituci\u00f3n pueda comenzar sus tareas durante 2023 incluyendo tambi\u00e9n la organizaci\u00f3n para estos nuevos espacios\u201d, expres\u00f3 Tejeda\u00a0<\/strong>durante la recorrida.<\/p>\n\n\n\n<p>Adem\u00e1s el secretario record\u00f3 que<strong> \u201cdurante el proceso de proyecto y tambi\u00e9n en el de obra venimos charlando con los responsables de las escuelas sobre los requerimientos y necesidades pedag\u00f3gicas de cada instituci\u00f3n, y continuamos trabajando juntos en ese sentido\"<\/strong>.<\/p>\n\n\n\n<p><\/p>\n\n\n<div class=\"wp-block-image\">\n<figure class=\"aligncenter size-large\"><img decoding=\"async\" loading=\"lazy\" width=\"840\" height=\"473\" src=\"https:\/\/notinor.com\/jujuy\/wp-content\/uploads\/2023\/02\/image-224-840x473.png\" alt=\"\" class=\"wp-image-371022\" srcset=\"https:\/\/notinor.com\/jujuy\/wp-content\/uploads\/2023\/02\/image-224-840x473.png 840w, https:\/\/notinor.com\/jujuy\/wp-content\/uploads\/2023\/02\/image-224-649x365.png 649w, https:\/\/notinor.com\/jujuy\/wp-content\/uploads\/2023\/02\/image-224-768x432.png 768w, https:\/\/notinor.com\/jujuy\/wp-content\/uploads\/2023\/02\/image-224-750x422.png 750w, https:\/\/notinor.com\/jujuy\/wp-content\/uploads\/2023\/02\/image-224-1140x641.png 1140w, https:\/\/notinor.com\/jujuy\/wp-content\/uploads\/2023\/02\/image-224.png 1200w\" sizes=\"(max-width: 840px) 100vw, 840px\" \/><\/figure><\/div>\n\n\n<p><\/p>\n\n\n\n<p>Inform\u00f3 asimismo que\u00a0<strong>\u201cla obra cuenta con un avance del 25% de ejecuci\u00f3n. Dos de las instituciones ya cuentan con un mayor avance de obra, una es el sector de MOCAP y set de filmaciones para la formaci\u00f3n y producci\u00f3n en artes audiovisuales, y la Escuela Provincial de Artes Medardo Pantoja\", <\/strong>ampli\u00f3.\u00a0<\/p>\n\n\n\n<p><strong>En el predio de Ciudad de las Artes hay m\u00e1s 100 operarios en obra y varias empresas proveedoras y contratistas tambi\u00e9n suman su trabajo a esta gran obra del Plan Maestro y el PROMACE, el cr\u00e9dito educativo que la provincia afronta gracias a la energ\u00eda de Cauchari <\/strong>que se vende al sistema interconectado nacional y le permite a la provincia afrontar estas obras para todos los juje\u00f1os y juje\u00f1as.<\/p>\n\n\n\n<p><strong>La ministra de Educaci\u00f3n a su vez destac\u00f3 la importancia de estar conectados con los directivos de las escuelas: \"junto al secretario de Planificaci\u00f3n invitamos a los directivos de las instituciones que van a formar parte de Ciudad de las Artes\"<\/strong>, \"estamos felices y orgullosos de estos espacios de encuentro, para que los docentes y directivos puedan hacer sugerencias sobre el desarrollo de los espacios de uso curricular, teniendo en cuenta que el mes de octubre est\u00e1 prevista la finalizaci\u00f3n de la obra, que est\u00e1 avanzando muy bien\u201d, sum\u00f3 Bici.<\/p>\n\n\n\n<p>En cuanto a la organizaci\u00f3n que lleva adelante el Ministerio de Educaci\u00f3n en relaci\u00f3n a la obra y las escuelas,\u00a0Bovi expres\u00f3 que<strong> \u201clas diferentes \u00e1reas del Ministerio y los directivos tenemos todo 2023 para cambiar la l\u00f3gica de funcionamiento de estas escuelas, hasta hoy ubicadas en diferentes puntos de la ciudad y que deber\u00e1n convivir juntas, y pensar a Ciudad de las Artes en organizaci\u00f3n m\u00e1s cercana a la universitaria, por eso estos encuentros y visitas donde todos los actores vemos el avance, la distribuci\u00f3n interna de cada instituci\u00f3n los espacios comunes nos permite pensar un plan de puesta en funcionamiento integral de cara al 2024\"<\/strong>.<\/p>\n\n\n\n<p>Cabe recordar que en Ciudad de las Artes funcionar\u00e1n diversas instituciones educativas del campo de las artes: la&nbsp;<strong>Escuela Medardo Pantoja<\/strong>, que ganar\u00e1 una ampliaci\u00f3n de su superficie cubierta a 2.700m2 y una semicubierta de 1.400m2.En el caso de la&nbsp;<strong>Escuela de Danzas Norma Fontenla<\/strong>, \u00e9sta contar\u00e1 una superficie cubierta de 1.350m2 y semicubierta de 700m2. La&nbsp;<strong>Escuela de Teatro Tito Guerra&nbsp;<\/strong>podr\u00e1 contar tambi\u00e9n con una superficie cubierta de 1.350m2 y semicubierta de 700m2. Y se sumar\u00e1 tambi\u00e9n el<strong>&nbsp;Instituto del Cine&nbsp;<\/strong>y&nbsp;<strong>Sets de filmaci\u00f3n<\/strong>, con una superficie cubierta de 2.200m2 y semicubierta de 600m2.<\/p>\n\n\n\n<p><\/p>\n\n\n<div class=\"wp-block-image\">\n<figure class=\"aligncenter size-large\"><img decoding=\"async\" loading=\"lazy\" width=\"720\" height=\"480\" src=\"https:\/\/notinor.com\/jujuy\/wp-content\/uploads\/2023\/02\/image-225-720x480.png\" alt=\"\" class=\"wp-image-371023\" srcset=\"https:\/\/notinor.com\/jujuy\/wp-content\/uploads\/2023\/02\/image-225-720x480.png 720w, https:\/\/notinor.com\/jujuy\/wp-content\/uploads\/2023\/02\/image-225-548x365.png 548w, https:\/\/notinor.com\/jujuy\/wp-content\/uploads\/2023\/02\/image-225-768x512.png 768w, https:\/\/notinor.com\/jujuy\/wp-content\/uploads\/2023\/02\/image-225-750x500.png 750w, https:\/\/notinor.com\/jujuy\/wp-content\/uploads\/2023\/02\/image-225-1140x760.png 1140w, https:\/\/notinor.com\/jujuy\/wp-content\/uploads\/2023\/02\/image-225.png 1200w\" sizes=\"(max-width: 720px) 100vw, 720px\" \/><\/figure><\/div>","protected":false},"excerpt":{"rendered":"<p>Autoridades del IAAJ, del IES 4 y de las Escuelas de Danzas, de Teatro y de Artes recorrieron el predio donde se construye, con un 25% de avance a hoy, Ciudad de las Artes. El Gobierno de Jujuy avanza con las obras de Ciudad de las Artes en la capital provincial y convoc\u00f3 y recibi\u00f3 [&hellip;]<\/p>\n","protected":false},"author":37,"featured_media":371021,"comment_status":"open","ping_status":"open","sticky":false,"template":"","format":"standard","meta":{"_stopmodifiedupdate":false,"_modified_date":"","inline_featured_image":false,"spay_email":"","jetpack_publicize_message":""},"categories":[2],"tags":[19],"jetpack_featured_media_url":"https:\/\/notinor.com\/jujuy\/wp-content\/uploads\/2023\/02\/image-223.png","jetpack_publicize_connections":[],"_links":{"self":[{"href":"https:\/\/notinor.com\/jujuy\/wp-json\/wp\/v2\/posts\/371020"}],"collection":[{"href":"https:\/\/notinor.com\/jujuy\/wp-json\/wp\/v2\/posts"}],"about":[{"href":"https:\/\/notinor.com\/jujuy\/wp-json\/wp\/v2\/types\/post"}],"author":[{"embeddable":true,"href":"https:\/\/notinor.com\/jujuy\/wp-json\/wp\/v2\/users\/37"}],"replies":[{"embeddable":true,"href":"https:\/\/notinor.com\/jujuy\/wp-json\/wp\/v2\/comments?post=371020"}],"version-history":[{"count":1,"href":"https:\/\/notinor.com\/jujuy\/wp-json\/wp\/v2\/posts\/371020\/revisions"}],"predecessor-version":[{"id":371024,"href":"https:\/\/notinor.com\/jujuy\/wp-json\/wp\/v2\/posts\/371020\/revisions\/371024"}],"wp:featuredmedia":[{"embeddable":true,"href":"https:\/\/notinor.com\/jujuy\/wp-json\/wp\/v2\/media\/371021"}],"wp:attachment":[{"href":"https:\/\/notinor.com\/jujuy\/wp-json\/wp\/v2\/media?parent=371020"}],"wp:term":[{"taxonomy":"category","embeddable":true,"href":"https:\/\/notinor.com\/jujuy\/wp-json\/wp\/v2\/categories?post=371020"},{"taxonomy":"post_tag","embeddable":true,"href":"https:\/\/notinor.com\/jujuy\/wp-json\/wp\/v2\/tags?post=371020"}],"curies":[{"name":"wp","href":"https:\/\/api.w.org\/{rel}","templated":true}]}}