{"id":370757,"date":"2023-02-13T11:18:16","date_gmt":"2023-02-13T14:18:16","guid":{"rendered":"https:\/\/notinor.com\/jujuy\/?p=370757"},"modified":"2023-02-13T11:18:20","modified_gmt":"2023-02-13T14:18:20","slug":"alertan-que-la-mayoria-de-las-economias-regionales-estan-en-crisis-por-la-sequia-y-los-altos-costos","status":"publish","type":"post","link":"https:\/\/notinor.com\/jujuy\/alertan-que-la-mayoria-de-las-economias-regionales-estan-en-crisis-por-la-sequia-y-los-altos-costos\/","title":{"rendered":"Alertan que la mayor\u00eda de las econom\u00edas regionales est\u00e1n en crisis por la sequ\u00eda y los altos costos"},"content":{"rendered":"\n<p class=\"has-medium-font-size\"><strong><em>Un informe de Coninagro indic\u00f3 que 13 de las 19 producciones analizadas est\u00e1n con los n\u00fameros \u201cen rojo\u201d.<\/em><\/strong><\/p>\n\n\n\n<p><\/p>\n\n\n<div class=\"wp-block-image\">\n<figure class=\"aligncenter size-large\"><img decoding=\"async\" loading=\"lazy\" width=\"840\" height=\"473\" src=\"https:\/\/notinor.com\/jujuy\/wp-content\/uploads\/2023\/02\/image-194-840x473.png\" alt=\"\" class=\"wp-image-370760\" srcset=\"https:\/\/notinor.com\/jujuy\/wp-content\/uploads\/2023\/02\/image-194-840x473.png 840w, https:\/\/notinor.com\/jujuy\/wp-content\/uploads\/2023\/02\/image-194-649x365.png 649w, https:\/\/notinor.com\/jujuy\/wp-content\/uploads\/2023\/02\/image-194-768x432.png 768w, https:\/\/notinor.com\/jujuy\/wp-content\/uploads\/2023\/02\/image-194-750x422.png 750w, https:\/\/notinor.com\/jujuy\/wp-content\/uploads\/2023\/02\/image-194-1140x641.png 1140w, https:\/\/notinor.com\/jujuy\/wp-content\/uploads\/2023\/02\/image-194.png 1200w\" sizes=\"(max-width: 840px) 100vw, 840px\" \/><\/figure><\/div>\n\n\n<p><\/p>\n\n\n\n<p>Desde\u00a0<strong>Coninagro<\/strong>, una de las 4 entidades que integra la\u00a0<strong>mesa de enlace,\u00a0<\/strong>alertaron que\u00a0<strong>13 de 19 econom\u00edas regionales<\/strong>\u00a0se encuentran actualmente\u00a0<strong>en \u201ccrisis\u201d<\/strong>. Mientras que las restantes 6 est\u00e1n en estado de \u201cadvertencia\u201d y ninguna muestra signos de crecimiento.<\/p>\n\n\n\n<p>Se trata del \u201csem\u00e1foro de las econom\u00edas regionales\u201d, que elabora la gremial que preside\u00a0<strong>Elbio Laucirica<\/strong>. En base a las cifras que surgen del an\u00e1lisis realizado durante diciembre pasado, Laucirica hizo un panorama general de las actividades productivas que monitorearon.<\/p>\n\n\n\n<p>\u201c<strong>El 90% de nuestras econom\u00edas regionales est\u00e1n en crisis, no solamente por la sequ\u00eda, sino por las inclemencias clim\u00e1ticas en su conjunto como granizo y heladas.<\/strong>&nbsp;Pero adem\u00e1s de estos factores coyunturales o circunstanciales, volvemos a recaer sobre la falta de pol\u00edticas p\u00fablicas sostenibles que otorguen previsibilidad. De esta manera, no estamos aprovechando oportunidades de lo que demanda y requiere el mundo, como biocombustibles y alimentos saludables producidos en ambientes sustentables\u201d, remarc\u00f3 el productor de la localidad bonaerense de Rauch.<\/p>\n\n\n\n<p>En tanto, desde el \u00c1rea de Econom\u00eda de Coninagro afirmaron que el estudio \u201cmuestra a la mayor\u00eda de las producciones en rojo, algunas en amarillo, y el principal factor entre el negocio, la esfera productiva y tambi\u00e9n el mercado, sigue siendo el<strong>\u00a0aumento en los costos,<\/strong>\u00a0con algunas recomposiciones de precios puntuales\u201d.<\/p>\n\n\n\n<p><\/p>\n\n\n<div class=\"wp-block-image\">\n<figure class=\"aligncenter size-large\"><img decoding=\"async\" loading=\"lazy\" width=\"840\" height=\"478\" src=\"https:\/\/notinor.com\/jujuy\/wp-content\/uploads\/2023\/02\/image-192-840x478.png\" alt=\"\" class=\"wp-image-370758\" srcset=\"https:\/\/notinor.com\/jujuy\/wp-content\/uploads\/2023\/02\/image-192-840x478.png 840w, https:\/\/notinor.com\/jujuy\/wp-content\/uploads\/2023\/02\/image-192-641x365.png 641w, https:\/\/notinor.com\/jujuy\/wp-content\/uploads\/2023\/02\/image-192-768x437.png 768w, https:\/\/notinor.com\/jujuy\/wp-content\/uploads\/2023\/02\/image-192-750x427.png 750w, https:\/\/notinor.com\/jujuy\/wp-content\/uploads\/2023\/02\/image-192-1140x649.png 1140w, https:\/\/notinor.com\/jujuy\/wp-content\/uploads\/2023\/02\/image-192.png 1440w\" sizes=\"(max-width: 840px) 100vw, 840px\" \/><\/figure><\/div>\n\n\n<p><\/p>\n\n\n\n<h2 class=\"has-medium-font-size\"><strong>La sequ\u00eda impacta sobre el campo<\/strong><\/h2>\n\n\n\n<p>Sobre eso, la t\u00e9cnica de Coninagro,&nbsp;<strong>Silvina Campos Carl\u00e9s,<\/strong>&nbsp;consider\u00f3 que la parte productiva y de mercado son las m\u00e1s afectadas. \u201cEn la zona donde puede haber producci\u00f3n se levanta el precio pero por faltante, y en otras zonas est\u00e1 afectando la sequ\u00eda, la reducci\u00f3n de superficies sembradas respectos a campa\u00f1as anteriores\u201d.<\/p>\n\n\n\n<p>\u201cTambi\u00e9n<strong>&nbsp;se observan stocks disminuidos o no tan recuperados<\/strong>,&nbsp;<strong>excepto en ganader\u00eda&nbsp;<\/strong>que se espera un poco m\u00e1s de stock pero hacia adelante. En lo referido al mercado local, el consumidor no est\u00e1 validando subas en cantidades y en el plano internacional no se prev\u00e9n subas importantes en valores\u201d, a\u00f1adi\u00f3.<\/p>\n\n\n\n<p>En otro orden, se expres\u00f3\u00a0<strong>Juan Salvay,\u00a0<\/strong>consejero de Coninagro en C\u00f3rdoba y productor de granos. \u201cVenimos de un tercer a\u00f1o con<strong>\u00a0La Ni\u00f1a<\/strong>\u00a0(fen\u00f3meno que provoca escasez de lluvias). Entonces, comenzamos sembrando una fina con poco perfil de agua, el cultivo se fue desarrollando bien, con algunas lluvias intermedias, pero despu\u00e9s\u00a0<strong>las heladas, tanto tempranas como tard\u00edas, hicieron que fracasara la cosecha fina,<\/strong>\u00a0<strong>especialmente el trigo, reportando p\u00e9rdidas de entre el 50% y 70%\u201d,\u00a0<\/strong>lament\u00f3.<\/p>\n\n\n\n<p>\u201cLa campa\u00f1a gruesa de ma\u00edz y de soja estuvo impactada por la sequ\u00eda, con poca humedad, en los primeros cultivos no hubo solo falta de agua, sino tambi\u00e9n temperaturas superiores a las normales y esto afect\u00f3 a la flor y polinizaci\u00f3n del ma\u00edz, al desarrollo del ma\u00edz y de la soja, con grandes da\u00f1os,&nbsp;<strong>los ma\u00edces con buen paquete tecnol\u00f3gico estimamos estar\u00e1n entre el 50% del rinde estimado<\/strong>\u201d, refiri\u00f3 Salvay.<\/p>\n\n\n\n<p>En tanto, el dirigente redonde\u00f3: \u201cLos cultivos de segunda ya han recibido alg\u00fan aporte de agua de lluvias de fin de a\u00f1o o enero y tienen otra performance, tambi\u00e9n implica que se han sembrado m\u00e1s tarde de lo normal y la proyecci\u00f3n es que los rindes no sean los esperados al final de la campa\u00f1a\u201d.<\/p>\n\n\n\n<p><\/p>\n\n\n<div class=\"wp-block-image\">\n<figure class=\"aligncenter size-large\"><img decoding=\"async\" loading=\"lazy\" width=\"840\" height=\"480\" src=\"https:\/\/notinor.com\/jujuy\/wp-content\/uploads\/2023\/02\/image-193-840x480.png\" alt=\"\" class=\"wp-image-370759\" srcset=\"https:\/\/notinor.com\/jujuy\/wp-content\/uploads\/2023\/02\/image-193-840x480.png 840w, https:\/\/notinor.com\/jujuy\/wp-content\/uploads\/2023\/02\/image-193-639x365.png 639w, https:\/\/notinor.com\/jujuy\/wp-content\/uploads\/2023\/02\/image-193-768x438.png 768w, https:\/\/notinor.com\/jujuy\/wp-content\/uploads\/2023\/02\/image-193-750x428.png 750w, https:\/\/notinor.com\/jujuy\/wp-content\/uploads\/2023\/02\/image-193-1140x651.png 1140w, https:\/\/notinor.com\/jujuy\/wp-content\/uploads\/2023\/02\/image-193.png 1440w\" sizes=\"(max-width: 840px) 100vw, 840px\" \/><\/figure><\/div>\n\n\n<p><\/p>\n\n\n\n<p>Para otorgar un panorama federal, el productor citr\u00edcola\u00a0<strong>Nicol\u00e1s Carlino,\u00a0<\/strong>consejero de Coninagro y presidente de la\u00a0<strong>Federaci\u00f3n de Cooperativas de Corrientes (FEDECOOP)<\/strong>, evalu\u00f3 la situaci\u00f3n en la zona del litoral.<\/p>\n\n\n\n<p>\u201cVenimos de&nbsp;<strong>3 a\u00f1os muy complicados, con un d\u00e9ficit h\u00eddrico muy marcado en la provincia.&nbsp;<\/strong>Esa falta de agua se est\u00e1 notando fuerte, para ejemplificar, en la zona centro sur de Corrientes en el 2022 llovi\u00f3 un 47% menos que la media normal.&nbsp;<strong>No reponer esa falta de agua nos ha llevado a una crisis en todas las actividades productivas<\/strong>\u201d, puntualiz\u00f3.<\/p>\n\n\n\n<p>El dirigente coment\u00f3 que desde el INTA se estim\u00f3 que el\u00a0<strong>sector ganadero,<\/strong>\u00a0en la zona\u00a0<strong>centro-sur de Corrientes<\/strong>, entrar\u00e1 al invierno solamente con un 20% de la reserva de materia seca o pasto para que los animales puedan pasar el invierno.<\/p>\n\n\n\n<p>\u201cPasaremos de 4 mil kilos de materia seca a mil kilos para alimentar a animales. Eso no podemos suplirlo con verdeo, no tenemos agua y se viene un panorama complicado\u201d, sostuvo Carlino.<\/p>\n\n\n\n<p>\u201cAl empezar a caer la oferta, el precio puede aumentar, el productor no maneja eso, es un tema de mercado y demanda. Por la ca\u00edda de la producci\u00f3n, sumada a la demanda sostenida y la baja oferta, los precios pueden aumentar. En enero,<strong>&nbsp;la producci\u00f3n citr\u00edcola se ha quedado sin fruta en c\u00e1mara, algo impensado para la \u00e9poca y el productor pas\u00f3 a trabajar la fruta en c\u00e1mara,<\/strong>&nbsp;lo que supone costos de cosecha, proceso, energ\u00eda el\u00e9ctrica, entre otras, y a veces en esa distorsi\u00f3n la fruta pierde calidad y calibre, que ser\u00eda el tama\u00f1o\u201d, concluy\u00f3.<\/p>\n","protected":false},"excerpt":{"rendered":"<p>Un informe de Coninagro indic\u00f3 que 13 de las 19 producciones analizadas est\u00e1n con los n\u00fameros \u201cen rojo\u201d. Desde\u00a0Coninagro, una de las 4 entidades que integra la\u00a0mesa de enlace,\u00a0alertaron que\u00a013 de 19 econom\u00edas regionales\u00a0se encuentran actualmente\u00a0en \u201ccrisis\u201d. Mientras que las restantes 6 est\u00e1n en estado de \u201cadvertencia\u201d y ninguna muestra signos de crecimiento. Se trata [&hellip;]<\/p>\n","protected":false},"author":37,"featured_media":370760,"comment_status":"open","ping_status":"open","sticky":false,"template":"","format":"standard","meta":{"_stopmodifiedupdate":false,"_modified_date":"","inline_featured_image":false,"spay_email":"","jetpack_publicize_message":""},"categories":[2542],"tags":[],"jetpack_featured_media_url":"https:\/\/notinor.com\/jujuy\/wp-content\/uploads\/2023\/02\/image-194.png","jetpack_publicize_connections":[],"_links":{"self":[{"href":"https:\/\/notinor.com\/jujuy\/wp-json\/wp\/v2\/posts\/370757"}],"collection":[{"href":"https:\/\/notinor.com\/jujuy\/wp-json\/wp\/v2\/posts"}],"about":[{"href":"https:\/\/notinor.com\/jujuy\/wp-json\/wp\/v2\/types\/post"}],"author":[{"embeddable":true,"href":"https:\/\/notinor.com\/jujuy\/wp-json\/wp\/v2\/users\/37"}],"replies":[{"embeddable":true,"href":"https:\/\/notinor.com\/jujuy\/wp-json\/wp\/v2\/comments?post=370757"}],"version-history":[{"count":1,"href":"https:\/\/notinor.com\/jujuy\/wp-json\/wp\/v2\/posts\/370757\/revisions"}],"predecessor-version":[{"id":370761,"href":"https:\/\/notinor.com\/jujuy\/wp-json\/wp\/v2\/posts\/370757\/revisions\/370761"}],"wp:featuredmedia":[{"embeddable":true,"href":"https:\/\/notinor.com\/jujuy\/wp-json\/wp\/v2\/media\/370760"}],"wp:attachment":[{"href":"https:\/\/notinor.com\/jujuy\/wp-json\/wp\/v2\/media?parent=370757"}],"wp:term":[{"taxonomy":"category","embeddable":true,"href":"https:\/\/notinor.com\/jujuy\/wp-json\/wp\/v2\/categories?post=370757"},{"taxonomy":"post_tag","embeddable":true,"href":"https:\/\/notinor.com\/jujuy\/wp-json\/wp\/v2\/tags?post=370757"}],"curies":[{"name":"wp","href":"https:\/\/api.w.org\/{rel}","templated":true}]}}