{"id":370648,"date":"2023-02-11T16:15:00","date_gmt":"2023-02-11T19:15:00","guid":{"rendered":"https:\/\/notinor.com\/jujuy\/?p=370648"},"modified":"2023-02-10T20:21:29","modified_gmt":"2023-02-10T23:21:29","slug":"lionel-messi-finalista-al-the-best","status":"publish","type":"post","link":"https:\/\/notinor.com\/jujuy\/lionel-messi-finalista-al-the-best\/","title":{"rendered":"Lionel Messi, finalista al The Best"},"content":{"rendered":"\n<p class=\"has-medium-font-size\"><strong><em>El capit\u00e1n de la Selecci\u00f3n Argentina compite mano a mano con Karim Benzema y Kylian Mbapp\u00e9 para ser elegido como el mejor futbolista del mundo en la temporada. La gala ser\u00e1 el 27 de febrero en Par\u00eds.<\/em><\/strong><\/p>\n\n\n\n<p><\/p>\n\n\n<div class=\"wp-block-image\">\n<figure class=\"aligncenter size-large\"><img decoding=\"async\" loading=\"lazy\" width=\"840\" height=\"473\" src=\"https:\/\/notinor.com\/jujuy\/wp-content\/uploads\/2023\/02\/image-182-840x473.png\" alt=\"\" class=\"wp-image-370649\" srcset=\"https:\/\/notinor.com\/jujuy\/wp-content\/uploads\/2023\/02\/image-182-840x473.png 840w, https:\/\/notinor.com\/jujuy\/wp-content\/uploads\/2023\/02\/image-182-649x365.png 649w, https:\/\/notinor.com\/jujuy\/wp-content\/uploads\/2023\/02\/image-182-768x432.png 768w, https:\/\/notinor.com\/jujuy\/wp-content\/uploads\/2023\/02\/image-182-750x422.png 750w, https:\/\/notinor.com\/jujuy\/wp-content\/uploads\/2023\/02\/image-182.png 862w\" sizes=\"(max-width: 840px) 100vw, 840px\" \/><\/figure><\/div>\n\n\n<p><\/p>\n\n\n\n<p><strong>Lionel Messi, capit\u00e1n y m\u00e1ximo s\u00edmbolo de la Selecci\u00f3n Argentina que conquist\u00f3 el Mundial de Qatar 2022,\u00a0est\u00e1 entre los tres finalistas al The Best<\/strong>, premio de la FIFA que \"reconoce a los jugadores m\u00e1s destacados del f\u00fatbol masculino entre el 8 de agosto de 2021 y el 18 de diciembre de 2022\".<\/p>\n\n\n\n<p>El astro rosarino competir\u00e1 mano a mano contra dos delanteros franceses:&nbsp;<strong>Karim Benzema<\/strong>&nbsp;(una de las grandes figuras del Real Madrid que se coron\u00f3 en la Champions League) y<strong>&nbsp;Kylian Mbapp\u00e9<\/strong>&nbsp;(su compa\u00f1ero en el PSG y la principal estrella de Francia en la \u00faltima Copa del Mundo).<\/p>\n\n\n\n<p>\"Messi protagoniz\u00f3 una serie de actuaciones fascinantes que llevaron a Argentina a la gloria en la Copa Mundial de la FIFA 2022<strong>. El genial n\u00famero 10 fue el talism\u00e1n de Argentina en Qatar, marcando siete goles -incluyendo un doblete en aquella inolvidable victoria final sobre Francia-<\/strong>\u00a0y dando tres asistencias durante el torneo. Sus compa\u00f1eros de equipo tambi\u00e9n mencionaron a menudo su liderazgo como un factor esencial en el \u00e9xito del equipo\", detallaron desde la FIFA en el comunicado oficial anunciando los finalistas.<\/p>\n\n\n\n<h2 class=\"has-medium-font-size\"><strong>Cu\u00e1ndo es la ceremonia del The Best<\/strong><\/h2>\n\n\n\n<p>La ceremonia de premiaci\u00f3n en la que s<strong>e conocer\u00e1 a los ganadores al The Best&nbsp;<\/strong>(a las diferentes categor\u00edas) se desarrollar\u00e1 el pr\u00f3ximo&nbsp;<strong>27 de febrero en Par\u00eds, Francia.<\/strong><\/p>\n\n\n\n<h2 class=\"has-medium-font-size\"><strong>Lionel Messi, ante la chance de un nuevo The Best<\/strong><\/h2>\n\n\n\n<p>La Pulga, quien tiene siete Balones de Oro, ya gan\u00f3 el<strong>&nbsp;The Best de la FIFA<\/strong>&nbsp;en una oportunidad: en 2019 se impuso a Virgil Van Dijk y Cristiano Ronaldo en la votaci\u00f3n y se qued\u00f3 con el galard\u00f3n.<\/p>\n\n\n\n<h2 class=\"has-medium-font-size\"><strong>Dibu Mart\u00ednez y Lionel Scaloni, los otros argentinos que compiten por The Best<\/strong><\/h2>\n\n\n\n<p><strong>Emiliano Mart\u00ednez<\/strong>, arquero de la Selecci\u00f3n Argentina, est\u00e1 entre los finalistas al The Best a mejor arquero: compite con Thibaut Courtois (de excelente nivel en el Real Madrid campe\u00f3n la Champions League) y Yassine Bounou, m\u00e1s conocido como Bono (sorprendi\u00f3 con Marruecos, que hizo historia al finalizar cuarto en Qatar).<\/p>\n\n\n\n<p>Por su parte, el DT oriundo de Pujato, quien actualmente negocia su renovaci\u00f3n de contrato para continuar al frente de la Albiceleste, comparte terna con<strong>&nbsp;Pep Guardiola<\/strong>&nbsp;(campe\u00f3n de la Premier League en la \u00faltima temporada) y&nbsp;<strong>Carlo Ancelotti<\/strong>&nbsp;(que conquist\u00f3 la Champions League con el Real Madrid, equipo que ayer alcanz\u00f3 la final del Mundial de Clubes).<\/p>\n","protected":false},"excerpt":{"rendered":"<p>El capit\u00e1n de la Selecci\u00f3n Argentina compite mano a mano con Karim Benzema y Kylian Mbapp\u00e9 para ser elegido como el mejor futbolista del mundo en la temporada. La gala ser\u00e1 el 27 de febrero en Par\u00eds. Lionel Messi, capit\u00e1n y m\u00e1ximo s\u00edmbolo de la Selecci\u00f3n Argentina que conquist\u00f3 el Mundial de Qatar 2022,\u00a0est\u00e1 entre [&hellip;]<\/p>\n","protected":false},"author":37,"featured_media":370649,"comment_status":"open","ping_status":"open","sticky":false,"template":"","format":"standard","meta":{"_stopmodifiedupdate":false,"_modified_date":"","inline_featured_image":false,"spay_email":"","jetpack_publicize_message":""},"categories":[7],"tags":[],"jetpack_featured_media_url":"https:\/\/notinor.com\/jujuy\/wp-content\/uploads\/2023\/02\/image-182.png","jetpack_publicize_connections":[],"_links":{"self":[{"href":"https:\/\/notinor.com\/jujuy\/wp-json\/wp\/v2\/posts\/370648"}],"collection":[{"href":"https:\/\/notinor.com\/jujuy\/wp-json\/wp\/v2\/posts"}],"about":[{"href":"https:\/\/notinor.com\/jujuy\/wp-json\/wp\/v2\/types\/post"}],"author":[{"embeddable":true,"href":"https:\/\/notinor.com\/jujuy\/wp-json\/wp\/v2\/users\/37"}],"replies":[{"embeddable":true,"href":"https:\/\/notinor.com\/jujuy\/wp-json\/wp\/v2\/comments?post=370648"}],"version-history":[{"count":1,"href":"https:\/\/notinor.com\/jujuy\/wp-json\/wp\/v2\/posts\/370648\/revisions"}],"predecessor-version":[{"id":370651,"href":"https:\/\/notinor.com\/jujuy\/wp-json\/wp\/v2\/posts\/370648\/revisions\/370651"}],"wp:featuredmedia":[{"embeddable":true,"href":"https:\/\/notinor.com\/jujuy\/wp-json\/wp\/v2\/media\/370649"}],"wp:attachment":[{"href":"https:\/\/notinor.com\/jujuy\/wp-json\/wp\/v2\/media?parent=370648"}],"wp:term":[{"taxonomy":"category","embeddable":true,"href":"https:\/\/notinor.com\/jujuy\/wp-json\/wp\/v2\/categories?post=370648"},{"taxonomy":"post_tag","embeddable":true,"href":"https:\/\/notinor.com\/jujuy\/wp-json\/wp\/v2\/tags?post=370648"}],"curies":[{"name":"wp","href":"https:\/\/api.w.org\/{rel}","templated":true}]}}