{"id":370613,"date":"2023-02-11T16:30:00","date_gmt":"2023-02-11T19:30:00","guid":{"rendered":"https:\/\/notinor.com\/jujuy\/?p=370613"},"modified":"2023-02-10T18:34:32","modified_gmt":"2023-02-10T21:34:32","slug":"convocan-a-profesionales-de-enfermeria-para-cubrir-cargos-en-el-interior-de-jujuy","status":"publish","type":"post","link":"https:\/\/notinor.com\/jujuy\/convocan-a-profesionales-de-enfermeria-para-cubrir-cargos-en-el-interior-de-jujuy\/","title":{"rendered":"Convocan a profesionales de Enfermer\u00eda para cubrir cargos en el interior de Jujuy"},"content":{"rendered":"\n<p class=\"has-medium-font-size\"><strong><em>Las convocatorias buscan cubrir vacantes en hospitales de Calilegua y Libertador General San Mart\u00edn.<\/em><\/strong><\/p>\n\n\n\n<p><\/p>\n\n\n<div class=\"wp-block-image\">\n<figure class=\"aligncenter size-large\"><img decoding=\"async\" loading=\"lazy\" width=\"719\" height=\"480\" src=\"https:\/\/notinor.com\/jujuy\/wp-content\/uploads\/2023\/02\/image-180-719x480.png\" alt=\"\" class=\"wp-image-370614\" srcset=\"https:\/\/notinor.com\/jujuy\/wp-content\/uploads\/2023\/02\/image-180-719x480.png 719w, https:\/\/notinor.com\/jujuy\/wp-content\/uploads\/2023\/02\/image-180-547x365.png 547w, https:\/\/notinor.com\/jujuy\/wp-content\/uploads\/2023\/02\/image-180-768x513.png 768w, https:\/\/notinor.com\/jujuy\/wp-content\/uploads\/2023\/02\/image-180-750x501.png 750w, https:\/\/notinor.com\/jujuy\/wp-content\/uploads\/2023\/02\/image-180-1140x761.png 1140w, https:\/\/notinor.com\/jujuy\/wp-content\/uploads\/2023\/02\/image-180.png 1200w\" sizes=\"(max-width: 719px) 100vw, 719px\" \/><\/figure><\/div>\n\n\n<p><\/p>\n\n\n\n<p>El Ministerio de Salud de Jujuy inform\u00f3 sobre la d<strong>isponibilidad de los concursos de antecedentes y oposici\u00f3n abiertos para cubrir dos (2) cargos de profesional en Enfermer\u00eda en el Hospital Calilegua <\/strong>cuyas inscripciones se registran hasta el domingo 12 de febrero inclusive (Resoluci\u00f3n 005)<strong> y un (1) cargo de profesional en Enfermer\u00eda en el Hospital Oscar Or\u00edas de Libertador Gral. San Mart\u00edn<\/strong> para el cual se inscribe hasta el lunes 13 de febrero inclusive (Resoluci\u00f3n 008).<\/p>\n\n\n\n<p>Ambas instancias, de car\u00e1cter abierto, est\u00e1n destinadas a quienes cuenten con<strong> T\u00edtulo Universitario<\/strong>, recordando que la inscripci\u00f3n se encuentra habilitada ingresando a\u00a0<a href=\"http:\/\/salud.jujuy.gob.ar\/direccion-provincial-de-gestion-y-desarrollo-del-factor-humano\/#1606484242093-5b7cc2ae-c5f1\" target=\"_blank\" rel=\"noreferrer noopener\">http:\/\/salud.jujuy.gob.ar\/direccion-provincial-de-gestion-y-desarrollo-del-factor-humano\/#1606484242093-5b7cc2ae-c5f1\u00a0<\/a>y haciendo click a la izquierda en \u201cRamal II\u201d.<\/p>\n\n\n\n<p>Para la postulaci\u00f3n son indispensables los siguientes requisitos:<strong> fotocopia certificada por escribano p\u00fablico del T\u00edtulo profesional y anal\u00edtico; original de la constancia de Matr\u00edcula Habilitante emitida por el Colegio de Enfermeros de Jujuy actualizada 2023; fotocopia de DNI anverso y reverso; fotocopia de Planilla Prontuarial emitida por la Polic\u00eda de la Provincia actualizada a 2023; Certificado de Residencia original y actualizada 2023; constancia de CUIL y Curr\u00edculum Vitae actualizado firmado por el postulante en cada hoja.<\/strong><\/p>\n\n\n\n<p>La lista de postulantes inscriptos se publicar\u00e1 en la jornada posterior a cada cierre de inscripciones, tras lo cual se reunir\u00e1 el Tribunal para la evaluaci\u00f3n, an\u00e1lisis y puntuaci\u00f3n de los antecedentes, evaluaci\u00f3n t\u00e9cnica, confecci\u00f3n de listado del orden de m\u00e9rito por antecedentes y de postulantes excluido<strong>s, determinar\u00e1 luego la fecha de la evaluaci\u00f3n t\u00e9cnica y la entrevista personal.<\/strong><\/p>\n","protected":false},"excerpt":{"rendered":"<p>Las convocatorias buscan cubrir vacantes en hospitales de Calilegua y Libertador General San Mart\u00edn. El Ministerio de Salud de Jujuy inform\u00f3 sobre la disponibilidad de los concursos de antecedentes y oposici\u00f3n abiertos para cubrir dos (2) cargos de profesional en Enfermer\u00eda en el Hospital Calilegua cuyas inscripciones se registran hasta el domingo 12 de febrero [&hellip;]<\/p>\n","protected":false},"author":37,"featured_media":370614,"comment_status":"open","ping_status":"open","sticky":false,"template":"","format":"standard","meta":{"_stopmodifiedupdate":false,"_modified_date":"","inline_featured_image":false,"spay_email":"","jetpack_publicize_message":""},"categories":[4],"tags":[],"jetpack_featured_media_url":"https:\/\/notinor.com\/jujuy\/wp-content\/uploads\/2023\/02\/image-180.png","jetpack_publicize_connections":[],"_links":{"self":[{"href":"https:\/\/notinor.com\/jujuy\/wp-json\/wp\/v2\/posts\/370613"}],"collection":[{"href":"https:\/\/notinor.com\/jujuy\/wp-json\/wp\/v2\/posts"}],"about":[{"href":"https:\/\/notinor.com\/jujuy\/wp-json\/wp\/v2\/types\/post"}],"author":[{"embeddable":true,"href":"https:\/\/notinor.com\/jujuy\/wp-json\/wp\/v2\/users\/37"}],"replies":[{"embeddable":true,"href":"https:\/\/notinor.com\/jujuy\/wp-json\/wp\/v2\/comments?post=370613"}],"version-history":[{"count":1,"href":"https:\/\/notinor.com\/jujuy\/wp-json\/wp\/v2\/posts\/370613\/revisions"}],"predecessor-version":[{"id":370616,"href":"https:\/\/notinor.com\/jujuy\/wp-json\/wp\/v2\/posts\/370613\/revisions\/370616"}],"wp:featuredmedia":[{"embeddable":true,"href":"https:\/\/notinor.com\/jujuy\/wp-json\/wp\/v2\/media\/370614"}],"wp:attachment":[{"href":"https:\/\/notinor.com\/jujuy\/wp-json\/wp\/v2\/media?parent=370613"}],"wp:term":[{"taxonomy":"category","embeddable":true,"href":"https:\/\/notinor.com\/jujuy\/wp-json\/wp\/v2\/categories?post=370613"},{"taxonomy":"post_tag","embeddable":true,"href":"https:\/\/notinor.com\/jujuy\/wp-json\/wp\/v2\/tags?post=370613"}],"curies":[{"name":"wp","href":"https:\/\/api.w.org\/{rel}","templated":true}]}}