{"id":370208,"date":"2023-02-07T10:30:00","date_gmt":"2023-02-07T13:30:00","guid":{"rendered":"https:\/\/notinor.com\/jujuy\/?p=370208"},"modified":"2023-02-06T19:55:16","modified_gmt":"2023-02-06T22:55:16","slug":"una-comitiva-del-fmi-llego-a-buenos-aires-para-negociar-con-el-gobierno-el-proximo-desembolso","status":"publish","type":"post","link":"https:\/\/notinor.com\/jujuy\/una-comitiva-del-fmi-llego-a-buenos-aires-para-negociar-con-el-gobierno-el-proximo-desembolso\/","title":{"rendered":"Una comitiva del FMI lleg\u00f3 a Buenos Aires para negociar con el Gobierno el pr\u00f3ximo desembolso"},"content":{"rendered":"\n<p class=\"has-medium-font-size\"><strong>Un grupo de funcionarios t\u00e9cnicos sostendr\u00e1n reuniones desde esta semana con el Ministerio de Econom\u00eda y el Banco Central. El costo de la guerra, la sequ\u00eda y las \u00faltimas medidas<\/strong>.<\/p>\n\n\n<div class=\"wp-block-image\">\n<figure class=\"aligncenter size-large\"><img decoding=\"async\" loading=\"lazy\" width=\"720\" height=\"480\" src=\"https:\/\/notinor.com\/jujuy\/wp-content\/uploads\/2023\/02\/image-114-720x480.png\" alt=\"\" class=\"wp-image-370209\" srcset=\"https:\/\/notinor.com\/jujuy\/wp-content\/uploads\/2023\/02\/image-114-720x480.png 720w, https:\/\/notinor.com\/jujuy\/wp-content\/uploads\/2023\/02\/image-114-548x365.png 548w, https:\/\/notinor.com\/jujuy\/wp-content\/uploads\/2023\/02\/image-114-768x512.png 768w, https:\/\/notinor.com\/jujuy\/wp-content\/uploads\/2023\/02\/image-114-750x500.png 750w, https:\/\/notinor.com\/jujuy\/wp-content\/uploads\/2023\/02\/image-114.png 992w\" sizes=\"(max-width: 720px) 100vw, 720px\" \/><\/figure><\/div>\n\n\n<p><strong>Un grupo de funcionarios del\u00a0Fondo Monetario Internacional (FMI)\u00a0lleg\u00f3 a Buenos Aires para acelerar esta semana la negociaci\u00f3n por el pr\u00f3ximo\u00a0desembolso<\/strong>, <strong>previsto para marzo, por USD\u00a05.400 millones<\/strong>. En esa mesa de discusi\u00f3n, adem\u00e1s de la revisi\u00f3n de cumplimiento de\u00a0<strong>metas<\/strong>, aparecen otros temas que los t\u00e9cnicos del FMI miran con atenci\u00f3n: el impacto de la<strong>\u00a0sequ\u00eda<\/strong>\u00a0y los \u00faltimos meses de pol\u00edtica econ\u00f3mica como la\u00a0<strong>recompra de deuda<\/strong>, entre ellos, adem\u00e1s del debate que busca reflotar<strong>\u00a0Sergio Massa\u00a0<\/strong>sobre el costo de la\u00a0<strong>guerra<\/strong>\u00a0en Ucrania en las cuentas p\u00fablicas.<\/p>\n\n\n\n<p>El equipo econ\u00f3mico mantuvo en los \u00faltimos d\u00edas la primera instancia de ida y vuelta con el staff del Fondo Monetario de manera virtual, seg\u00fan explicaron fuentes oficiales a&nbsp;<strong>Infobae<\/strong>, y desde esta semana la arena de&nbsp;<strong>negociaci\u00f3n t\u00e9cnica<\/strong>&nbsp;se trasladar\u00e1 a Buenos Aires. En el Palacio de Hacienda evitan hablar de una&nbsp;<strong>\u201cmisi\u00f3n\u201d<\/strong>&nbsp;propiamente dicha, como se suele llamar a las comitivas que entablan los pasos formales y elaboran un informe final para elevar al directorio tras un comunicado p\u00fablico.<\/p>\n\n\n\n<p>Este tipo de reuniones, de car\u00e1cter m\u00e1s preliminar, suele tener en cambio un perfil mucho&nbsp;<strong>m\u00e1s bajo<\/strong>. Los emisarios del Fondo Monetario comenzar\u00e1n&nbsp;<strong>este lunes&nbsp;<\/strong>con los primeros contactos presenciales con miembros del equipo de Massa y con los del Banco Central. En paralelo, el Ministerio de Econom\u00eda contin\u00faa con la negociaci\u00f3n con un grupo de entidades financieras y fondos soberanos para concretar un&nbsp;<strong>pr\u00e9stamo Repo<\/strong>, que podr\u00eda ser de unos<strong>&nbsp;USD 1.500 millones<\/strong>.<\/p>\n\n\n\n<p>Por el lado argentino, las conversaciones son encabezadas por el jefe de asesores del Ministerio de Econom\u00eda,\u00a0<strong>Leonardo Madcur<\/strong>, uno de los funcionarios con v\u00ednculo directo con el staff del organismo.<\/p>\n\n\n<div class=\"wp-block-image\">\n<figure class=\"aligncenter size-large\"><img decoding=\"async\" loading=\"lazy\" width=\"720\" height=\"480\" src=\"https:\/\/notinor.com\/jujuy\/wp-content\/uploads\/2023\/02\/image-116-720x480.png\" alt=\"\" class=\"wp-image-370211\" srcset=\"https:\/\/notinor.com\/jujuy\/wp-content\/uploads\/2023\/02\/image-116-720x480.png 720w, https:\/\/notinor.com\/jujuy\/wp-content\/uploads\/2023\/02\/image-116-548x365.png 548w, https:\/\/notinor.com\/jujuy\/wp-content\/uploads\/2023\/02\/image-116-768x512.png 768w, https:\/\/notinor.com\/jujuy\/wp-content\/uploads\/2023\/02\/image-116-750x500.png 750w, https:\/\/notinor.com\/jujuy\/wp-content\/uploads\/2023\/02\/image-116.png 992w\" sizes=\"(max-width: 720px) 100vw, 720px\" \/><\/figure><\/div>\n\n\n<p>Tambi\u00e9n remarcaron que \u201ces muy importante que las metas de pol\u00edticas del programa con el FMI se alcancen, tanto en el lado fiscal como el monetario, que ayudar\u00e1n a anclar la inflaci\u00f3n hacia adelante y estabilizar la econom\u00eda del pa\u00eds\u201d, en palabras del economista jefe del Fondo,&nbsp;<strong>Pierre Olivier Gourinchas<\/strong>.<\/p>\n\n\n\n<h2>Metas, sequ\u00eda y guerra: la agenda con el Fondo<\/h2>\n\n\n\n<p>Las reuniones con los funcionarios del Fondo versar\u00e1n sobre las \u00faltimas metas de fin de 2022 pero tambi\u00e9n sobre las \u00faltimas medidas econ\u00f3micas como la&nbsp;<strong>recompra de bonos&nbsp;<\/strong>en d\u00f3lares que comenz\u00f3 hace tres semanas. Si ese reporte consigue el respaldo del directorio, en los \u00faltimos d\u00edas de marzo el Gobierno ser\u00e1 acreedor de esos<strong>&nbsp;USD 5.400 millones<\/strong>.<\/p>\n\n\n\n<p>El 2023 ser\u00e1 un a\u00f1o en que deber\u00e1n egresar hacia el FMI m\u00e1s divisas de las que ingresen por desembolsos, al rev\u00e9s de lo que sucedi\u00f3 en 2022. Ese diferencial negativo ser\u00eda de unos\u00a0<strong>USD 3.400 millones<\/strong>\u00a0de acuerdo a c\u00e1lculos de la consultora Equilibra.<\/p>\n\n\n\n<p>La devoluci\u00f3n del pr\u00e9stamo Stand By al FMI representar\u00e1 este a\u00f1o un&nbsp;<strong>45% de las reservas<\/strong>&nbsp;brutas del Banco Central, seg\u00fan el m\u00e9todo de c\u00e1lculo que hizo el propio organismo. Tambi\u00e9n ser\u00e1 equivalente al&nbsp;<strong>3,3% del PBI<\/strong>&nbsp;y al<strong>&nbsp;21% de las exportaciones<\/strong>&nbsp;de bienes y servicios. Como comparaci\u00f3n: en 2024 el total a repagarle al Fondo ser\u00e1 igual al 15% del nivel actual de reservas, al 1,2% del PBI y al 7,5% de las ventas externas.<\/p>\n\n\n\n<p>El sistema de metas anuales de 2023 prev\u00e9 que el d\u00e9ficit fiscal primario pase desde 2,4% del PBI hasta&nbsp;<strong>1,9% del PBI<\/strong>, con un techo de emisi\u00f3n monetaria para asistir al Tesoro de&nbsp;<strong>0,6% del PBI<\/strong>. Sobre este \u00faltimo punto, los primeros tres meses del a\u00f1o tendr\u00e1n como<strong>&nbsp;techo<\/strong>&nbsp;para la financiaci\u00f3n del d\u00e9ficit unos&nbsp;<strong>$139.000 millones<\/strong>, cerca de un sexto del tope nominal de todo el a\u00f1o, que es de $883.000 millones. Tambi\u00e9n deber\u00e1 acumular USD 550 millones y un l\u00edmite de rojo primario de $441.000 millones.<\/p>\n\n\n\n<p>La pol\u00edtica econ\u00f3mica de los \u00faltimos meses tambi\u00e9n formar\u00e1 parte de la discusi\u00f3n con el staff. El Gobierno hab\u00eda dejado trascender que el anuncio de la\u00a0<strong>recompra de bonos<\/strong>\u00a0en d\u00f3lares con recursos del Tesoro \u201csobrantes\u201d tras el sobrecumplimiento de la meta fiscal no fue objetada por el organismo.<\/p>\n\n\n<div class=\"wp-block-image\">\n<figure class=\"aligncenter size-large\"><img decoding=\"async\" loading=\"lazy\" width=\"720\" height=\"480\" src=\"https:\/\/notinor.com\/jujuy\/wp-content\/uploads\/2023\/02\/image-117-720x480.png\" alt=\"\" class=\"wp-image-370212\" srcset=\"https:\/\/notinor.com\/jujuy\/wp-content\/uploads\/2023\/02\/image-117-720x480.png 720w, https:\/\/notinor.com\/jujuy\/wp-content\/uploads\/2023\/02\/image-117-548x365.png 548w, https:\/\/notinor.com\/jujuy\/wp-content\/uploads\/2023\/02\/image-117-768x512.png 768w, https:\/\/notinor.com\/jujuy\/wp-content\/uploads\/2023\/02\/image-117-750x500.png 750w, https:\/\/notinor.com\/jujuy\/wp-content\/uploads\/2023\/02\/image-117.png 992w\" sizes=\"(max-width: 720px) 100vw, 720px\" \/><\/figure><\/div>\n\n\n<p>La semana anterior,&nbsp;<strong>Nigel Chalk<\/strong>, subdirector del departamento del Hemisferio Occidental del FMI y uno de los supervisores del acuerdo con la Argentina, mencion\u00f3 que \u201cel equipo ha estado trabajando con las autoridades argentinas sobre este plan con la recompra de deuda, primero sobre la escala de esto, c\u00f3mo est\u00e1 siendo operado y luego sobre c\u00f3mo se ajusta al programa. Tenemos metas de reservas en el programa\u201d, mencion\u00f3 en una entrevista con&nbsp;<em>Reuters.<\/em><\/p>\n\n\n\n<p>Tambi\u00e9n aparecer\u00e1 en la mesa de negociaci\u00f3n una cuesti\u00f3n que retom\u00f3 recientemente&nbsp;<strong>Sergio Massa<\/strong>: el costo que tuvo para las cuentas p\u00fablicas la guerra en Ucrania y de qu\u00e9 manera impact\u00f3 en el desarrollo del acuerdo con el FMI. Para el equipo econ\u00f3mico la guerra en Ucrania impact\u00f3 de manera negativa en la balanza comercial por unos&nbsp;<strong>USD 4.940 millones<\/strong>, seg\u00fan la estimaci\u00f3n que Massa le acerc\u00f3 a Georgieva, por la combinaci\u00f3n de mayores precios internacionales de la energ\u00eda (importada) y una compensaci\u00f3n insuficiente de la suba en alimentos (exportados).<\/p>\n\n\n\n<p>El equipo econ\u00f3mico proyect\u00f3 adem\u00e1s que hubo un&nbsp;<strong>impacto fiscal<\/strong>&nbsp;como consecuencia del conflicto b\u00e9lico, que estuvo relacionado a un incremento forzado en la cuenta de subsidios. De acuerdo al equipo econ\u00f3mico, esa cuenta adicional de subvenciones represent\u00f3&nbsp;<strong>$587.000 millones<\/strong>&nbsp;adicionales.<\/p>\n\n\n\n<p>La sequ\u00eda tambi\u00e9n aparece como un tema de preocupaci\u00f3n central para el FMI. En conversaciones previas, seg\u00fan se pudo saber, <strong>los t\u00e9cnicos le manifestaron a los funcionarios argentinos la incertidumbre del organismo sobre qu\u00e9 efecto podr\u00eda tener la sequ\u00eda en la acumulaci\u00f3n de reservas<\/strong>.<\/p>\n\n\n\n<p>\u201cLa intensificaci\u00f3n de la<strong>&nbsp;sequ\u00eda&nbsp;<\/strong>en curso podr\u00eda reducir las exportaciones agr\u00edcolas y las entradas de divisas, avivando la inflaci\u00f3n y poniendo en peligro los objetivos del programa. Los riesgos de implementaci\u00f3n del programa siguen siendo elevados dada la muy compleja situaci\u00f3n econ\u00f3mica, social y pol\u00edtica interna\u201d, mencion\u00f3 en su \u00faltimo staff report.<\/p>\n\n\n\n<p>La consecuencia central que tendr\u00eda la seca ser\u00eda la de<strong> reducir el flujo de ingreso de divisas netas a las reservas<\/strong>, lo que disparar\u00eda, seg\u00fan la hip\u00f3tesis del Fondo, distintas consecuencias en la macro.<\/p>\n","protected":false},"excerpt":{"rendered":"<p>Un grupo de funcionarios t\u00e9cnicos sostendr\u00e1n reuniones desde esta semana con el Ministerio de Econom\u00eda y el Banco Central. El costo de la guerra, la sequ\u00eda y las \u00faltimas medidas. Un grupo de funcionarios del\u00a0Fondo Monetario Internacional (FMI)\u00a0lleg\u00f3 a Buenos Aires para acelerar esta semana la negociaci\u00f3n por el pr\u00f3ximo\u00a0desembolso, previsto para marzo, por USD\u00a05.400 [&hellip;]<\/p>\n","protected":false},"author":37,"featured_media":370212,"comment_status":"open","ping_status":"open","sticky":false,"template":"","format":"standard","meta":{"_stopmodifiedupdate":false,"_modified_date":"","inline_featured_image":false,"spay_email":"","jetpack_publicize_message":""},"categories":[676],"tags":[696,1302,1300],"jetpack_featured_media_url":"https:\/\/notinor.com\/jujuy\/wp-content\/uploads\/2023\/02\/image-117.png","jetpack_publicize_connections":[],"_links":{"self":[{"href":"https:\/\/notinor.com\/jujuy\/wp-json\/wp\/v2\/posts\/370208"}],"collection":[{"href":"https:\/\/notinor.com\/jujuy\/wp-json\/wp\/v2\/posts"}],"about":[{"href":"https:\/\/notinor.com\/jujuy\/wp-json\/wp\/v2\/types\/post"}],"author":[{"embeddable":true,"href":"https:\/\/notinor.com\/jujuy\/wp-json\/wp\/v2\/users\/37"}],"replies":[{"embeddable":true,"href":"https:\/\/notinor.com\/jujuy\/wp-json\/wp\/v2\/comments?post=370208"}],"version-history":[{"count":1,"href":"https:\/\/notinor.com\/jujuy\/wp-json\/wp\/v2\/posts\/370208\/revisions"}],"predecessor-version":[{"id":370213,"href":"https:\/\/notinor.com\/jujuy\/wp-json\/wp\/v2\/posts\/370208\/revisions\/370213"}],"wp:featuredmedia":[{"embeddable":true,"href":"https:\/\/notinor.com\/jujuy\/wp-json\/wp\/v2\/media\/370212"}],"wp:attachment":[{"href":"https:\/\/notinor.com\/jujuy\/wp-json\/wp\/v2\/media?parent=370208"}],"wp:term":[{"taxonomy":"category","embeddable":true,"href":"https:\/\/notinor.com\/jujuy\/wp-json\/wp\/v2\/categories?post=370208"},{"taxonomy":"post_tag","embeddable":true,"href":"https:\/\/notinor.com\/jujuy\/wp-json\/wp\/v2\/tags?post=370208"}],"curies":[{"name":"wp","href":"https:\/\/api.w.org\/{rel}","templated":true}]}}