{"id":369774,"date":"2023-02-02T08:27:00","date_gmt":"2023-02-02T11:27:00","guid":{"rendered":"https:\/\/notinor.com\/jujuy\/?p=369774"},"modified":"2023-02-02T08:58:21","modified_gmt":"2023-02-02T11:58:21","slug":"villazon-quiroz-paulina","status":"publish","type":"post","link":"https:\/\/notinor.com\/jujuy\/villazon-quiroz-paulina\/","title":{"rendered":"VILLAZON QUIROZ, Paulina"},"content":{"rendered":"\n<p><strong> Falleci\u00f3 el d\u00eda 01 de febrero de 2023, a hs. 10:55, a la edad de 90 a\u00f1os. Sus hijos: Aida Ferrufino, Magdalena Ferrufino, Andrea Ferrufino, Esteban Ferrufino, Jos\u00e9 Villaz\u00f3n, Rosa Villaz\u00f3n y Jonas Chac\u00f3n; sus hijos pol\u00edticos: Roberto Corval\u00e1n y Ramiro Nina; su hermana: Casimira Villaz\u00f3n; sus sobrinos; sus primos; sus nietos; sus bisnietos; sus tataranietos y dem\u00e1s familiares comunican que sus restos mortales ser\u00e1n inhumados hoy 02 de febrero a hs. 15:00 en el cementerio parque El Solar. Casa de duelo Puna 1031 B\u00b0 San Pedrito. Servicio Previsi\u00f3n Social SRL,. Avda. Hip\u00f3lito Irigoyen 1250. Tel. 0388 4222492 S.S de Jujuy.<\/strong><\/p>\n","protected":false},"excerpt":{"rendered":"<p>Falleci\u00f3 el d\u00eda 01 de febrero de 2023, a hs. 10:55, a la edad de 90 a\u00f1os. Sus hijos: Aida Ferrufino, Magdalena Ferrufino, Andrea Ferrufino, Esteban Ferrufino, Jos\u00e9 Villaz\u00f3n, Rosa Villaz\u00f3n y Jonas Chac\u00f3n; sus hijos pol\u00edticos: Roberto Corval\u00e1n y Ramiro Nina; su hermana: Casimira Villaz\u00f3n; sus sobrinos; sus primos; sus nietos; sus bisnietos; sus [&hellip;]<\/p>\n","protected":false},"author":5,"featured_media":129720,"comment_status":"open","ping_status":"open","sticky":false,"template":"","format":"standard","meta":{"_stopmodifiedupdate":false,"_modified_date":"","inline_featured_image":false,"spay_email":"","jetpack_publicize_message":""},"categories":[523],"tags":[],"jetpack_featured_media_url":"https:\/\/notinor.com\/jujuy\/wp-content\/uploads\/2017\/08\/Obituarios1.jpg","jetpack_publicize_connections":[],"_links":{"self":[{"href":"https:\/\/notinor.com\/jujuy\/wp-json\/wp\/v2\/posts\/369774"}],"collection":[{"href":"https:\/\/notinor.com\/jujuy\/wp-json\/wp\/v2\/posts"}],"about":[{"href":"https:\/\/notinor.com\/jujuy\/wp-json\/wp\/v2\/types\/post"}],"author":[{"embeddable":true,"href":"https:\/\/notinor.com\/jujuy\/wp-json\/wp\/v2\/users\/5"}],"replies":[{"embeddable":true,"href":"https:\/\/notinor.com\/jujuy\/wp-json\/wp\/v2\/comments?post=369774"}],"version-history":[{"count":1,"href":"https:\/\/notinor.com\/jujuy\/wp-json\/wp\/v2\/posts\/369774\/revisions"}],"predecessor-version":[{"id":369775,"href":"https:\/\/notinor.com\/jujuy\/wp-json\/wp\/v2\/posts\/369774\/revisions\/369775"}],"wp:featuredmedia":[{"embeddable":true,"href":"https:\/\/notinor.com\/jujuy\/wp-json\/wp\/v2\/media\/129720"}],"wp:attachment":[{"href":"https:\/\/notinor.com\/jujuy\/wp-json\/wp\/v2\/media?parent=369774"}],"wp:term":[{"taxonomy":"category","embeddable":true,"href":"https:\/\/notinor.com\/jujuy\/wp-json\/wp\/v2\/categories?post=369774"},{"taxonomy":"post_tag","embeddable":true,"href":"https:\/\/notinor.com\/jujuy\/wp-json\/wp\/v2\/tags?post=369774"}],"curies":[{"name":"wp","href":"https:\/\/api.w.org\/{rel}","templated":true}]}}